{"id":12958,"date":"2019-08-03T07:20:33","date_gmt":"2019-08-03T07:20:33","guid":{"rendered":"http:\/\/www.iceagetv.com\/radiosite\/?p=12958"},"modified":"2019-08-03T07:20:39","modified_gmt":"2019-08-03T07:20:39","slug":"crash-dans-le-gard-le-tracker-lavion-qui-sest-ecrase-hier-en-fin-dapres-midi-devait-etre-retire-du-service-il-y-a-10-ans-selon-un-rapport-du-senat","status":"publish","type":"post","link":"https:\/\/www.iceagetv.com\/radiosite\/crash-dans-le-gard-le-tracker-lavion-qui-sest-ecrase-hier-en-fin-dapres-midi-devait-etre-retire-du-service-il-y-a-10-ans-selon-un-rapport-du-senat\/","title":{"rendered":"Crash dans le Gard : Le Tracker, l&rsquo;avion qui s&rsquo;est \u00e9cras\u00e9 hier en fin d&rsquo;apr\u00e8s-midi devait \u00eatre retir\u00e9 du service il y a 10 ans selon un rapport du S\u00e9nat"},"content":{"rendered":"\n<p>Le pilote d&rsquo;un bombardier d&rsquo;eau a perdu la vie vendredi dans la chute de son appareil alors qu&rsquo;il luttait contre les incendies de G\u00e9n\u00e9rac (Gard), o\u00f9 pr\u00e8s de 800 hectares de bois, de garrigues et de vignes ont br\u00fbl\u00e9 depuis mardi. Le drame a eu lieu \u00e0 17H20, a pr\u00e9cis\u00e9 un communiqu\u00e9 de la pr\u00e9fecture du Gard. Et une enqu\u00eate judiciaire a d&rsquo;ores et d\u00e9j\u00e0 \u00e9t\u00e9 ouverte, sous l&rsquo;autorit\u00e9 du procureur de la R\u00e9publique de N\u00eemes Eric Maurel, qui s&rsquo;est d\u00e9plac\u00e9 sur les lieux. De m\u00eame une enqu\u00eate de s\u00e9curit\u00e9 a \u00e9t\u00e9 ouverte par le Bureau enqu\u00eates accidents.<\/p>\n\n\n\n<p>La flotte a\u00e9rienne de la s\u00e9curit\u00e9 civile disposait pour cette saison 2019 de 26 avions, parmi lesquels on retrouvait avant l&rsquo;accident de vendredi huit avions Tracker. Ces derniers sont des bombardiers d&rsquo;eau et le plus petit mod\u00e8le des appareils permettant de lutter contre les incendies.<\/p>\n\n\n\n<p>Achet\u00e9s dans les ann\u00e9es 1980, ils \u00e9taient initialement construits comme avions de lutte anti-sous-marine avant d&rsquo;\u00eatre transform\u00e9s en bombardiers d&rsquo;eau par la soci\u00e9t\u00e9 canadienne Conair Aviation.<\/p>\n\n\n\n<p><strong>Ces avions de \u00ab conception ancienne \u00bb comme le d\u00e9crit le S\u00e9nat dans un autre rapport publi\u00e9 en 2006 , devaient \u00eatre retir\u00e9s du service en 2008.<\/strong><\/p>\n\n\n\n<p>Un retard de plus de dix ans, expliqu\u00e9 par la mise en place d&rsquo;un programme de r\u00e9vision technique de grande ampleur qui a \u00e9t\u00e9 lanc\u00e9 afin de les maintenir en activit\u00e9 jusqu&rsquo;en 2020 rappelle le Parisien.<\/p>\n\n\n\n<p>Un rapport du S\u00e9nat de mars 2012 sur l&rsquo;avenir de la flotte a\u00e9rienne de la s\u00e9curit\u00e9 civile estimait que la \u00ab limite \u00bb de vie des Trackers \u00e9tait initialement pr\u00e9vue entre 2016 et 2020. En outre, ces avions g\u00e9n\u00e8rent aujourd&rsquo;hui \u00ab des surco\u00fbts de maintenance, car certaines pi\u00e8ces ne sont plus produites.<\/p>\n\n\n\n<p>Le remplacement de ces appareils est donc apparu comme une priorit\u00e9 \u00e0 court terme \u00bb, insiste le texte.<\/p>\n","protected":false},"excerpt":{"rendered":"<p>Le pilote d&rsquo;un bombardier d&rsquo;eau a perdu la vie vendredi dans la chute de son appareil alors qu&rsquo;il luttait contre les incendies de G\u00e9n\u00e9rac (Gard), o\u00f9 pr\u00e8s de 800 hectares de bois, de garrigues et de vignes ont br\u00fbl\u00e9 depuis mardi. Le drame a eu lieu \u00e0 17H20, a pr\u00e9cis\u00e9 un communiqu\u00e9 de la pr\u00e9fecture [&hellip;]<\/p>\n","protected":false},"author":2,"featured_media":12959,"comment_status":"open","ping_status":"open","sticky":false,"template":"","format":"standard","meta":{"_jetpack_memberships_contains_paid_content":false,"footnotes":"","jetpack_publicize_message":"","jetpack_publicize_feature_enabled":true,"jetpack_social_post_already_shared":true,"jetpack_social_options":{"image_generator_settings":{"template":"highway","default_image_id":0,"font":"","enabled":false},"version":2},"_wpas_customize_per_network":false},"categories":[405],"tags":[],"class_list":["post-12958","post","type-post","status-publish","format-standard","has-post-thumbnail","hentry","category-actu-france-monde"],"jetpack_publicize_connections":[],"jetpack_featured_media_url":"https:\/\/i0.wp.com\/www.iceagetv.com\/radiosite\/wp-content\/uploads\/2019\/08\/Crash-dans-le-Gard.jpg?fit=969%2C422&ssl=1","jetpack_sharing_enabled":true,"_links":{"self":[{"href":"https:\/\/www.iceagetv.com\/radiosite\/wp-json\/wp\/v2\/posts\/12958","targetHints":{"allow":["GET"]}}],"collection":[{"href":"https:\/\/www.iceagetv.com\/radiosite\/wp-json\/wp\/v2\/posts"}],"about":[{"href":"https:\/\/www.iceagetv.com\/radiosite\/wp-json\/wp\/v2\/types\/post"}],"author":[{"embeddable":true,"href":"https:\/\/www.iceagetv.com\/radiosite\/wp-json\/wp\/v2\/users\/2"}],"replies":[{"embeddable":true,"href":"https:\/\/www.iceagetv.com\/radiosite\/wp-json\/wp\/v2\/comments?post=12958"}],"version-history":[{"count":1,"href":"https:\/\/www.iceagetv.com\/radiosite\/wp-json\/wp\/v2\/posts\/12958\/revisions"}],"predecessor-version":[{"id":12960,"href":"https:\/\/www.iceagetv.com\/radiosite\/wp-json\/wp\/v2\/posts\/12958\/revisions\/12960"}],"wp:featuredmedia":[{"embeddable":true,"href":"https:\/\/www.iceagetv.com\/radiosite\/wp-json\/wp\/v2\/media\/12959"}],"wp:attachment":[{"href":"https:\/\/www.iceagetv.com\/radiosite\/wp-json\/wp\/v2\/media?parent=12958"}],"wp:term":[{"taxonomy":"category","embeddable":true,"href":"https:\/\/www.iceagetv.com\/radiosite\/wp-json\/wp\/v2\/categories?post=12958"},{"taxonomy":"post_tag","embeddable":true,"href":"https:\/\/www.iceagetv.com\/radiosite\/wp-json\/wp\/v2\/tags?post=12958"}],"curies":[{"name":"wp","href":"https:\/\/api.w.org\/{rel}","templated":true}]}}