{"id":12982,"date":"2019-08-06T09:37:47","date_gmt":"2019-08-06T09:37:47","guid":{"rendered":"http:\/\/www.iceagetv.com\/radiosite\/?p=12982"},"modified":"2019-08-06T09:37:54","modified_gmt":"2019-08-06T09:37:54","slug":"var-un-maire-meurt-renverse-par-un-fourgon-apres-setre-oppose-a-un-depot-illegal-de-gravats","status":"publish","type":"post","link":"https:\/\/www.iceagetv.com\/radiosite\/var-un-maire-meurt-renverse-par-un-fourgon-apres-setre-oppose-a-un-depot-illegal-de-gravats\/","title":{"rendered":"Var: Un maire meurt renvers\u00e9 par un fourgon apr\u00e8s s&rsquo;\u00eatre oppos\u00e9 \u00e0 un d\u00e9p\u00f4t ill\u00e9gal de gravats"},"content":{"rendered":"\n<p>Le&nbsp;<a href=\"https:\/\/www.20minutes.fr\/dossier\/maire\">maire<\/a>&nbsp;de Signes (&nbsp;<a href=\"https:\/\/www.20minutes.fr\/societe\/var\/\">Var<\/a>), Jean-Mathieu Michel, a \u00e9t\u00e9 renvers\u00e9 par un fourgon venu d\u00e9poser ill\u00e9galement des gravats sur un chemin priv\u00e9 de la commune lundi. Il est d\u00e9c\u00e9d\u00e9 \u00e0 la suite du choc violent, comme le rapporte&nbsp;<a href=\"https:\/\/www.francebleu.fr\/infos\/faits-divers-justice\/le-maire-de-signes-decede-dans-des-conditions-tragiques-1565024789\" target=\"_blank\" rel=\"noreferrer noopener\">France Bleu Var<\/a>.<br><br>Elu de la ville depuis 1983, il \u00e9tait intervenu alors que les deux hommes du fourgon d\u00e9chargeaient&nbsp;les gravats. Le maire de 76 ans les a convaincus de repartir, ce qu\u2019ils ont fait, mais en quittant les lieux, le v\u00e9hicule aurait violemment percut\u00e9 Jean-Mathieu Michel, qui n\u2019a pas surv\u00e9cu.&nbsp;Une enqu\u00eate, confi\u00e9e \u00e0 la compagnie de gendarmerie de La Valette, a \u00e9t\u00e9 ouverte afin de d\u00e9terminer s\u2019il s\u2019agit d\u2019un&nbsp;<a href=\"https:\/\/www.20minutes.fr\/dossier\/homicide\">acte volontaire<\/a>. Le conducteur du fourgon et le passager ont \u00e9t\u00e9 plac\u00e9s en garde \u00e0 vue.<\/p>\n\n\n\n<h2 class=\"wp-block-heading\">\u00ab&nbsp;Mort dans l\u2019accomplissement de son mandat&nbsp;\u00bb<\/h2>\n\n\n\n<p>Les drapeaux sont en berne ce mardi dans 153\u00a0communes du Var pour rendre hommage au maire d\u00e9c\u00e9d\u00e9, a indiqu\u00e9 le pr\u00e9sident de l\u2019Association des maires du Var, Jean-Pierre V\u00e9ran, \u00ab\u00a0effondr\u00e9\u00a0\u00bb par ce d\u00e9c\u00e8s.<br>Le maire de\u00a0<a href=\"https:\/\/www.20minutes.fr\/dossier\/toulon\">Toulon<\/a>, Hubert Falco, a \u00e9galement rendu hommage \u00e0 l\u2019\u00e9dile dans un tweet\u00a0:\u00a0\u00ab\u00a0Les mots me manquent pour exprimer ce que je ressens. Jean-Mathieu Michel est mort dans l\u2019accomplissement de son mandat, par amour de sa commune et du service public, par amour de la R\u00e9publique.\u00a0\u00bb<\/p>\n","protected":false},"excerpt":{"rendered":"<p>Le&nbsp;maire&nbsp;de Signes (&nbsp;Var), Jean-Mathieu Michel, a \u00e9t\u00e9 renvers\u00e9 par un fourgon venu d\u00e9poser ill\u00e9galement des gravats sur un chemin priv\u00e9 de la commune lundi. Il est d\u00e9c\u00e9d\u00e9 \u00e0 la suite du choc violent, comme le rapporte&nbsp;France Bleu Var. Elu de la ville depuis 1983, il \u00e9tait intervenu alors que les deux hommes du fourgon d\u00e9chargeaient&nbsp;les [&hellip;]<\/p>\n","protected":false},"author":2,"featured_media":12983,"comment_status":"open","ping_status":"open","sticky":false,"template":"","format":"standard","meta":{"_jetpack_memberships_contains_paid_content":false,"footnotes":"","jetpack_publicize_message":"","jetpack_publicize_feature_enabled":true,"jetpack_social_post_already_shared":true,"jetpack_social_options":{"image_generator_settings":{"template":"highway","default_image_id":0,"font":"","enabled":false},"version":2},"_wpas_customize_per_network":false},"categories":[405],"tags":[],"class_list":["post-12982","post","type-post","status-publish","format-standard","has-post-thumbnail","hentry","category-actu-france-monde"],"jetpack_publicize_connections":[],"jetpack_featured_media_url":"https:\/\/i0.wp.com\/www.iceagetv.com\/radiosite\/wp-content\/uploads\/2019\/08\/Le-maire-de-Signes-Var.jpg?fit=640%2C410&ssl=1","jetpack_sharing_enabled":true,"_links":{"self":[{"href":"https:\/\/www.iceagetv.com\/radiosite\/wp-json\/wp\/v2\/posts\/12982","targetHints":{"allow":["GET"]}}],"collection":[{"href":"https:\/\/www.iceagetv.com\/radiosite\/wp-json\/wp\/v2\/posts"}],"about":[{"href":"https:\/\/www.iceagetv.com\/radiosite\/wp-json\/wp\/v2\/types\/post"}],"author":[{"embeddable":true,"href":"https:\/\/www.iceagetv.com\/radiosite\/wp-json\/wp\/v2\/users\/2"}],"replies":[{"embeddable":true,"href":"https:\/\/www.iceagetv.com\/radiosite\/wp-json\/wp\/v2\/comments?post=12982"}],"version-history":[{"count":1,"href":"https:\/\/www.iceagetv.com\/radiosite\/wp-json\/wp\/v2\/posts\/12982\/revisions"}],"predecessor-version":[{"id":12984,"href":"https:\/\/www.iceagetv.com\/radiosite\/wp-json\/wp\/v2\/posts\/12982\/revisions\/12984"}],"wp:featuredmedia":[{"embeddable":true,"href":"https:\/\/www.iceagetv.com\/radiosite\/wp-json\/wp\/v2\/media\/12983"}],"wp:attachment":[{"href":"https:\/\/www.iceagetv.com\/radiosite\/wp-json\/wp\/v2\/media?parent=12982"}],"wp:term":[{"taxonomy":"category","embeddable":true,"href":"https:\/\/www.iceagetv.com\/radiosite\/wp-json\/wp\/v2\/categories?post=12982"},{"taxonomy":"post_tag","embeddable":true,"href":"https:\/\/www.iceagetv.com\/radiosite\/wp-json\/wp\/v2\/tags?post=12982"}],"curies":[{"name":"wp","href":"https:\/\/api.w.org\/{rel}","templated":true}]}}