{"id":12988,"date":"2019-08-06T15:31:16","date_gmt":"2019-08-06T15:31:16","guid":{"rendered":"http:\/\/www.iceagetv.com\/radiosite\/?p=12988"},"modified":"2019-08-06T15:31:24","modified_gmt":"2019-08-06T15:31:24","slug":"la-vigilance-orange-aux-orages-est-etendue-a-20-departements-du-tarn-et-garonne-au-bas-rhin","status":"publish","type":"post","link":"https:\/\/www.iceagetv.com\/radiosite\/la-vigilance-orange-aux-orages-est-etendue-a-20-departements-du-tarn-et-garonne-au-bas-rhin\/","title":{"rendered":"la vigilance orange aux orages est \u00e9tendue \u00e0 20 d\u00e9partements, du Tarn-et-Garonne au Bas-Rhin"},"content":{"rendered":"\n<p>Apr\u00e8s une matin\u00e9e calme, la prudence sera de mise dans le centre-est de la France. Vingt d\u00e9partements ont \u00e9t\u00e9 plac\u00e9s en vigilance orange aux orages par&nbsp;<a href=\"http:\/\/vigilance.meteofrance.com\/Bulletin_nat.html?dept=france&amp;b=\" target=\"_blank\" rel=\"noreferrer noopener\">M\u00e9t\u00e9o France<\/a>, mardi 6 ao\u00fbt.&nbsp;<\/p>\n\n\n\n<p>Il s&rsquo;agit de l&rsquo;Ain, de l&rsquo;Aveyron, du Cantal, du Doubs, de l&rsquo;Is\u00e8re, du Jura, de la Loire, la Haute-Loire, du Lot, de la Loz\u00e8re, du Puy-de-D\u00f4me, du Bas-Rhin, du Haut-Rhin , du Rh\u00f4ne, de la Haute-Sa\u00f4ne, de la Sa\u00f4ne-et-Loire, de la Haute-Savoie, du Tarn-et-Garonne, des Vosges et du Territoire de Belfort.\u00a0<\/p>\n\n\n\n<p>Dans ces d\u00e9partements, la&nbsp;<em>\u00ab\u00a0situation fortement orageuse\u00a0\u00bb&nbsp;<\/em>n\u00e9cessite<em>&nbsp;\u00ab\u00a0une attention particuli\u00e8re dans la mesure o\u00f9 il existe un risque important de ph\u00e9nom\u00e8nes violents\u00a0\u00bb,&nbsp;<\/em>indique M\u00e9t\u00e9o France.&nbsp;Des orages localement violents vont se multiplier depuis la Haute-Loire, le Puy-de-D\u00f4me et la Sa\u00f4ne-et-Loire puis s&rsquo;\u00e9tendre assez rapidement en direction de la Suisse et de l&rsquo;Allemagne. Dans ces zones, de la gr\u00eale est attendue ainsi que&nbsp;des rafales de vent pouvant d\u00e9passer 80 \u00e0 100 km\/h.&nbsp;<\/p>\n\n\n\n<h2 class=\"wp-block-heading\">Jusqu&rsquo;\u00e0 40 millim\u00e8tres de pluie en quelques heures<\/h2>\n\n\n\n<p>Une am\u00e9lioration sensible aura lieu en cours de nuit avec la fin des orages les plus forts.&nbsp;Mais une nouvelle aggravation orageuse d\u00e9butera d\u00e8s la seconde partie de la nuit par le sud de l&rsquo;Aquitaine, se renfor\u00e7ant sur le nord du Midi-Pyr\u00e9n\u00e9es, une partie du Massif Central et en Rh\u00f4ne-Alpes. Les rafales de vent sous orages devraient \u00eatre moins fortes que lors de l&rsquo;\u00e9pisode de mardi&nbsp;soir, mais 30 \u00e0 40 millim\u00e8tres de pluie sont attendues en quelques heures, ainsi que de la gr\u00eale. L&rsquo;\u00e9pisode se terminera en fin de matin\u00e9e.<\/p>\n","protected":false},"excerpt":{"rendered":"<p>Apr\u00e8s une matin\u00e9e calme, la prudence sera de mise dans le centre-est de la France. Vingt d\u00e9partements ont \u00e9t\u00e9 plac\u00e9s en vigilance orange aux orages par&nbsp;M\u00e9t\u00e9o France, mardi 6 ao\u00fbt.&nbsp; Il s&rsquo;agit de l&rsquo;Ain, de l&rsquo;Aveyron, du Cantal, du Doubs, de l&rsquo;Is\u00e8re, du Jura, de la Loire, la Haute-Loire, du Lot, de la Loz\u00e8re, du [&hellip;]<\/p>\n","protected":false},"author":2,"featured_media":12989,"comment_status":"open","ping_status":"open","sticky":false,"template":"","format":"standard","meta":{"_jetpack_memberships_contains_paid_content":false,"footnotes":"","jetpack_publicize_message":"","jetpack_publicize_feature_enabled":true,"jetpack_social_post_already_shared":true,"jetpack_social_options":{"image_generator_settings":{"template":"highway","default_image_id":0,"font":"","enabled":false},"version":2},"_wpas_customize_per_network":false},"categories":[14],"tags":[],"class_list":["post-12988","post","type-post","status-publish","format-standard","has-post-thumbnail","hentry","category-actu-meteo"],"jetpack_publicize_connections":[],"jetpack_featured_media_url":"https:\/\/i0.wp.com\/www.iceagetv.com\/radiosite\/wp-content\/uploads\/2019\/08\/la-vigilance-orange-aux-orages-est-%C3%A9tendue-%C3%A0-20-d%C3%A9partements.jpg?fit=1200%2C450&ssl=1","jetpack_sharing_enabled":true,"_links":{"self":[{"href":"https:\/\/www.iceagetv.com\/radiosite\/wp-json\/wp\/v2\/posts\/12988","targetHints":{"allow":["GET"]}}],"collection":[{"href":"https:\/\/www.iceagetv.com\/radiosite\/wp-json\/wp\/v2\/posts"}],"about":[{"href":"https:\/\/www.iceagetv.com\/radiosite\/wp-json\/wp\/v2\/types\/post"}],"author":[{"embeddable":true,"href":"https:\/\/www.iceagetv.com\/radiosite\/wp-json\/wp\/v2\/users\/2"}],"replies":[{"embeddable":true,"href":"https:\/\/www.iceagetv.com\/radiosite\/wp-json\/wp\/v2\/comments?post=12988"}],"version-history":[{"count":1,"href":"https:\/\/www.iceagetv.com\/radiosite\/wp-json\/wp\/v2\/posts\/12988\/revisions"}],"predecessor-version":[{"id":12990,"href":"https:\/\/www.iceagetv.com\/radiosite\/wp-json\/wp\/v2\/posts\/12988\/revisions\/12990"}],"wp:featuredmedia":[{"embeddable":true,"href":"https:\/\/www.iceagetv.com\/radiosite\/wp-json\/wp\/v2\/media\/12989"}],"wp:attachment":[{"href":"https:\/\/www.iceagetv.com\/radiosite\/wp-json\/wp\/v2\/media?parent=12988"}],"wp:term":[{"taxonomy":"category","embeddable":true,"href":"https:\/\/www.iceagetv.com\/radiosite\/wp-json\/wp\/v2\/categories?post=12988"},{"taxonomy":"post_tag","embeddable":true,"href":"https:\/\/www.iceagetv.com\/radiosite\/wp-json\/wp\/v2\/tags?post=12988"}],"curies":[{"name":"wp","href":"https:\/\/api.w.org\/{rel}","templated":true}]}}