{"id":12994,"date":"2019-08-07T08:39:05","date_gmt":"2019-08-07T08:39:05","guid":{"rendered":"http:\/\/www.iceagetv.com\/radiosite\/?p=12994"},"modified":"2019-08-07T08:39:11","modified_gmt":"2019-08-07T08:39:11","slug":"apres-la-mort-dun-maire-a-signes-des-senateurs-lancent-une-consultation-pour-evaluer-leur-insecurite","status":"publish","type":"post","link":"https:\/\/www.iceagetv.com\/radiosite\/apres-la-mort-dun-maire-a-signes-des-senateurs-lancent-une-consultation-pour-evaluer-leur-insecurite\/","title":{"rendered":"Apr\u00e8s la mort d&rsquo;un maire \u00e0 Signes, des s\u00e9nateurs lancent une consultation pour \u00e9valuer leur ins\u00e9curit\u00e9"},"content":{"rendered":"\n<p>La commission des lois du S\u00e9nat lance une consultation sur les violences auxquelles sont confront\u00e9s les maires apr\u00e8s la mort, lundi 5 ao\u00fbt,&nbsp;<a href=\"https:\/\/www.francetvinfo.fr\/faits-divers\/var-le-maire-de-signes-est-mort-renverse-par-un-fourgon-qui-venait-deposer-illegalement-des-gravats_3566485.html\" target=\"_blank\" rel=\"noreferrer noopener\">de l&rsquo;\u00e9dile&nbsp;de Signes<\/a>&nbsp;(Var) dans l&rsquo;exercice de ses fonctions. Cet \u00e9v\u00e9nement met en lumi\u00e8re&nbsp;<em>\u00ab\u00a0l&rsquo;ins\u00e9curit\u00e9 \u00e0 laquelle les maires peuvent \u00eatre confront\u00e9s dans l&rsquo;exercice de leurs missions quotidiennes\u00a0\u00bb<\/em>, \u00e9crit la commission dans un&nbsp;<a href=\"http:\/\/www.senat.fr\/presse\/cp20190806.html\" target=\"_blank\" rel=\"noreferrer noopener\">communiqu\u00e9<\/a>&nbsp;diffus\u00e9 mardi.<\/p>\n\n\n\n<p>Plusieursd&rsquo;entre eux<em>&nbsp;\u00ab\u00a0rencontrent des ph\u00e9nom\u00e8nes d&rsquo;incivilit\u00e9s et subissent des mises en cause injustifi\u00e9es. Certains ont fait l&rsquo;objet de menaces, voire d&rsquo;atteintes \u00e0 leur int\u00e9grit\u00e9 physique\u00a0\u00bb<\/em>, poursuit-elle.&nbsp;Le maire de Signes, Jean Michel, a \u00e9t\u00e9 renvers\u00e9 par une camionnette dont il voulait verbaliser les occupants pour avoir jet\u00e9 des gravats au bord de la route.<\/p>\n\n\n\n<p>En liaison avec l&rsquo;Association des maires de France, la commission des lois va lancer la semaine prochaine une consultation<em>&nbsp;\u00ab\u00a0aupr\u00e8s de tous les maires de France afin de mettre au jour les risques auxquels ils sont confront\u00e9s dans l&rsquo;exercice de leurs fonctions\u00a0\u00bb<\/em>. Un questionnaire, doubl\u00e9 d&rsquo;une consultation en ligne sur le site du S\u00e9nat, leur sera adress\u00e9.&nbsp;Elle examinera ensuite&nbsp;<em>\u00ab\u00a0le plan d&rsquo;action n\u00e9cessaire\u00a0\u00bb<\/em>&nbsp;pour que les maires puissent exercer leurs fonctions&nbsp;<em>\u00ab\u00a0dans des conditions qui pr\u00e9servent leur s\u00e9curit\u00e9 et la dignit\u00e9 de leur mandat\u00a0\u00bb<\/em>.A LIRE AUSSI\n\n<\/p>\n","protected":false},"excerpt":{"rendered":"<p>La commission des lois du S\u00e9nat lance une consultation sur les violences auxquelles sont confront\u00e9s les maires apr\u00e8s la mort, lundi 5 ao\u00fbt,&nbsp;de l&rsquo;\u00e9dile&nbsp;de Signes&nbsp;(Var) dans l&rsquo;exercice de ses fonctions. Cet \u00e9v\u00e9nement met en lumi\u00e8re&nbsp;\u00ab\u00a0l&rsquo;ins\u00e9curit\u00e9 \u00e0 laquelle les maires peuvent \u00eatre confront\u00e9s dans l&rsquo;exercice de leurs missions quotidiennes\u00a0\u00bb, \u00e9crit la commission dans un&nbsp;communiqu\u00e9&nbsp;diffus\u00e9 mardi. Plusieursd&rsquo;entre [&hellip;]<\/p>\n","protected":false},"author":2,"featured_media":12995,"comment_status":"open","ping_status":"open","sticky":false,"template":"","format":"standard","meta":{"_jetpack_memberships_contains_paid_content":false,"footnotes":"","jetpack_publicize_message":"","jetpack_publicize_feature_enabled":true,"jetpack_social_post_already_shared":true,"jetpack_social_options":{"image_generator_settings":{"template":"highway","default_image_id":0,"font":"","enabled":false},"version":2},"_wpas_customize_per_network":false},"categories":[405],"tags":[],"class_list":["post-12994","post","type-post","status-publish","format-standard","has-post-thumbnail","hentry","category-actu-france-monde"],"jetpack_publicize_connections":[],"jetpack_featured_media_url":"https:\/\/i0.wp.com\/www.iceagetv.com\/radiosite\/wp-content\/uploads\/2019\/08\/Apr%C3%A8s-la-mort-dun-maire-%C3%A0-Signes.jpg?fit=1178%2C450&ssl=1","jetpack_sharing_enabled":true,"_links":{"self":[{"href":"https:\/\/www.iceagetv.com\/radiosite\/wp-json\/wp\/v2\/posts\/12994","targetHints":{"allow":["GET"]}}],"collection":[{"href":"https:\/\/www.iceagetv.com\/radiosite\/wp-json\/wp\/v2\/posts"}],"about":[{"href":"https:\/\/www.iceagetv.com\/radiosite\/wp-json\/wp\/v2\/types\/post"}],"author":[{"embeddable":true,"href":"https:\/\/www.iceagetv.com\/radiosite\/wp-json\/wp\/v2\/users\/2"}],"replies":[{"embeddable":true,"href":"https:\/\/www.iceagetv.com\/radiosite\/wp-json\/wp\/v2\/comments?post=12994"}],"version-history":[{"count":1,"href":"https:\/\/www.iceagetv.com\/radiosite\/wp-json\/wp\/v2\/posts\/12994\/revisions"}],"predecessor-version":[{"id":12996,"href":"https:\/\/www.iceagetv.com\/radiosite\/wp-json\/wp\/v2\/posts\/12994\/revisions\/12996"}],"wp:featuredmedia":[{"embeddable":true,"href":"https:\/\/www.iceagetv.com\/radiosite\/wp-json\/wp\/v2\/media\/12995"}],"wp:attachment":[{"href":"https:\/\/www.iceagetv.com\/radiosite\/wp-json\/wp\/v2\/media?parent=12994"}],"wp:term":[{"taxonomy":"category","embeddable":true,"href":"https:\/\/www.iceagetv.com\/radiosite\/wp-json\/wp\/v2\/categories?post=12994"},{"taxonomy":"post_tag","embeddable":true,"href":"https:\/\/www.iceagetv.com\/radiosite\/wp-json\/wp\/v2\/tags?post=12994"}],"curies":[{"name":"wp","href":"https:\/\/api.w.org\/{rel}","templated":true}]}}