{"id":13009,"date":"2019-08-08T15:11:24","date_gmt":"2019-08-08T15:11:24","guid":{"rendered":"http:\/\/www.iceagetv.com\/radiosite\/?p=13009"},"modified":"2019-08-08T15:11:32","modified_gmt":"2019-08-08T15:11:32","slug":"le-realisateur-jean-pierre-mocky-est-decede-a-lage-de-86-ans-il-se-definissait-comme-le-dernier-pamphletaire-du-cinema-francais","status":"publish","type":"post","link":"https:\/\/www.iceagetv.com\/radiosite\/le-realisateur-jean-pierre-mocky-est-decede-a-lage-de-86-ans-il-se-definissait-comme-le-dernier-pamphletaire-du-cinema-francais\/","title":{"rendered":"Le r\u00e9alisateur Jean-Pierre Mocky est d\u00e9c\u00e9d\u00e9 \u00e0 l&rsquo;\u00e2ge de 86 ans &#8211; Il se d\u00e9finissait comme \u00ab\u00a0le dernier pamphl\u00e9taire du cin\u00e9ma fran\u00e7ais\u00a0\u00bb"},"content":{"rendered":"\n<p>Le r\u00e9alisateur Jean-Pierre Mocky est d\u00e9c\u00e9d\u00e9 \u00e0 l&rsquo;\u00e2ge de 86 ans vient d&rsquo;annoncer sa famille. Une histoire agit\u00e9e avec le cin\u00e9ma comme le raconte le propre site du r\u00e9alisateur. Jean-Pierre Mocky, de son vrai nom Jean-Paul Adam Mokiejewski, est n\u00e9 le 6 juillet 1933 \u00e0 Nice \u00e0 la clinique Santa Maria, 12, boulevard Tsar\u00e9vitch. Son p\u00e8re avait invent\u00e9 une perceuse de tranch\u00e9es pendant la guerre qui portait le nom de son concepteur : Mokiejewski, pour abr\u00e9ger elle fut appel\u00e9e la Moky. Son grand-p\u00e8re avait quitt\u00e9 la Tch\u00e9tch\u00e9nie pour s&rsquo;installer \u00e0 Varsovie. Son p\u00e8re, naturalis\u00e9 polonais, est entr\u00e9 dans l&rsquo;arm\u00e9e.&nbsp;Sa m\u00e8re, Janine Zylinska, \u00e9tait elle d&rsquo;une famille catholique polonaise.<\/p>\n\n\n\n<p>Il changera plus tard son nom en y retenant que les deux premi\u00e8res syllabes et en y ajoutant un C (pour avoir un nom en 5 lettres et que cela lui porte chance).<\/p>\n\n\n\n<p>Le changement de pr\u00e9nom de Jean-Paul Adam \u00e0 Jean-Paul est d\u00fb \u00e0 Jean-Paul Belmondo pour \u00e9viter de lui faire concurrence.<\/p>\n\n\n\n<p>Fin 1942 Sa date de naissance fut modifi\u00e9e \u00e0 1929 sur les registres de l&rsquo;\u00e9tat civil, fin 1942, par un parrain de Mocky, adjoint au maire de Nice, pour le sauver de la d\u00e9portation, \u00e9tant fils d&rsquo;un juif polonais.<\/p>\n\n\n\n<p>En effet, son \u00e2ge devait \u00eatre avanc\u00e9 de 4 ans pour lui permettre de prendre un bateau pour l&rsquo;Alg\u00e9rie, b\u00e2teau qu &lsquo;il ne prit d&rsquo;ailleurs pas. A la lib\u00e9ration, il monte \u00e0 Paris.<\/p>\n\n\n\n<p>L&rsquo;\u00e9t\u00e9, il devient petit mac sur la c\u00f4te d&rsquo;Azur o\u00f9 engag\u00e9 comme plagiste sur la plage du Carlton, il s&rsquo; arrange pour mettre en contact quelques filles avec des vieux messieurs.<\/p>\n\n\n\n<p>En 1942, il fait de la figuration dans \u00ab\u00a0Les visiteurs du soir\u00a0\u00bb de Marcel Carn\u00e9 aupr\u00e8s de Simone Signoret et Mouloudji. Il est, en 1945, le plus jeune bachelier de France. Il suit les cours du conservatoire (dans la classe d&rsquo;Henri Rollan et de Louis Jouvet).<\/p>\n\n\n\n<p>A dix-huit ans, il monte d\u00e9j\u00e0, au th\u00e9\u00e2tre, aussi bien des pi\u00e8ces de Feydeau que de Cocteau.<\/p>\n\n\n\n<p>Apr\u00e8s des \u00e9tudes de droit et divers petits r\u00f4les, Jean-Pierre Mocky se fait remarquer par Pierre Fresnay qui l\u2019engage pour tenir le r\u00f4le d&rsquo;Hippolyte dans un Ph\u00e8dre modernis\u00e9. Puis, il se retrouve au Conservatoire \u00e0 suivre les cours de Louis Jouvet avec Jean Rochefort, Jean-Pierre Marielle et Jean-Paul Belmondo.<\/p>\n\n\n\n<p>Il d\u00e9bute au cin\u00e9ma en interpr\u00e9tant le po\u00e8te d&rsquo;Orphee de Jean Cocteau (1949). Puis, il part en Italie o\u00f9 il devient l&rsquo;assistant de Fellini (pour La strada) et de Visconti (pour Senso) et joue des petits r\u00f4les dans quelques films italiens.<\/p>\n\n\n\n<p>En 1958, Jean-Pierre Mocky \u00e9crit le sc\u00e9nario de LA T\u00c8TE CONTRE LES MURS, d&rsquo;apr\u00e8s un roman d&rsquo;Herv\u00e9 Bazin et s&rsquo;appr\u00eate \u00e0 le porter lui-m\u00eame \u00e0 l&rsquo;\u00e9cran. Au dernier moment, les producteurs effray\u00e9s par sa jeunesse, l&rsquo;obligent \u00e0 confier la mise en sc\u00e8ne \u00e0 un cin\u00e9aste plus \u00e2g\u00e9, Georges Franju. Il devra se contenter de tenir le r\u00f4le principal, aux c\u00f4t\u00e9s de Charles Aznavour.<\/p>\n\n\n\n<p>L&rsquo;ann\u00e9e suivante, prenant sa revanche, il \u00e9crit et met en sc\u00e8ne LES DRAGUEURS. Cruel et m\u00e9lancolique, le film est un succ\u00e8s. Le mot \u00a0\u00bb dragueur \u00a0\u00bb passe dans la langue.<\/p>\n\n\n\n<p>Apr\u00e8s LES DRAGUEURS, Mocky d\u00e9cide d&rsquo;\u00eatre son propre producteur, en fondant une soci\u00e9t\u00e9 , Balzac Films, du nom de la rue o\u00f9 il poss\u00e9dait deux petits studios.<\/p>\n\n\n\n<p>A l&rsquo;\u00e9poque, il vit avec V\u00e9ronique Nordey, qui tenait un petit r\u00f4le dans LA T\u00c8TE CONTRE LES MURS, il l&rsquo;associe \u00e0 ses projets et \u00e0 la pr\u00e9paration de ses tournages. Ils resteront ensemble seize ans, ils auront un fils Stanilas Nordey (qui deviendra plus tard metteur en sc\u00e8ne de th\u00e9\u00e2tre puis directeur du th\u00e9\u00e2tre G\u00e9rard-Philipe, \u00e0 Saint-Denis de 1998 \u00e0 2001).<\/p>\n","protected":false},"excerpt":{"rendered":"<p>Le r\u00e9alisateur Jean-Pierre Mocky est d\u00e9c\u00e9d\u00e9 \u00e0 l&rsquo;\u00e2ge de 86 ans vient d&rsquo;annoncer sa famille. Une histoire agit\u00e9e avec le cin\u00e9ma comme le raconte le propre site du r\u00e9alisateur. Jean-Pierre Mocky, de son vrai nom Jean-Paul Adam Mokiejewski, est n\u00e9 le 6 juillet 1933 \u00e0 Nice \u00e0 la clinique Santa Maria, 12, boulevard Tsar\u00e9vitch. Son [&hellip;]<\/p>\n","protected":false},"author":2,"featured_media":13010,"comment_status":"open","ping_status":"open","sticky":false,"template":"","format":"standard","meta":{"_jetpack_memberships_contains_paid_content":false,"footnotes":"","jetpack_publicize_message":"","jetpack_publicize_feature_enabled":true,"jetpack_social_post_already_shared":true,"jetpack_social_options":{"image_generator_settings":{"template":"highway","default_image_id":0,"font":"","enabled":false},"version":2},"_wpas_customize_per_network":false},"categories":[68],"tags":[],"class_list":["post-13009","post","type-post","status-publish","format-standard","has-post-thumbnail","hentry","category-actu-culturelle"],"jetpack_publicize_connections":[],"jetpack_featured_media_url":"https:\/\/i0.wp.com\/www.iceagetv.com\/radiosite\/wp-content\/uploads\/2019\/08\/Jean-Pierre-Mocky.jpg?fit=880%2C586&ssl=1","jetpack_sharing_enabled":true,"_links":{"self":[{"href":"https:\/\/www.iceagetv.com\/radiosite\/wp-json\/wp\/v2\/posts\/13009","targetHints":{"allow":["GET"]}}],"collection":[{"href":"https:\/\/www.iceagetv.com\/radiosite\/wp-json\/wp\/v2\/posts"}],"about":[{"href":"https:\/\/www.iceagetv.com\/radiosite\/wp-json\/wp\/v2\/types\/post"}],"author":[{"embeddable":true,"href":"https:\/\/www.iceagetv.com\/radiosite\/wp-json\/wp\/v2\/users\/2"}],"replies":[{"embeddable":true,"href":"https:\/\/www.iceagetv.com\/radiosite\/wp-json\/wp\/v2\/comments?post=13009"}],"version-history":[{"count":1,"href":"https:\/\/www.iceagetv.com\/radiosite\/wp-json\/wp\/v2\/posts\/13009\/revisions"}],"predecessor-version":[{"id":13011,"href":"https:\/\/www.iceagetv.com\/radiosite\/wp-json\/wp\/v2\/posts\/13009\/revisions\/13011"}],"wp:featuredmedia":[{"embeddable":true,"href":"https:\/\/www.iceagetv.com\/radiosite\/wp-json\/wp\/v2\/media\/13010"}],"wp:attachment":[{"href":"https:\/\/www.iceagetv.com\/radiosite\/wp-json\/wp\/v2\/media?parent=13009"}],"wp:term":[{"taxonomy":"category","embeddable":true,"href":"https:\/\/www.iceagetv.com\/radiosite\/wp-json\/wp\/v2\/categories?post=13009"},{"taxonomy":"post_tag","embeddable":true,"href":"https:\/\/www.iceagetv.com\/radiosite\/wp-json\/wp\/v2\/tags?post=13009"}],"curies":[{"name":"wp","href":"https:\/\/api.w.org\/{rel}","templated":true}]}}