{"id":13022,"date":"2019-08-18T09:18:18","date_gmt":"2019-08-18T09:18:18","guid":{"rendered":"http:\/\/www.iceagetv.com\/radiosite\/?p=13022"},"modified":"2019-08-18T09:18:24","modified_gmt":"2019-08-18T09:18:24","slug":"hauts-de-seine-un-incendie-ravage-le-marche-de-levallois-perret-90-personnes-evacuees","status":"publish","type":"post","link":"https:\/\/www.iceagetv.com\/radiosite\/hauts-de-seine-un-incendie-ravage-le-marche-de-levallois-perret-90-personnes-evacuees\/","title":{"rendered":"Hauts-de-Seine : un incendie ravage le march\u00e9 de Levallois-Perret, 90 personnes \u00e9vacu\u00e9es"},"content":{"rendered":"\n<p>Un\u00a0<a rel=\"noreferrer noopener\" href=\"https:\/\/www.francetvinfo.fr\/faits-divers\/incendie\/\" target=\"_blank\">incendie<\/a>\u00a0a ravag\u00e9 le march\u00e9 Henri-Barbusse de\u00a0<a rel=\"noreferrer noopener\" href=\"https:\/\/www.francetvinfo.fr\/france\/ile-de-france\/hauts-de-seine\/levallois-perret\/\" target=\"_blank\">Levallois-Perret<\/a>\u00a0(Haut-de-Seine), dans la nuit du samedi 17 au dimanche 18 ao\u00fbt, a affirm\u00e9 sur Twitter la premi\u00e8re adjointe au maire, Isabelle Balkany.<em>\u00a0\u00ab\u00a0Le march\u00e9 a enti\u00e8rement br\u00fbl\u00e9\u00a0\u00bb<\/em>, a d\u00e9plor\u00e9 l&rsquo;\u00e9pouse de Patrick Balkany aupr\u00e8s de franceinfo. Selon elle, 4\u00a0500\u00a0m\u00e8tres carr\u00e9s sont partis en fum\u00e9e au cours de cet incendie, qui a \u00e9t\u00e9 ma\u00eetris\u00e9 par plus de 160\u00a0pompiers. Isabelle Balkany a par ailleurs assur\u00e9 \u00e0 franceinfo que le feu n&rsquo;avait fait aucun bless\u00e9.<\/p>\n\n\n\n<p>Le march\u00e9 Henri-Barbusse est situ\u00e9 sous le Palais des Sports Gabriel-P\u00e9ri et un immeuble abritant une centaine de logements sociaux.<br>Selon Isabelle Balkany, 90\u00a0habitants ont donc d\u00fb \u00eatre \u00e9vacu\u00e9s et accueillis au Pavillon des F\u00eates.\u00a0<em>\u00ab\u00a0On est \u00e9pat\u00e9s par leur calme\u00a0\u00bb<\/em>, a r\u00e9agi la premi\u00e8re adjointe, qui se trouve avec les habitants. Elle a tenu \u00e0 saluer\u00a0<em>\u00ab\u00a0le boulot formidable de la police municipale et nationale, des pompiers et surtout de la protection civile\u00a0\u00bb<\/em>. Concernant l&rsquo;origine des flammes, il n&rsquo;y a pour l&rsquo;instant pas d&rsquo;informations.\u00a0<em>\u00ab\u00a0On ne sait pas si c&rsquo;est un incendie accidentel ou criminel\u00a0\u00bb<\/em>, a expliqu\u00e9 Isabelle Balkany.<\/p>\n\n\n\n<blockquote class=\"wp-block-quote is-layout-flow wp-block-quote-is-layout-flow\"><p><\/p><\/blockquote>\n","protected":false},"excerpt":{"rendered":"<p>Un\u00a0incendie\u00a0a ravag\u00e9 le march\u00e9 Henri-Barbusse de\u00a0Levallois-Perret\u00a0(Haut-de-Seine), dans la nuit du samedi 17 au dimanche 18 ao\u00fbt, a affirm\u00e9 sur Twitter la premi\u00e8re adjointe au maire, Isabelle Balkany.\u00a0\u00ab\u00a0Le march\u00e9 a enti\u00e8rement br\u00fbl\u00e9\u00a0\u00bb, a d\u00e9plor\u00e9 l&rsquo;\u00e9pouse de Patrick Balkany aupr\u00e8s de franceinfo. Selon elle, 4\u00a0500\u00a0m\u00e8tres carr\u00e9s sont partis en fum\u00e9e au cours de cet incendie, qui a [&hellip;]<\/p>\n","protected":false},"author":2,"featured_media":13023,"comment_status":"open","ping_status":"open","sticky":false,"template":"","format":"standard","meta":{"_jetpack_memberships_contains_paid_content":false,"footnotes":"","jetpack_publicize_message":"","jetpack_publicize_feature_enabled":true,"jetpack_social_post_already_shared":true,"jetpack_social_options":{"image_generator_settings":{"template":"highway","default_image_id":0,"font":"","enabled":false},"version":2},"_wpas_customize_per_network":false},"categories":[405],"tags":[],"class_list":["post-13022","post","type-post","status-publish","format-standard","has-post-thumbnail","hentry","category-actu-france-monde"],"jetpack_publicize_connections":[],"jetpack_featured_media_url":"https:\/\/i0.wp.com\/www.iceagetv.com\/radiosite\/wp-content\/uploads\/2019\/08\/un-incendie-ravage-le-march%C3%A9-de-Levallois-Perret.jpg?fit=1198%2C450&ssl=1","jetpack_sharing_enabled":true,"_links":{"self":[{"href":"https:\/\/www.iceagetv.com\/radiosite\/wp-json\/wp\/v2\/posts\/13022","targetHints":{"allow":["GET"]}}],"collection":[{"href":"https:\/\/www.iceagetv.com\/radiosite\/wp-json\/wp\/v2\/posts"}],"about":[{"href":"https:\/\/www.iceagetv.com\/radiosite\/wp-json\/wp\/v2\/types\/post"}],"author":[{"embeddable":true,"href":"https:\/\/www.iceagetv.com\/radiosite\/wp-json\/wp\/v2\/users\/2"}],"replies":[{"embeddable":true,"href":"https:\/\/www.iceagetv.com\/radiosite\/wp-json\/wp\/v2\/comments?post=13022"}],"version-history":[{"count":1,"href":"https:\/\/www.iceagetv.com\/radiosite\/wp-json\/wp\/v2\/posts\/13022\/revisions"}],"predecessor-version":[{"id":13024,"href":"https:\/\/www.iceagetv.com\/radiosite\/wp-json\/wp\/v2\/posts\/13022\/revisions\/13024"}],"wp:featuredmedia":[{"embeddable":true,"href":"https:\/\/www.iceagetv.com\/radiosite\/wp-json\/wp\/v2\/media\/13023"}],"wp:attachment":[{"href":"https:\/\/www.iceagetv.com\/radiosite\/wp-json\/wp\/v2\/media?parent=13022"}],"wp:term":[{"taxonomy":"category","embeddable":true,"href":"https:\/\/www.iceagetv.com\/radiosite\/wp-json\/wp\/v2\/categories?post=13022"},{"taxonomy":"post_tag","embeddable":true,"href":"https:\/\/www.iceagetv.com\/radiosite\/wp-json\/wp\/v2\/tags?post=13022"}],"curies":[{"name":"wp","href":"https:\/\/api.w.org\/{rel}","templated":true}]}}