{"id":13034,"date":"2019-08-20T11:55:21","date_gmt":"2019-08-20T11:55:21","guid":{"rendered":"http:\/\/www.iceagetv.com\/radiosite\/?p=13034"},"modified":"2019-08-20T11:55:28","modified_gmt":"2019-08-20T11:55:28","slug":"g7-a-biarritz-cinq-personnes-interpellees-soupconnees-de-vouloir-sen-prendre-aux-forces-de-lordre","status":"publish","type":"post","link":"https:\/\/www.iceagetv.com\/radiosite\/g7-a-biarritz-cinq-personnes-interpellees-soupconnees-de-vouloir-sen-prendre-aux-forces-de-lordre\/","title":{"rendered":"G7 \u00e0 Biarritz : cinq personnes interpell\u00e9es, soup\u00e7onn\u00e9es de vouloir s&rsquo;en prendre aux forces de l\u2019ordre"},"content":{"rendered":"\n<p>Alors que le&nbsp;<a href=\"https:\/\/www.francetvinfo.fr\/monde\/sommet-du-g7\/\" target=\"_blank\" rel=\"noreferrer noopener\">sommet du G7<\/a>&nbsp;s&rsquo;ouvrira dans quatre jours \u00e0 Biarritz, cinq personnes ont \u00e9t\u00e9 interpell\u00e9es lundi 19 ao\u00fbt, a appris franceinfo mardi 20 ao\u00fbt, confirmant une information de BFMTV. Elles mena\u00e7aient sur les r\u00e9seaux sociaux de s\u2019en prendre aux forces de l\u2019ordre en marge du sommet. Le principal suspect a \u00e9t\u00e9 interpell\u00e9 \u00e0 Tours (Indre-et-Loire). Il est poursuivi pour \u00ab\u00a0association de malfaiteurs en vue de commettre un d\u00e9lit\u00a0\u00bb, pr\u00e9cise la m\u00eame source.<\/p>\n\n\n\n<p><strong><a href=\"https:\/\/www.francetvinfo.fr\/monde\/sommet-du-g7\/unites-specialisees-armee-centre-de-retention-requisitionne-quel-sera-le-dispositif-deploye-pour-le-g7-a-biarritz_3582275.html\" target=\"_blank\" rel=\"noreferrer noopener\">&gt;&gt; Unit\u00e9s sp\u00e9cialis\u00e9es, arm\u00e9e, centre de r\u00e9tention r\u00e9quisitionn\u00e9\u2026 Quel sera le dispositif d\u00e9ploy\u00e9 pour le G7 \u00e0 Biarritz ?<\/a><\/strong><\/p>\n\n\n\n<p>Les cinq personnes interpell\u00e9es ont divulgu\u00e9 sur les r\u00e9seaux sociaux notamment les lieux o\u00f9 \u00e9taient cantonn\u00e9es des forces de l\u2019ordre, indique une source proche du dossier \u00e0 franceinfo et France&nbsp;2. Ils ont appel\u00e9 \u00e0 br\u00fbler leurs h\u00f4tels, pr\u00e9cise une autre source \u00e0 franceinfo. Les cinq personnes interpell\u00e9es sont en garde \u00e0 vue, mardi 20 ao\u00fbt, selon le parquet de Tours contact\u00e9 par franceinfo, qui ne souhaite faire \u00ab\u00a0aucun commentaire\u00a0\u00bb pour l&rsquo;instant.<\/p>\n\n\n\n<h2 class=\"wp-block-heading\">Pr\u00e8s de 12&nbsp;000 membres des forces de l&rsquo;ordre mobilis\u00e9s<\/h2>\n\n\n\n<p>Le sommet du G7 r\u00e9unira les dirigeants de sept pays, leurs d\u00e9l\u00e9gations ainsi que la presse internationale, du 24 au 26 ao\u00fbt prochain. Des violences au cours des&nbsp;<a href=\"https:\/\/www.francetvinfo.fr\/monde\/sommet-du-g7\/on-a-peur-que-les-black-blocs-cassent-le-magasin-hendaye-et-irun-se-preparent-a-accueillir-le-contre-sommet-du-g7_3581479.html\" target=\"_blank\" rel=\"noreferrer noopener\">manifestations des contestataires sont redout\u00e9es<\/a>, tout comme un afflux d&rsquo;arrestations des auteurs de violences.<\/p>\n\n\n\n<p>Pr\u00e8s de 12 000 membres des forces de l\u2019ordre seront mobilis\u00e9s pour&nbsp;<a href=\"https:\/\/www.francetvinfo.fr\/monde\/sommet-du-g7\/video-sommet-du-g7-a-biarritz-c-est-unfleau-pour-la-station-balneaire-estime-un-commercant_3582235.html\" target=\"_blank\" rel=\"noreferrer noopener\">assurer la s\u00e9curit\u00e9<\/a>. Raid, GIGN, \u00e9quipes cynophiles sp\u00e9cialis\u00e9es dans la d\u00e9tection d\u2019explosifs sont mobilis\u00e9s pour garantir la s\u00e9curit\u00e9 des dirigeants des sept pays. Le ministre de l&rsquo;int\u00e9rieur, Christophe Castaner, est attendu ce mardi apr\u00e8s-midi \u00e0 Biarritz pour pr\u00e9senter plus pr\u00e9cis\u00e9ment le dispositif de s\u00e9curit\u00e9 qui sera mis en place.<\/p>\n\n\n\n<p>Selon les informations de franceinfo, 44 compagnies de CRS et une cinquantaine d&rsquo;escadrons de gendarmes sont engag\u00e9s. En plus des forces mobiles, des unit\u00e9s sp\u00e9cialis\u00e9s sont mises \u00e0 contribution&nbsp;: police judiciaire, renseignement, raid ou encore service de protection des personnalit\u00e9s. Un dispositif anti-drones sera \u00e9galement mis en place.<\/p>\n\n\n\n<p>Le contre-sommet sera lui aussi sous haute-surveillance. Les anti-G7 organisent une grande manifestation samedi \u00e0 Hendaye. M\u00eame si ce rassemblement se veut pacifique, les autorit\u00e9s redoutent la pr\u00e9sence de black blocs et de&nbsp;<a href=\"https:\/\/www.francetvinfo.fr\/economie\/transports\/gilets-jaunes\/\" target=\"_blank\" rel=\"noreferrer noopener\">\u00ab\u00a0gilets jaunes\u00a0\u00bb<\/a>&nbsp;radicalis\u00e9s. Le dispositif judiciaire&nbsp;<a href=\"https:\/\/www.francetvinfo.fr\/monde\/sommet-du-g7\/lits-de-camps-pour-les-avocats-algeco-derriere-le-tribunal-une-mobilisation-exceptionnelle-de-la-justice-en-marge-du-g7_3582739.html\">a \u00e9galement \u00e9t\u00e9 renforc\u00e9<\/a>&nbsp;pour permettre un traitement sans accroc des possibles auteurs de m\u00e9faits.<\/p>\n","protected":false},"excerpt":{"rendered":"<p>Alors que le&nbsp;sommet du G7&nbsp;s&rsquo;ouvrira dans quatre jours \u00e0 Biarritz, cinq personnes ont \u00e9t\u00e9 interpell\u00e9es lundi 19 ao\u00fbt, a appris franceinfo mardi 20 ao\u00fbt, confirmant une information de BFMTV. Elles mena\u00e7aient sur les r\u00e9seaux sociaux de s\u2019en prendre aux forces de l\u2019ordre en marge du sommet. Le principal suspect a \u00e9t\u00e9 interpell\u00e9 \u00e0 Tours (Indre-et-Loire). [&hellip;]<\/p>\n","protected":false},"author":2,"featured_media":13035,"comment_status":"open","ping_status":"open","sticky":false,"template":"","format":"standard","meta":{"_jetpack_memberships_contains_paid_content":false,"footnotes":"","jetpack_publicize_message":"","jetpack_publicize_feature_enabled":true,"jetpack_social_post_already_shared":true,"jetpack_social_options":{"image_generator_settings":{"template":"highway","default_image_id":0,"font":"","enabled":false},"version":2},"_wpas_customize_per_network":false},"categories":[405],"tags":[],"class_list":["post-13034","post","type-post","status-publish","format-standard","has-post-thumbnail","hentry","category-actu-france-monde"],"jetpack_publicize_connections":[],"jetpack_featured_media_url":"https:\/\/i0.wp.com\/www.iceagetv.com\/radiosite\/wp-content\/uploads\/2019\/08\/G7-%C3%A0-Biarritz.jpg?fit=1196%2C450&ssl=1","jetpack_sharing_enabled":true,"_links":{"self":[{"href":"https:\/\/www.iceagetv.com\/radiosite\/wp-json\/wp\/v2\/posts\/13034","targetHints":{"allow":["GET"]}}],"collection":[{"href":"https:\/\/www.iceagetv.com\/radiosite\/wp-json\/wp\/v2\/posts"}],"about":[{"href":"https:\/\/www.iceagetv.com\/radiosite\/wp-json\/wp\/v2\/types\/post"}],"author":[{"embeddable":true,"href":"https:\/\/www.iceagetv.com\/radiosite\/wp-json\/wp\/v2\/users\/2"}],"replies":[{"embeddable":true,"href":"https:\/\/www.iceagetv.com\/radiosite\/wp-json\/wp\/v2\/comments?post=13034"}],"version-history":[{"count":1,"href":"https:\/\/www.iceagetv.com\/radiosite\/wp-json\/wp\/v2\/posts\/13034\/revisions"}],"predecessor-version":[{"id":13036,"href":"https:\/\/www.iceagetv.com\/radiosite\/wp-json\/wp\/v2\/posts\/13034\/revisions\/13036"}],"wp:featuredmedia":[{"embeddable":true,"href":"https:\/\/www.iceagetv.com\/radiosite\/wp-json\/wp\/v2\/media\/13035"}],"wp:attachment":[{"href":"https:\/\/www.iceagetv.com\/radiosite\/wp-json\/wp\/v2\/media?parent=13034"}],"wp:term":[{"taxonomy":"category","embeddable":true,"href":"https:\/\/www.iceagetv.com\/radiosite\/wp-json\/wp\/v2\/categories?post=13034"},{"taxonomy":"post_tag","embeddable":true,"href":"https:\/\/www.iceagetv.com\/radiosite\/wp-json\/wp\/v2\/tags?post=13034"}],"curies":[{"name":"wp","href":"https:\/\/api.w.org\/{rel}","templated":true}]}}