{"id":13046,"date":"2019-08-22T14:46:05","date_gmt":"2019-08-22T14:46:05","guid":{"rendered":"http:\/\/www.iceagetv.com\/radiosite\/?p=13046"},"modified":"2019-08-22T14:46:12","modified_gmt":"2019-08-22T14:46:12","slug":"accident-de-samer-la-fillette-de-18-mois-abandonnee-par-ses-parents-a-lhopital-est-decedee","status":"publish","type":"post","link":"https:\/\/www.iceagetv.com\/radiosite\/accident-de-samer-la-fillette-de-18-mois-abandonnee-par-ses-parents-a-lhopital-est-decedee\/","title":{"rendered":"Accident de Samer : la fillette de 18 mois abandonn\u00e9e par ses parents \u00e0 l&rsquo;h\u00f4pital est d\u00e9c\u00e9d\u00e9e"},"content":{"rendered":"\n<p>La fillette de 18 mois gri\u00e8vement bless\u00e9e dans l&rsquo;accident de Samer (pr\u00e8s de Boulognes-sur-mer dans le Pas-de-Calais) ce lundi, est d\u00e9c\u00e9d\u00e9 au CH de Lille la nuit derni\u00e8re. Elle \u00e9tait entre la vie et la mort depuis plusieurs jours.\u00a0<\/p>\n\n\n\n<p>Le parquet de Boulogne-sur-mer qui a confirm\u00e9 l&rsquo;information indique \u00e9galement que l&rsquo;\u00e9tat de sant\u00e9 de son fr\u00e8re, \u00e2g\u00e9 de 3 ans, s&rsquo;est d\u00e9grad\u00e9. Il souffre de l\u00e9sions c\u00e9r\u00e9brales qui pourraient entra\u00eener une h\u00e9mipl\u00e9gie. \u00ab\u00a0<em>Une expertise m\u00e9dicale devra le confirmer<\/em>\u00ab\u00a0, indique le parquet. Le troisi\u00e8me enfant \u00e2g\u00e9 de 4 ans est plus l\u00e9g\u00e8rement bless\u00e9.<\/p>\n\n\n\n<p>\n\nLa garde \u00e0 vue des parents, \u00e2g\u00e9s de 34 et 35 ans, va \u00eatre prolong\u00e9e de 24h et se terminera ce vendredi en fin de matin\u00e9e. Ils seront alors pr\u00e9sent\u00e9s \u00e0 un juge d&rsquo;instruction et \u00e9ventuellement plac\u00e9s en d\u00e9tention provisoire pour le chef de \u00ab\u00a0tentative d&rsquo;assassinat\u00a0\u00bb. Ils ne sont pour l&rsquo;instant entendus que pour ce volet de l&rsquo;affaire.<\/p>\n\n\n\n<p><a href=\"https:\/\/france3-regions.francetvinfo.fr\/hauts-de-france\/pas-calais\/boulogne-mer\/samer-heure-accident-pere-tente-poignarder-homme-boulogne-1712841.html\">Ils sont soup\u00e7onn\u00e9s d&rsquo;avoir poignard\u00e9 \u00e0 Boulogne-sur-Mer l&rsquo;ex-conjoint et amant de la femme<\/a>\u00a0peu avant l&rsquo;accident de la route. Selon la version du plaignant, l\u00e9g\u00e8rement bless\u00e9 au front, c&rsquo;est l&rsquo;homme qui aurait voulu\u00a0<em>\u00ab\u00a0se venger\u00a0\u00bb<\/em>\u00a0en le\u00a0<em>\u00ab\u00a0supprimant\u00a0\u00bb\u00a0<\/em>le suspectant notamment d&rsquo;\u00eatre le p\u00e8re de la fillette.<\/p>\n\n\n\n<p>\n\nLa garde \u00e0 vue concernant l&rsquo;accident lui-m\u00eame aura lieu ult\u00e9rieurement.&nbsp;Une heure apr\u00e8s l&rsquo;agression pr\u00e9sum\u00e9e, les parents et leurs trois enfants ont eu un accident : la voiture, conduite par la m\u00e8re non-titulaire du permis de conduire, a percut\u00e9 le mur de soubassement d&rsquo;un pont ferroviaire vers 20h00 \u00e0 Samer, \u00e0 une vingtaine de kilom\u00e8tres de Boulogne-sur-Mer.<\/p>\n\n\n\n<p>Le couple a quitt\u00e9 pr\u00e9cipitamment l&rsquo;h\u00f4pital dans la nuit de lundi \u00e0 mardi.&nbsp;Activement recherch\u00e9s depuis,&nbsp;<a href=\"https:\/\/france3-regions.francetvinfo.fr\/hauts-de-france\/pas-calais\/boulogne-mer\/accident-samer-parents-qui-ont-abandonne-leur-enfant-18-mois-hopital-ont-ete-interpelles-1712761.html\">ils ont \u00e9t\u00e9 interpell\u00e9s mercredi<\/a>, sans se rebeller, sur la voie publique \u00e0 Outreau \u00ab\u00a0<em>en \u00e9tat d&rsquo;\u00e9bri\u00e9t\u00e9<\/em>\u00ab\u00a0.<\/p>\n\n\n\n<p>Les r\u00e9sultats des prises de sang effectu\u00e9es apr\u00e8s l&rsquo;accident ne sont pas encore connus, mais le parquet a la \u00ab\u00a0quasi certitude\u00a0\u00bb qu&rsquo;ils se r\u00e9v\u00e9leront positifs \u00e0<br>l&rsquo;alcool.\n\n<\/p>\n","protected":false},"excerpt":{"rendered":"<p>La fillette de 18 mois gri\u00e8vement bless\u00e9e dans l&rsquo;accident de Samer (pr\u00e8s de Boulognes-sur-mer dans le Pas-de-Calais) ce lundi, est d\u00e9c\u00e9d\u00e9 au CH de Lille la nuit derni\u00e8re. Elle \u00e9tait entre la vie et la mort depuis plusieurs jours.\u00a0 Le parquet de Boulogne-sur-mer qui a confirm\u00e9 l&rsquo;information indique \u00e9galement que l&rsquo;\u00e9tat de sant\u00e9 de son [&hellip;]<\/p>\n","protected":false},"author":2,"featured_media":13047,"comment_status":"open","ping_status":"open","sticky":false,"template":"","format":"standard","meta":{"_jetpack_memberships_contains_paid_content":false,"footnotes":"","jetpack_publicize_message":"","jetpack_publicize_feature_enabled":true,"jetpack_social_post_already_shared":true,"jetpack_social_options":{"image_generator_settings":{"template":"highway","default_image_id":0,"font":"","enabled":false},"version":2},"_wpas_customize_per_network":false},"categories":[405],"tags":[],"class_list":["post-13046","post","type-post","status-publish","format-standard","has-post-thumbnail","hentry","category-actu-france-monde"],"jetpack_publicize_connections":[],"jetpack_featured_media_url":"https:\/\/i0.wp.com\/www.iceagetv.com\/radiosite\/wp-content\/uploads\/2019\/08\/Accident-de-Samer.jpg?fit=553%2C311&ssl=1","jetpack_sharing_enabled":true,"_links":{"self":[{"href":"https:\/\/www.iceagetv.com\/radiosite\/wp-json\/wp\/v2\/posts\/13046","targetHints":{"allow":["GET"]}}],"collection":[{"href":"https:\/\/www.iceagetv.com\/radiosite\/wp-json\/wp\/v2\/posts"}],"about":[{"href":"https:\/\/www.iceagetv.com\/radiosite\/wp-json\/wp\/v2\/types\/post"}],"author":[{"embeddable":true,"href":"https:\/\/www.iceagetv.com\/radiosite\/wp-json\/wp\/v2\/users\/2"}],"replies":[{"embeddable":true,"href":"https:\/\/www.iceagetv.com\/radiosite\/wp-json\/wp\/v2\/comments?post=13046"}],"version-history":[{"count":1,"href":"https:\/\/www.iceagetv.com\/radiosite\/wp-json\/wp\/v2\/posts\/13046\/revisions"}],"predecessor-version":[{"id":13048,"href":"https:\/\/www.iceagetv.com\/radiosite\/wp-json\/wp\/v2\/posts\/13046\/revisions\/13048"}],"wp:featuredmedia":[{"embeddable":true,"href":"https:\/\/www.iceagetv.com\/radiosite\/wp-json\/wp\/v2\/media\/13047"}],"wp:attachment":[{"href":"https:\/\/www.iceagetv.com\/radiosite\/wp-json\/wp\/v2\/media?parent=13046"}],"wp:term":[{"taxonomy":"category","embeddable":true,"href":"https:\/\/www.iceagetv.com\/radiosite\/wp-json\/wp\/v2\/categories?post=13046"},{"taxonomy":"post_tag","embeddable":true,"href":"https:\/\/www.iceagetv.com\/radiosite\/wp-json\/wp\/v2\/tags?post=13046"}],"curies":[{"name":"wp","href":"https:\/\/api.w.org\/{rel}","templated":true}]}}