{"id":13049,"date":"2019-08-22T14:48:02","date_gmt":"2019-08-22T14:48:02","guid":{"rendered":"http:\/\/www.iceagetv.com\/radiosite\/?p=13049"},"modified":"2019-08-22T14:48:07","modified_gmt":"2019-08-22T14:48:07","slug":"les-incendies-en-amazonie-sont-dus-a-lhomme-et-bolsonaro-est-sur-le-banc-des-accuses","status":"publish","type":"post","link":"https:\/\/www.iceagetv.com\/radiosite\/les-incendies-en-amazonie-sont-dus-a-lhomme-et-bolsonaro-est-sur-le-banc-des-accuses\/","title":{"rendered":"Les incendies en Amazonie sont dus \u00e0 l&rsquo;Homme et Bolsonaro est sur le banc des accus\u00e9s"},"content":{"rendered":"\n<p>BR\u00c9SIL &#8211; Pour faire avaler un mensonge, rien ne vaut une demi-v\u00e9rit\u00e9. Alors que les&nbsp;<a href=\"https:\/\/www.huffingtonpost.fr\/entry\/incendie-photos-fake_fr_5d5e403de4b0dfcbd4883292?utm_hp_ref=fr-homepage\">incendies en Amazonie<\/a>&nbsp;choquent le monde entier,&nbsp;<a href=\"https:\/\/www.huffingtonpost.fr\/news\/jair-bolsonaro\/\">Jair Bolsonaro<\/a>&nbsp;a affirm\u00e9 mercredi 21 ao\u00fbt que ces feux \u00e9taient pour certains d\u2019origine humaine. Puis le pr\u00e9sident d\u2019extr\u00eame droite du Br\u00e9sil a insinu\u00e9, sans aucune preuve, que des ONG pouvaient&nbsp;<a href=\"https:\/\/www.huffingtonpost.fr\/entry\/bolsonaro-incendie-amazonie-ong_fr_5d5da8b1e4b02cc97c87c055?utm_hp_ref=fr-homepage\">\u00eatre \u00e0 l\u2019origine de ces incendies<\/a>.<\/p>\n\n\n\n<p>Si cette derni\u00e8re accusation fleure bon le complotisme, la premi\u00e8re partie semble en tout cas valid\u00e9e par les faits. Le nombre d\u2019incendies r\u00e9pertori\u00e9 est en hausse importante alors qu\u2019il n\u2019y a pas de s\u00e9cheresse particuli\u00e8re cette ann\u00e9e. L\u2019homme serait donc en cause, mais plut\u00f4t via la d\u00e9forestation et la politique du nouveau gouvernement br\u00e9silien.<\/p>\n\n\n\n<p>\u201cIl n\u2019y a rien d\u2019anormal dans le climat ou les pluies de l\u2019Amazonie cette ann\u00e9e, qui se situent un petit peu en dessous de la moyenne\u201d, explique Alberto Setzer,&nbsp;chercheur \u00e0 l\u2019INPE -un centre de recherche national centr\u00e9 sur l\u2019espace et l\u2019analyse atmosph\u00e9rique-, dans une&nbsp;<a href=\"https:\/\/www.reuters.com\/article\/us-brazil-environment-wildfires\/amazon-burning-brazil-reports-record-forest-fires-idUSKCN1VA1UK\" target=\"_blank\" rel=\"noreferrer noopener\">interview<\/a>&nbsp;donn\u00e9e \u00e0 Reuters le 20 ao\u00fbt.<\/p>\n\n\n\n<p>\u201cLa saison s\u00e8che cr\u00e9e des conditions favorables pour l\u2019utilisation et la propagation de feux, mais l\u2019allumage est le travail d\u2019humains, que ce soit intentionnel ou accidentel\u201d, explique-t-il.<\/p>\n\n\n\n<h2 class=\"wp-block-heading\">Une hausse de 83% des incendies&#8230;<\/h2>\n\n\n\n<p>En effet, c\u2019est toujours \u00e0 partir du mois de juillet (et jusqu\u2019\u00e0 septembre-octobre) que les incendies se d\u00e9clarent en Amazonie. Le climat tropical prot\u00e8ge le reste du temps la for\u00eat.<\/p>\n\n\n\n<p>Pourtant, alors que nous sommes dans une ann\u00e9e normale pour l\u2019Amazonie, 72.843 feux ont \u00e9t\u00e9 d\u00e9tect\u00e9s par l\u2019INPE. Une hausse de 83% par rapport \u00e0 2018 et un record depuis le d\u00e9but des analyses depuis 2013. La Nasa, qui r\u00e9alise ses&nbsp;<a href=\"https:\/\/www.globalfiredata.org\/forecast.html#totals\" target=\"_blank\" rel=\"noreferrer noopener\">propres relev\u00e9s satellites<\/a>, estime elle que les chiffres sont similaires \u00e0 2016. Et moins pire que la p\u00e9riode 2003-2007, ou encore que l\u2019ann\u00e9e 2010.<\/p>\n\n\n\n<p>Mais comme le rappelle l\u2019agence am\u00e9ricaine, ces ann\u00e9es ont \u00e9t\u00e9 marqu\u00e9es par des&nbsp;<a href=\"https:\/\/www.nesdis.noaa.gov\/content\/fires-amazon-rainforest-seen-noaa-20\" target=\"_blank\" rel=\"noreferrer noopener\">s\u00e9cheresses majeures<\/a>, consid\u00e9r\u00e9es comme des \u00e9v\u00e9nements n\u2019arrivant en moyenne qu\u2019une fois par si\u00e8cle.<\/p>\n\n\n\n<p>Mais alors quelle activit\u00e9 humaine peut bien expliquer les incendies de 2019? Si les accusations de Jair Bolsonaro contre des ONG ne sont \u00e9tay\u00e9es, de pr\u00e8s ou de loin, d\u2019aucune preuve, des \u00e9l\u00e9ments factuels donnent des indices, qui devront \u00e9videmment \u00eatre valid\u00e9s par des analyses et enqu\u00eates.<\/p>\n\n\n\n<h2 class=\"wp-block-heading\">&#8230; et une hausse de 88% de la d\u00e9forestation<\/h2>\n\n\n\n<p>En juillet, les&nbsp;<a href=\"http:\/\/www.inpe.br\/noticias\/noticia.php?Cod_Noticia=5147\" target=\"_blank\" rel=\"noreferrer noopener\">donn\u00e9es<\/a>&nbsp;de l\u2019INPE ont montr\u00e9 une acc\u00e9l\u00e9ration de 88% de la d\u00e9forestation en 2019, par rapport \u00e0 2018. Sur le seul mois de juillet, la hausse est de 278%. En juillet, l\u2019\u00e9quivalent de&nbsp;<a href=\"https:\/\/qz.com\/1676400\/brazils-amazon-deforestation-accelerating-under-jair-bolsonaro\/\" target=\"_blank\" rel=\"noreferrer noopener\">trois terrains de football<\/a>&nbsp;de for\u00eat a \u00e9t\u00e9 ras\u00e9. Par seconde. Des chiffres que Bolsonaro a qualifi\u00e9s de \u201cmensonges\u201d, avant de tout simplement&nbsp;<a href=\"https:\/\/eos.org\/articles\/ousted-head-of-science-agency-criticizes-brazils-denial-of-deforestation-data\" target=\"_blank\" rel=\"noreferrer noopener\">limoger le directeur de l\u2019INPE<\/a>, l\u2019accusant (sans aucune preuve, encore une fois) d\u2019\u00eatre au service d\u2019une ONG.<\/p>\n\n\n\n<p>Or, la d\u00e9forestation est de mani\u00e8re g\u00e9n\u00e9rale une des causes principales des feux d\u00e9tect\u00e9s en Amazonie. Parfois comme mani\u00e8re ill\u00e9gale de d\u00e9fricher des zones de la for\u00eat vierge et faire fuir les peuples indig\u00e8nes, mais aussi afin de pr\u00e9parer une terre d\u00e9bois\u00e9e. \u201cIls coupent les arbres, laissent le bois s\u00e9cher sur place puis y mettent le feu plus tard, afin que les cendres fertilisent le sol\u201d,&nbsp;<a href=\"https:\/\/qz.com\/1692804\/fires-in-the-amazon-rainforests-were-likely-intentional\/\" target=\"_blank\" rel=\"noreferrer noopener\">explique<\/a>&nbsp;\u00e0&nbsp;<em>Quartz<\/em>&nbsp;Ane Alencar, directeur scientifique de l\u2019ONG br\u00e9silienne IPAM.<\/p>\n\n\n\n<p>Et justement, Jair Bolsonaro est accus\u00e9 d\u2019avoir encourag\u00e9 les exploitants \u00e0 acc\u00e9l\u00e9rer la d\u00e9forestation.&nbsp;<a href=\"https:\/\/www.bbc.com\/news\/world-latin-america-49415973\" target=\"_blank\" rel=\"noreferrer noopener\">Interrog\u00e9<\/a>&nbsp;par la BBC, Ricardo Mello, \u00e0 la t\u00eate du programme Amazonie du WWF, estime que les incendies sont \u201cla cons\u00e9quence de l\u2019augmentation de la d\u00e9forestation vue dans les derni\u00e8res donn\u00e9es\u201d.<\/p>\n\n\n\n<h2 class=\"wp-block-heading\">\u201cJour du feu\u201d<\/h2>\n\n\n\n<p>\u201cL\u2019explosion de la d\u00e9forestation peut \u00eatre attribu\u00e9e \u00e0 la fois aux changements dans les actions gouvernementales, telle la fin des inspections pour d\u00e9forestation ill\u00e9gale et des amendes pour ceux qui sont attrap\u00e9s, et \u00e0 la fois \u00e0 la rh\u00e9torique du pr\u00e9sident Bolsonaro et de ses ministres, notamment le ministre de l\u2019Environnement\u201d, affirme \u00e0&nbsp;<em>Newsweek<\/em>&nbsp;Phlip Fearnside, professeur \u00e0 l\u2019Institut national du Br\u00e9sil sur la recherche amazonienne.<\/p>\n\n\n\n<p>Le 10 ao\u00fbt, des fermiers en Amazonie auraient d\u00e9clar\u00e9 un \u201cjour du feu\u201d. Le nombre de d\u00e9parts de feu a \u00e9t\u00e9 multipli\u00e9 par 5 et 9 dans deux municipalit\u00e9s,&nbsp;<a href=\"https:\/\/www.huffingtonpost.fr\/cms\/entry\/5d5e6143e4b02cc97c88f286\" target=\"_blank\" rel=\"noreferrer noopener\">rapporte<\/a><em>Inverse<\/em>. Une enqu\u00eate a \u00e9t\u00e9 lanc\u00e9e par les autorit\u00e9s locales. Mais, comme le&nbsp;<a href=\"https:\/\/www.newsweek.com\/pray-amazonia-brazil-jair-bolsonaro-forest-fires-lungs-planet-1455189\" target=\"_blank\" rel=\"noreferrer noopener\">rappelle<\/a><em>Newsweek<\/em>, Jair Bolsonaro a pass\u00e9 son temps \u00e0 critiquer les agences de protection de l\u2019environnement, notamment l\u2019Ibama, qui punit d\u2019amendes les d\u00e9forestations sauvages.<\/p>\n\n\n\n<p>Et justement, l\u2019Ibama a d\u00fb,&nbsp;<a href=\"https:\/\/www1.folha.uol.com.br\/ambiente\/2019\/08\/campeao-de-desmatamento-pa-retira-apoio-da-pm-em-acoes-do-ibama.shtml\" target=\"_blank\" rel=\"noreferrer noopener\">selon<\/a>&nbsp;le quotidien&nbsp;<em>Folha de S\u00e3o Paulo<\/em>, abandonner la surveillance rapproch\u00e9e qu\u2019elle avait mise en place depuis quelques ann\u00e9es dans l\u2019une des zones o\u00f9 le nombre d\u2019incendies a \u00e9clat\u00e9.<\/p>\n\n\n\n<p>Reste maintenant \u00e0 voir comment va \u00e9voluer la situation, car la saison des incendies est encore loin d\u2019\u00eatre termin\u00e9e en Amazonie.<\/p>\n","protected":false},"excerpt":{"rendered":"<p>BR\u00c9SIL &#8211; Pour faire avaler un mensonge, rien ne vaut une demi-v\u00e9rit\u00e9. Alors que les&nbsp;incendies en Amazonie&nbsp;choquent le monde entier,&nbsp;Jair Bolsonaro&nbsp;a affirm\u00e9 mercredi 21 ao\u00fbt que ces feux \u00e9taient pour certains d\u2019origine humaine. Puis le pr\u00e9sident d\u2019extr\u00eame droite du Br\u00e9sil a insinu\u00e9, sans aucune preuve, que des ONG pouvaient&nbsp;\u00eatre \u00e0 l\u2019origine de ces incendies. Si [&hellip;]<\/p>\n","protected":false},"author":2,"featured_media":13050,"comment_status":"open","ping_status":"open","sticky":false,"template":"","format":"standard","meta":{"_jetpack_memberships_contains_paid_content":false,"footnotes":"","jetpack_publicize_message":"","jetpack_publicize_feature_enabled":true,"jetpack_social_post_already_shared":true,"jetpack_social_options":{"image_generator_settings":{"template":"highway","default_image_id":0,"font":"","enabled":false},"version":2},"_wpas_customize_per_network":false},"categories":[14],"tags":[],"class_list":["post-13049","post","type-post","status-publish","format-standard","has-post-thumbnail","hentry","category-actu-meteo"],"jetpack_publicize_connections":[],"jetpack_featured_media_url":"https:\/\/i0.wp.com\/www.iceagetv.com\/radiosite\/wp-content\/uploads\/2019\/08\/Les-incendies-en-Amazonie.jpeg?fit=630%2C420&ssl=1","jetpack_sharing_enabled":true,"_links":{"self":[{"href":"https:\/\/www.iceagetv.com\/radiosite\/wp-json\/wp\/v2\/posts\/13049","targetHints":{"allow":["GET"]}}],"collection":[{"href":"https:\/\/www.iceagetv.com\/radiosite\/wp-json\/wp\/v2\/posts"}],"about":[{"href":"https:\/\/www.iceagetv.com\/radiosite\/wp-json\/wp\/v2\/types\/post"}],"author":[{"embeddable":true,"href":"https:\/\/www.iceagetv.com\/radiosite\/wp-json\/wp\/v2\/users\/2"}],"replies":[{"embeddable":true,"href":"https:\/\/www.iceagetv.com\/radiosite\/wp-json\/wp\/v2\/comments?post=13049"}],"version-history":[{"count":1,"href":"https:\/\/www.iceagetv.com\/radiosite\/wp-json\/wp\/v2\/posts\/13049\/revisions"}],"predecessor-version":[{"id":13051,"href":"https:\/\/www.iceagetv.com\/radiosite\/wp-json\/wp\/v2\/posts\/13049\/revisions\/13051"}],"wp:featuredmedia":[{"embeddable":true,"href":"https:\/\/www.iceagetv.com\/radiosite\/wp-json\/wp\/v2\/media\/13050"}],"wp:attachment":[{"href":"https:\/\/www.iceagetv.com\/radiosite\/wp-json\/wp\/v2\/media?parent=13049"}],"wp:term":[{"taxonomy":"category","embeddable":true,"href":"https:\/\/www.iceagetv.com\/radiosite\/wp-json\/wp\/v2\/categories?post=13049"},{"taxonomy":"post_tag","embeddable":true,"href":"https:\/\/www.iceagetv.com\/radiosite\/wp-json\/wp\/v2\/tags?post=13049"}],"curies":[{"name":"wp","href":"https:\/\/api.w.org\/{rel}","templated":true}]}}