{"id":13055,"date":"2019-08-23T12:38:07","date_gmt":"2019-08-23T12:38:07","guid":{"rendered":"http:\/\/www.iceagetv.com\/radiosite\/?p=13055"},"modified":"2019-08-23T12:38:13","modified_gmt":"2019-08-23T12:38:13","slug":"soja-betail-barrages-pourquoi-la-foret-amazonienne-brule","status":"publish","type":"post","link":"https:\/\/www.iceagetv.com\/radiosite\/soja-betail-barrages-pourquoi-la-foret-amazonienne-brule\/","title":{"rendered":"Soja, b\u00e9tail, barrages: pourquoi la for\u00eat amazonienne br\u00fble"},"content":{"rendered":"\n<h2 class=\"wp-block-heading\">Depuis des ann\u00e9es, la d\u00e9forestation ravage l&rsquo;Amazonie, notamment via des incendies volontaires. Principaux mis en cause: la production intensive de soja et l&rsquo;\u00e9levage bovin.<\/h2>\n\n\n\n<p>Lundi dernier \u00e0 Sao Paulo, le ciel s&rsquo;est brusquement obscurci vers 15 heures locales. L&rsquo;Etat le plus peupl\u00e9 du Br\u00e9sil n&rsquo;a pas connu une \u00e9clipse impr\u00e9vue, mais a subi&nbsp;les cons\u00e9quences<a href=\"https:\/\/www.bfmtv.com\/international\/bresil-ce-que-l-on-sait-des-violents-incendies-qui-ravagent-l-amazonie-1753593.html\">&nbsp;des incendies<\/a>&nbsp;qui ravagent depuis des semaines la for\u00eat amazonienne.&nbsp;<\/p>\n\n\n\n<p>Il a plu gris dans certains endroits, les \u00e9chantillons d&rsquo;eau de pluie r\u00e9cup\u00e9r\u00e9s pr\u00e9sentant un aspect trouble et une odeur de bois br\u00fbl\u00e9. En 48 heures, 2500 nouveaux d\u00e9parts de feu ont \u00e9t\u00e9 constat\u00e9s dans tout le Br\u00e9sil, pendant qu&rsquo;un \u00e9lan d&rsquo;inqui\u00e9tude tout aussi louable que soudain gagne le reste de la plan\u00e8te.\u00a0<\/p>\n\n\n\n<p>Car les incendies de la for\u00eat amazonienne ne datent pas de cette ann\u00e9e, m\u00eame si 2019 d\u00e9tient le triste record&nbsp;<a href=\"https:\/\/www.bfmtv.com\/planete\/bresil-a-cause-de-la-secheresse-et-de-la-deforestation-des-incendies-toujours-plus-frequents-1753066.html\">d&rsquo;une augmentation des incendies<\/a>&nbsp;de 83% par rapport \u00e0 l&rsquo;ann\u00e9e pr\u00e9c\u00e9dente.&nbsp;<\/p>\n\n\n\n<p>Scientifiques, ONG&nbsp;et populations locales alertent depuis des ann\u00e9es sur les cons\u00e9quences de la d\u00e9forestation.&nbsp;<a href=\"https:\/\/www.bfmtv.com\/planete\/la-hausse-de-16percent-de-la-destruction-de-la-foret-amazonienne-au-bresil-est-une-mauvaise-et-une-bonne-nouvelle-933496.html\">En novembre 2015<\/a>, nous rapportions d\u00e9j\u00e0 que la for\u00eat amazonienne avait perdu pr\u00e8s de 6000 km\u00b2 en un an. C&rsquo;\u00e9tait aussi l&rsquo;un des dossiers port\u00e9s&nbsp;<a href=\"https:\/\/www.lemonde.fr\/paris-climat-2015\/article\/2015\/09\/27\/cop21-le-bresil-promet-d-eradiquer-la-deforestation-illegale-en-amazonie_4774245_4527432.html%C2%A0\">par Dilma Rousseff&nbsp;<\/a>la m\u00eame ann\u00e9e \u00e0 la COP21.<\/p>\n\n\n\n<h3 class=\"wp-block-heading\">Bolsonaro accuse les ONG, son ministre la s\u00e9cheresse<\/h3>\n\n\n\n<p>\u00c7a, c&rsquo;\u00e9tait avant l&rsquo;arriv\u00e9e de Jair Bolsonaro au pouvoir. Le pr\u00e9sident br\u00e9silien&nbsp;d&rsquo;extr\u00eame droite,&nbsp;<a href=\"https:\/\/www.bfmtv.com\/international\/bresil-le-president-bolsonaro-propose-de-faire-caca-un-jour-sur-deux-pour-preserver-l-environnement-1746475.html\">dont l&rsquo;une des propositions<\/a>&nbsp;pour pr\u00e9server l&rsquo;environnement est \u00ab\u00a0de faire caca un jour sur deux\u00a0\u00bb, s&rsquo;est bien engag\u00e9 publiquement d\u00e9but ao\u00fbt&nbsp;<a href=\"https:\/\/www.bfmtv.com\/international\/bresil-bolsonaro-promet-de-combattre-la-deforestation-illegale-1742657.html\">\u00e0 lutter contre la d\u00e9forestation ill\u00e9gale<\/a>. Mais la d\u00e9claration survenait au lendemain du limogeage du directeur de l&rsquo;Institut national de recherche spatiale (INPE), Ricardo Galvao, qui avait r\u00e9v\u00e9l\u00e9 une augmentation de 88% de la d\u00e9forestation en Amazonie en juin, par rapport au m\u00eame mois en 2018.<\/p>\n\n\n\n<p>Plus criant encore,&nbsp;<a href=\"https:\/\/www.opendemocracy.net\/en\/democraciaabierta\/leaked-documents-show-brazil-bolsonaro-has-grave-plans-for-amazon-rainforest\/\">le site OpenDemocracy&nbsp;<\/a>a diffus\u00e9 ce mercredi des extraits d&rsquo;un Powerpoint cens\u00e9 \u00eatre pr\u00e9sent\u00e9 lors d&rsquo;une r\u00e9union entre le gouvernement br\u00e9silien et des dirigeants locaux de l&rsquo;Etat de Para. Dans ces documents, il est pr\u00e9vu \u00ab\u00a0pour lutter contre la pression internationale du triple A\u00a0\u00bb de construire en Amazonie une \u00ab\u00a0usine hydro\u00e9lectrique\u00a0\u00bb, \u00ab\u00a0un pont sur la rivi\u00e8re Amazone\u00a0\u00bb et poursuivre \u00ab\u00a0l&rsquo;autoroute BR-163 vers la fronti\u00e8re avec le Suriname\u00a0\u00bb.&nbsp;<\/p>\n\n\n\n<blockquote class=\"wp-block-quote is-layout-flow wp-block-quote-is-layout-flow\"><p>\u00ab\u00a0Peut-\u00eatre, je ne l&rsquo;affirme pas, que les gens des ONG font des choses criminelles pour me d\u00e9cr\u00e9dibiliser, pour diriger l&rsquo;attention contre le gouvernement du Br\u00e9sil\u00a0\u00bb, a r\u00e9cemment lanc\u00e9 Jair Bolsonaro&nbsp;<a href=\"https:\/\/eu.usatoday.com\/story\/news\/world\/2019\/08\/22\/amazon-fire-ngos-brazil-president-jair-bolsonaro-suggests-cause\/2082066001\/%C2%A0\">\u00e0 des journalistes<\/a>, d\u00e9non\u00e7ant une \u00ab\u00a0guerre de l&rsquo;information\u00a0\u00bb.<\/p><\/blockquote>\n\n\n\n<p>\u00ab\u00a0La s\u00e9cheresse, le vent et la chaleur ont provoqu\u00e9 une forte augmentation des incendies dans tout le pays\u00a0\u00bb,&nbsp;<a href=\"https:\/\/twitter.com\/rsallesmma\/status\/1163990341361553415\">a de son c\u00f4t\u00e9 affirm\u00e9 dans un tweet&nbsp;<\/a>le ministre br\u00e9silien de l&rsquo;Environnement Ricardo Salles. Pourtant, la cause est bien structurelle.&nbsp;<\/p>\n\n\n\n<h3 class=\"wp-block-heading\">\u00ab\u00a0Allumer un feu r\u00e9sulte d&rsquo;une action humaine\u00a0\u00bb<\/h3>\n\n\n\n<p>A l&rsquo;origine, la composition naturelle de l&rsquo;Amazonie ne la rend pas forc\u00e9ment vuln\u00e9rable aux incendies \u00e0 cause de toute l&rsquo;humidit\u00e9 qu&rsquo;elle abrite. Nigel Sizer, l&rsquo;un des responsables de l&rsquo;ONG Rainforest Alliance,&nbsp;<a href=\"https:\/\/eu.usatoday.com\/story\/news\/world\/2019\/08\/22\/amazon-fire-ngos-brazil-president-jair-bolsonaro-suggests-cause\/2082066001\/\">explique \u00e0 USA Today<\/a>&nbsp;que dans un tel environnement, un feu de for\u00eat s&rsquo;\u00e9tend un peu mais s&rsquo;\u00e9teint rapidement. A moins que la zone n&rsquo;ait d\u00e9j\u00e0 \u00e9t\u00e9 victime de feux et de d\u00e9forestation et qu&rsquo;elle soit donc plus a\u00e9r\u00e9e, plus s\u00e8che: l&rsquo;incendie a alors champ libre pour se propager.&nbsp;<\/p>\n\n\n\n<p>Qui plus est, l&rsquo;Institut br\u00e9silien de la recherche spatiale est directement venu contredire le ministre de l&rsquo;Environnement. \u00ab\u00a0Il n&rsquo;y a rien eu d&rsquo;anormal cette ann\u00e9e dans la quantit\u00e9 de pluie ou dans le climat de l&rsquo;Amazonie\u00a0\u00bb,&nbsp;<a href=\"https:\/\/www.reuters.com\/article\/us-brazil-environment-wildfires\/amazon-burning-brazil-reports-record-forest-fires-idUSKCN1VA1UK%C2%A0\">a d\u00e9clar\u00e9 \u00e0 Reuters<\/a>&nbsp;l&rsquo;un de ses chercheurs, Alberto Setzer.<\/p>\n\n\n\n<blockquote class=\"wp-block-quote is-layout-flow wp-block-quote-is-layout-flow\"><p>\u00ab\u00a0La saison s\u00e8che cr\u00e9e des conditions favorables pour utiliser et r\u00e9pandre du feu, mais allumer un feu r\u00e9sulte d&rsquo;une action humaine, soit volontairement soit par accident\u00a0\u00bb, a-t-il poursuivi.&nbsp;<\/p><\/blockquote>\n\n\n\n<h3 class=\"wp-block-heading\">Soja + boeuf = 80% de la d\u00e9forestation&nbsp;<\/h3>\n\n\n\n<p>Mais pourquoi la for\u00eat amazonienne est-elle d\u00e9bois\u00e9e, en premier lieu? L&rsquo;Amazonie abrite de nombreuses ressources qui suscitent beaucoup de convoitises: de l&rsquo;or, du cuivre, du tantale, du minerai de fer, du nickel et du mangan\u00e8se. Le bois aussi, tout simplement.&nbsp;<a href=\"https:\/\/www.vox.com\/world\/2019\/8\/20\/20813786\/wildfire-amazon-rainforest-brazil-siberia%C2%A0\">Comme le rappelle Vox<\/a>, des trafiquants de bois n&rsquo;h\u00e9sitent pas \u00e0 allumer des incendies pour chasser les populations locales de leurs terres et couvrir leurs traces.<\/p>\n\n\n\n<p>Selon l&rsquo;ONG Amazon Watch, la production de soja et l&rsquo;\u00e9levage de boeufs comptent&nbsp;<a href=\"https:\/\/amazonwatch.org\/assets\/files\/2019-complicity-in-destruction-2.pdf\">pour 80% des causes de la d\u00e9forestation<\/a>. Si les exportations sont difficiles \u00e0 suivre \u00e0 la trace, l&rsquo;ONG a pu identifier les capitaux \u00e9trangers sur lesquelles reposent les entreprises productrices, comme ils le pr\u00e9sentent<a href=\"http:\/\/https\/\/amazonwatch.org\/assets\/files\/2019-complicity-in-destruction-2.pdf\">\u00e0 partir de la page 20 de ce rapport<\/a>.<\/p>\n\n\n\n<p>La production de cuir et de sucre est aussi point\u00e9e du doigt dans le document. Les paysans pratiquant la culture sur br\u00fblis affirment que cela am\u00e9liore la qualit\u00e9 de leurs terres.&nbsp;<\/p>\n\n\n\n<blockquote class=\"wp-block-quote is-layout-flow wp-block-quote-is-layout-flow\"><p>Pourtant, \u00ab\u00a0l&rsquo;agriculture br\u00e9silienne n&rsquo;a pas besoin de la d\u00e9forestation pour se d\u00e9velopper\u00a0\u00bb, assure \u00e0 BFMTV.com Philippe Ciais, chercheur au Laboratoire des sciences du climat et de l&rsquo;environnement. \u00ab\u00a0C&rsquo;est absurde. Pendant plusieurs ann\u00e9es, la d\u00e9forestation avait d&rsquo;ailleurs \u00e9t\u00e9 arr\u00eat\u00e9e et les rendements n&rsquo;avaient pas baiss\u00e9\u00a0\u00bb, constate-t-il.&nbsp;<\/p><\/blockquote>\n\n\n\n<h3 class=\"wp-block-heading\">\u00ab\u00a0Jamais un gouvernement n&rsquo;avait fait l&rsquo;apologie de l&rsquo;ill\u00e9galit\u00e9\u00a0\u00bb<\/h3>\n\n\n\n<p>\u00ab\u00a0Le Br\u00e9sil poss\u00e8de d\u00e9j\u00e0 \u00e9norm\u00e9ment de terres agricoles, il leur suffirait d&rsquo;intensifier leur production. Ils n&rsquo;ont pas besoin d&rsquo;avoir des terres suppl\u00e9mentaires\u00a0\u00bb, ass\u00e8ne le chercheur.<\/p>\n\n\n\n<p>La construction de barrages hydro\u00e9lectriques et d&rsquo;infrastructures routi\u00e8res, tout comme l&rsquo;industrie mini\u00e8re -l\u00e9gale ou ill\u00e9gale-, sont d&rsquo;autres causes \u00e9conomiques de la d\u00e9forestation.&nbsp;<\/p>\n\n\n\n<blockquote class=\"wp-block-quote is-layout-flow wp-block-quote-is-layout-flow\"><p>\u00ab\u00a0Il y a toujours eu de la d\u00e9forestation et des feux en Amazonie, mais jamais un gouvernement n&rsquo;avait fait l&rsquo;apologie de l&rsquo;ill\u00e9galit\u00e9\u00a0\u00bb, d\u00e9plore aupr\u00e8s de l&rsquo;AFP Marina Silva, militante \u00e9cologiste br\u00e9silienne et ex-candidate \u00e0 la pr\u00e9sidentielle.&nbsp;<\/p><\/blockquote>\n\n\n\n<p>Le 15 ao\u00fbt dernier,&nbsp;<a href=\"https:\/\/www.brasildefato.com.br\/2019\/08\/15\/estimulados-por-bolsonaro-fazendeiros-promovem-dia-do-fogo-na-amazonia\/\">le m\u00e9dia br\u00e9silien<em>&nbsp;Brasil de Fato<\/em><\/a>&nbsp;rapportait que des fermiers comptaient organiser un \u00ab\u00a0jour du feu\u00a0\u00bb. \u00ab\u00a0Nous devons montrer au pr\u00e9sident que nous voulons travailler et le meilleur moyen de le faire est de faire bouger les choses. Et pour cr\u00e9er et nettoyer les p\u00e2tures, il n&rsquo;y a que le feu\u00a0\u00bb, assurait un des organisateurs de la manifestation au journal local&nbsp;<em>Folha do Progresso<\/em>.&nbsp;<\/p>\n","protected":false},"excerpt":{"rendered":"<p>Depuis des ann\u00e9es, la d\u00e9forestation ravage l&rsquo;Amazonie, notamment via des incendies volontaires. Principaux mis en cause: la production intensive de soja et l&rsquo;\u00e9levage bovin. Lundi dernier \u00e0 Sao Paulo, le ciel s&rsquo;est brusquement obscurci vers 15 heures locales. L&rsquo;Etat le plus peupl\u00e9 du Br\u00e9sil n&rsquo;a pas connu une \u00e9clipse impr\u00e9vue, mais a subi&nbsp;les cons\u00e9quences&nbsp;des incendies&nbsp;qui [&hellip;]<\/p>\n","protected":false},"author":2,"featured_media":13056,"comment_status":"open","ping_status":"open","sticky":false,"template":"","format":"standard","meta":{"_jetpack_memberships_contains_paid_content":false,"footnotes":"","jetpack_publicize_message":"","jetpack_publicize_feature_enabled":true,"jetpack_social_post_already_shared":true,"jetpack_social_options":{"image_generator_settings":{"template":"highway","default_image_id":0,"font":"","enabled":false},"version":2},"_wpas_customize_per_network":false},"categories":[405],"tags":[],"class_list":["post-13055","post","type-post","status-publish","format-standard","has-post-thumbnail","hentry","category-actu-france-monde"],"jetpack_publicize_connections":[],"jetpack_featured_media_url":"https:\/\/i0.wp.com\/www.iceagetv.com\/radiosite\/wp-content\/uploads\/2019\/08\/la-for%C3%AAt-amazonienne-br%C3%BBle.jpg?fit=1198%2C450&ssl=1","jetpack_sharing_enabled":true,"_links":{"self":[{"href":"https:\/\/www.iceagetv.com\/radiosite\/wp-json\/wp\/v2\/posts\/13055","targetHints":{"allow":["GET"]}}],"collection":[{"href":"https:\/\/www.iceagetv.com\/radiosite\/wp-json\/wp\/v2\/posts"}],"about":[{"href":"https:\/\/www.iceagetv.com\/radiosite\/wp-json\/wp\/v2\/types\/post"}],"author":[{"embeddable":true,"href":"https:\/\/www.iceagetv.com\/radiosite\/wp-json\/wp\/v2\/users\/2"}],"replies":[{"embeddable":true,"href":"https:\/\/www.iceagetv.com\/radiosite\/wp-json\/wp\/v2\/comments?post=13055"}],"version-history":[{"count":1,"href":"https:\/\/www.iceagetv.com\/radiosite\/wp-json\/wp\/v2\/posts\/13055\/revisions"}],"predecessor-version":[{"id":13057,"href":"https:\/\/www.iceagetv.com\/radiosite\/wp-json\/wp\/v2\/posts\/13055\/revisions\/13057"}],"wp:featuredmedia":[{"embeddable":true,"href":"https:\/\/www.iceagetv.com\/radiosite\/wp-json\/wp\/v2\/media\/13056"}],"wp:attachment":[{"href":"https:\/\/www.iceagetv.com\/radiosite\/wp-json\/wp\/v2\/media?parent=13055"}],"wp:term":[{"taxonomy":"category","embeddable":true,"href":"https:\/\/www.iceagetv.com\/radiosite\/wp-json\/wp\/v2\/categories?post=13055"},{"taxonomy":"post_tag","embeddable":true,"href":"https:\/\/www.iceagetv.com\/radiosite\/wp-json\/wp\/v2\/tags?post=13055"}],"curies":[{"name":"wp","href":"https:\/\/api.w.org\/{rel}","templated":true}]}}