{"id":13062,"date":"2019-08-23T12:43:28","date_gmt":"2019-08-23T12:43:28","guid":{"rendered":"http:\/\/www.iceagetv.com\/radiosite\/?p=13062"},"modified":"2019-08-23T12:43:38","modified_gmt":"2019-08-23T12:43:38","slug":"quattendent-les-fans-de-the-cure-a-rock-en-seine-certains-esperent-avoir-a-nouveau-vingt-ans","status":"publish","type":"post","link":"https:\/\/www.iceagetv.com\/radiosite\/quattendent-les-fans-de-the-cure-a-rock-en-seine-certains-esperent-avoir-a-nouveau-vingt-ans\/","title":{"rendered":"Qu&rsquo;attendent les fans de The Cure \u00e0 Rock en Seine ? Certains esp\u00e8rent \u00ab\u00a0avoir \u00e0 nouveau vingt ans\u00a0\u00bb"},"content":{"rendered":"\n<p>ls sont attendus de pied ferme. The Cure, mythique groupe britannique des ann\u00e9es 1980, jouera son seul concert en France de 2019 ce vendredi 23 ao\u00fbt. La formation men\u00e9e par le chanteur-guitariste Robert Smith montera sur sc\u00e8ne juste apr\u00e8s&nbsp;<a href=\"https:\/\/www.francetvinfo.fr\/culture\/musique\/rock-en-seine\/je-voulais-meloigner-emotionnellement-des-smiths-le-guitariste-johnny-marr-revient-sur-son-riche-parcours-a-rock-en-seine_3574159.html\">Johnny Marr, ancien guitariste des rivaux The Smiths<\/a>, au&nbsp;<a href=\"https:\/\/www.francetvinfo.fr\/culture\/musique\/rock-en-seine\/rock-en-seine-aborde-une-petite-mutation-l-un-des-programmateurs-nous-decrypte-cette-17e-edition_3538733.html\">festival Rock en Seine \u00e0 Saint-Cloud<\/a>. Autant dire que pour les fans, c&rsquo;est une occasion \u00e0 ne pas manquer.&nbsp;<\/p>\n\n\n\n<p>A 39 ans, Marie est&nbsp;une aficionada&nbsp;depuis 1994, et fera le d\u00e9placement \u00e0 Paris depuis Lyon pour voir son groupe pr\u00e9f\u00e9r\u00e9. Habitu\u00e9e \u00e0 regarder les retransmissions de leurs concerts, elle note que \u00ab\u00a0<em>le groupe est en grande forme\u00a0\u00bb<\/em>.<em>&nbsp;\u00ab\u00a0Je ne les ai jamais vu prendre autant de plaisir sur sc\u00e8ne et avec le public<\/em>\u00ab\u00a0. Alors \u00e9videmment, ses attentes sont grandes : \u00ab\u00a0<em>Voir le bonheur sur des&nbsp;milliers de visages de tous \u00e2ges, c&rsquo;est tellement puissant que j&rsquo;attends le 23 ao\u00fbt avec l&rsquo;excitation d&rsquo;une gamine.<\/em>\u00a0\u00bb&nbsp;<\/p>\n\n\n\n<h2 class=\"wp-block-heading\">Une ambiance particuli\u00e8re<\/h2>\n\n\n\n<p>Car The Cure s&rsquo;est b\u00e2ti une solide r\u00e9putation de groupe proche de ses fans. \u00ab\u00a0<em>Les meilleurs lives auxquels j&rsquo;ai pu assister \u00e9taient pour moi ceux qui avaient une ambiance sp\u00e9ciale<\/em>\u00ab\u00a0, et sourtout ces moments o\u00f9 \u00ab\u00a0<em>Robert Smith \u00e9change avec le public<\/em>\u00ab\u00a0, explique Steeve, agent SNCF de 41 ans.<\/p>\n\n\n\n<p>Devenu&nbsp;fan du groupe en 1992 avec l&rsquo;album&nbsp;<em>Wish<\/em>, Steeve assure les avoir vus entre 15 et 20 fois en concert. Sont-ils toujours aussi bons qu&rsquo;avant ? \u00ab\u00a0<em>Aussi bien non. Diff\u00e9rents. Justement, c&rsquo;est ce qui est bien avec les Cure.<\/em>\u00a0\u00bb Et si les setlists rassemblent&nbsp;forc\u00e9ment les grands classiques du groupe, \u00ab\u00a0<em>il y a toujours une surprise \u00e0 chaque concert<\/em>\u00ab\u00a0, compl\u00e8te Steeve, impatient.<\/p>\n\n\n\n<p>Car&nbsp;<a href=\"https:\/\/www.francetvinfo.fr\/culture\/musique\/rock\/the-cure-prepare-un-film-documentaire-pour-feter-ses-40-ans_3354727.html\">en quarante ans de carri\u00e8re<\/a>, les Cure auraient pu finir par lasser le public. Pourtant, en 2019, au milieu de nombreuses personnalit\u00e9s en vogue de la sc\u00e8ne pop-rock, la bande de Robert Smith est LA t\u00eate d&rsquo;affiche de Rock en Seine, et de nombreux autres festivals \u00e0 travers le monde.&nbsp;<\/p>\n\n\n\n<h2 class=\"wp-block-heading\">Une musique toujours d&rsquo;actualit\u00e9<\/h2>\n\n\n\n<p>\u00ab\u00a0<em>Leur musique n&rsquo;a pas trop vieilli et les th\u00e8mes abord\u00e9s sont toujours d&rsquo;actualit\u00e9,<\/em>\u00a0met en avant Marie. \u00ab\u00a0<em>L&rsquo;amour, la mort, la perte, la solitude, rien de tr\u00e8s original finalement.<\/em>\u00a0\u00bb Cette musique a accompagn\u00e9 un vivier de fans nombreux et fid\u00e8les, qui sont parvenus \u00e0 transmettre leur passion \u00e0 la g\u00e9n\u00e9ration suivante.<\/p>\n\n\n\n<p>Christophe M\u00e9nier, enseignant de 51 ans, a d\u00e9couvert les Cure en 1984, \u00ab\u00a0<em>et je suis vraiment rentr\u00e9 dedans \u00e0 fond vers 84-85, jusqu&rsquo;\u00e0 avoir les coupes \u00e0 la Simon Gallup<\/em>\u00ab\u00a0, le bassiste du groupe. Aujourd&rsquo;hui,&nbsp;il admet s&rsquo;\u00eatre \u00e9loign\u00e9 plusieurs fois du groupe, \u00ab\u00a0<em>mais j&rsquo;y reviens r\u00e9guli\u00e8rement<\/em>\u00ab\u00a0.<\/p>\n\n\n\n<p>Cette ann\u00e9e, Christophe retourne les voir pour la premi\u00e8re fois depuis 1987, cette-fois accompagn\u00e9 de sa fille Mathilde. \u00ab\u00a0<em>Elle me disait qu&rsquo;elle ne les verrait jamais, donc je me suis dit que c&rsquo;\u00e9tait l&rsquo;occasion.<\/em>\u00a0\u00bb Etudiante en cin\u00e9ma, Mathilde affirme que \u00ab\u00a0<em>pas mal de gens de&nbsp;<\/em>[son]<em>&nbsp;\u00e2ge \u00e9coutent les Cure<\/em>\u00ab\u00a0. Fan depuis \u00ab\u00a0deux<em>-trois ans<\/em>\u00ab\u00a0, elle affirme son c\u00f4t\u00e9&nbsp;jusqu&rsquo;au-boutiste : \u00ab\u00a0<em>Quand on aime un groupe, on les suit \u00e0 fond. J&rsquo;ai \u00e9t\u00e9 \u00e9lev\u00e9e comme \u00e7a.<\/em>\u00a0\u00bb Alors p\u00e8re et fille le promettent : ils seront au premier rang, plusieurs heures avant le d\u00e9but du spectacle.<\/p>\n\n\n\n<h2 class=\"wp-block-heading\">\u00ab\u00a0Ce sont des virtuoses\u00a0\u00bb<\/h2>\n\n\n\n<p>Certains fans transforment leur passion en v\u00e9ritable activit\u00e9. Eric, batteur de 51 ans, et sa femme clavi\u00e9riste, ont fond\u00e9 en 2004&nbsp;<a href=\"https:\/\/www.facebook.com\/lovecatsbe\/\">The Lovecats, un \u00ab\u00a0tribute band\u00a0\u00bb, ou groupe hommage aux Cure<\/a>. Style vestimentaire et maquillage, les recettes visuelles des Britanniques sont reprises par les Lovecats, qui \u00e9voluent aujourd&rsquo;hui \u00e0 cinq membres pour reprendre les tubes de leurs mod\u00e8les. \u00ab\u00a0C<em>e sont des virtuoses, d\u2019excellents musiciens. Il faut aller les voir en concert<\/em>\u00ab\u00a0, t\u00e9moigne Eric, admiratif.<\/p>\n\n\n\n<p>Pour lui, une setlist de The Cure ne peut pas d\u00e9cevoir : \u00ab\u00a0<em><a href=\"https:\/\/www.francetvinfo.fr\/culture\/musique\/rock-en-seine\/the-cure-a-rock-en-seine-revisez-le-coeur-de-la-setlist-avec-une-douzaine-de-chansons_3546673.html\">C&rsquo;est une musique intemporelle, et d&rsquo;un album \u00e0 l&rsquo;autre, leur musique est tellement diff\u00e9rente.<\/a><\/em>\u00a0\u00bb Le chanteur des Lovecats &#8211; lui aussi s&rsquo;appelle Eric &#8211; compl\u00e8te que, \u00ab\u00a0<em>derni\u00e8rement, ils jouent un peu plus de titres de l&rsquo;album\u00a0<\/em>Disintegration<em>, parce que c&rsquo;est son trenti\u00e8me anniversaire<\/em>\u00ab\u00a0.\u00a0<\/p>\n\n\n\n<p>C&rsquo;est d&rsquo;ailleurs en 1989, ann\u00e9e de sortie de&nbsp;<em>Disintegration<\/em>, que Pete Mulkeirins a commenc\u00e9 \u00e0 \u00e9couter The Cure. Ce Britannique de 43 ans fera le d\u00e9placement \u00e0 Rock en Seine depuis l&rsquo;Angleterre pour voir son groupe pr\u00e9f\u00e9r\u00e9 (qu&rsquo;il a fait tatouer sur sa jambe). \u00ab\u00a0<em>Leur son est meilleur que jamais, et ils s&rsquo;\u00e9clatent \u00e0 nouveau<\/em>\u00ab\u00a0, raconte-t-il avec plaisir.&nbsp;<\/p>\n\n\n\n<h2 class=\"wp-block-heading\">Des fans venus d&rsquo;Angleterre et de Pennsylvanie<\/h2>\n\n\n\n<p>Sp\u00e9cialement pour le concert, Pete va \u00ab\u00a0<em>porter\u00a0<\/em>[ses]<em>\u00a0v\u00eatements habituels noirs, avec un T-shirt The Cure<\/em>\u00ab\u00a0. Pas besoin en revanche de r\u00e9viser la discographie du groupe :\u00a0\u00ab\u00a0<em>J&rsquo;\u00e9coute d\u00e9j\u00e0 les Cure tous les jours<\/em>\u00ab\u00a0, explique-t-il.<\/p>\n\n\n\n<p>M\u00eame attitude pour Sue A. Rossi, qui dit \u00ab\u00a0<em>les \u00e9couter en permanence<\/em>\u00ab\u00a0. Cette Am\u00e9ricaine, repr\u00e9sentante dans l&rsquo;industrie de la s\u00e9curit\u00e9, fera quant \u00e0 elle le voyage depuis la Pennsylvanie. \u00ab\u00a0<em>Il y a quelque chose dans la voix de Robert qui surpasse tous les autres musiciens,<\/em>&nbsp;affirme-t-elle.&nbsp;<em>Si je suis de bonne humeur, je m&rsquo;\u00e9clate sur&nbsp;The Cure. De mauvaise humeur, triste ou fatigu\u00e9e ? Je peux aussi mettre The Cure.<\/em>\u00a0\u00bb&nbsp;<\/p>\n\n\n\n<p>Pour elle, le voyage \u00e0 Paris vaut la peine : \u00ab\u00a0<em>Je m&rsquo;attends \u00e0 avoir \u00e0 nouveau vingt ans en les \u00e9coutant<\/em>\u00ab\u00a0, d\u00e9clare celle qui les a d\u00e9couverts \u00e0 l&rsquo;\u00e9t\u00e9 1987, lors de la tourn\u00e9e de promotion de&nbsp;<em>Kiss Me, Kiss Me, Kiss Me<\/em>.&nbsp;<\/p>\n","protected":false},"excerpt":{"rendered":"<p>ls sont attendus de pied ferme. The Cure, mythique groupe britannique des ann\u00e9es 1980, jouera son seul concert en France de 2019 ce vendredi 23 ao\u00fbt. La formation men\u00e9e par le chanteur-guitariste Robert Smith montera sur sc\u00e8ne juste apr\u00e8s&nbsp;Johnny Marr, ancien guitariste des rivaux The Smiths, au&nbsp;festival Rock en Seine \u00e0 Saint-Cloud. Autant dire que [&hellip;]<\/p>\n","protected":false},"author":2,"featured_media":13063,"comment_status":"open","ping_status":"open","sticky":false,"template":"","format":"standard","meta":{"_jetpack_memberships_contains_paid_content":false,"footnotes":"","jetpack_publicize_message":"","jetpack_publicize_feature_enabled":true,"jetpack_social_post_already_shared":true,"jetpack_social_options":{"image_generator_settings":{"template":"highway","default_image_id":0,"font":"","enabled":false},"version":2},"_wpas_customize_per_network":false},"categories":[68],"tags":[],"class_list":["post-13062","post","type-post","status-publish","format-standard","has-post-thumbnail","hentry","category-actu-culturelle"],"jetpack_publicize_connections":[],"jetpack_featured_media_url":"https:\/\/i0.wp.com\/www.iceagetv.com\/radiosite\/wp-content\/uploads\/2019\/08\/The-Cure.jpg?fit=1197%2C450&ssl=1","jetpack_sharing_enabled":true,"_links":{"self":[{"href":"https:\/\/www.iceagetv.com\/radiosite\/wp-json\/wp\/v2\/posts\/13062","targetHints":{"allow":["GET"]}}],"collection":[{"href":"https:\/\/www.iceagetv.com\/radiosite\/wp-json\/wp\/v2\/posts"}],"about":[{"href":"https:\/\/www.iceagetv.com\/radiosite\/wp-json\/wp\/v2\/types\/post"}],"author":[{"embeddable":true,"href":"https:\/\/www.iceagetv.com\/radiosite\/wp-json\/wp\/v2\/users\/2"}],"replies":[{"embeddable":true,"href":"https:\/\/www.iceagetv.com\/radiosite\/wp-json\/wp\/v2\/comments?post=13062"}],"version-history":[{"count":1,"href":"https:\/\/www.iceagetv.com\/radiosite\/wp-json\/wp\/v2\/posts\/13062\/revisions"}],"predecessor-version":[{"id":13064,"href":"https:\/\/www.iceagetv.com\/radiosite\/wp-json\/wp\/v2\/posts\/13062\/revisions\/13064"}],"wp:featuredmedia":[{"embeddable":true,"href":"https:\/\/www.iceagetv.com\/radiosite\/wp-json\/wp\/v2\/media\/13063"}],"wp:attachment":[{"href":"https:\/\/www.iceagetv.com\/radiosite\/wp-json\/wp\/v2\/media?parent=13062"}],"wp:term":[{"taxonomy":"category","embeddable":true,"href":"https:\/\/www.iceagetv.com\/radiosite\/wp-json\/wp\/v2\/categories?post=13062"},{"taxonomy":"post_tag","embeddable":true,"href":"https:\/\/www.iceagetv.com\/radiosite\/wp-json\/wp\/v2\/tags?post=13062"}],"curies":[{"name":"wp","href":"https:\/\/api.w.org\/{rel}","templated":true}]}}