{"id":13068,"date":"2019-08-24T11:39:54","date_gmt":"2019-08-24T11:39:54","guid":{"rendered":"http:\/\/www.iceagetv.com\/radiosite\/?p=13068"},"modified":"2019-08-24T11:39:56","modified_gmt":"2019-08-24T11:39:56","slug":"incendies-en-amazonie-le-chef-indien-raoni-demande-le-depart-de-bolsonaro-le-plus-vite-possible","status":"publish","type":"post","link":"https:\/\/www.iceagetv.com\/radiosite\/incendies-en-amazonie-le-chef-indien-raoni-demande-le-depart-de-bolsonaro-le-plus-vite-possible\/","title":{"rendered":"Incendies en Amazonie : le chef indien Raoni demande le d\u00e9part de Bolsonaro \u00ab\u00a0le plus vite possible\u00a0\u00bb"},"content":{"rendered":"\n<p><em>Il faut qu&rsquo;on le fasse partir le plus vite possible.\u00a0\u00bb<\/em>&nbsp;Le chef indien Raoni ne m\u00e2che pas ses mots contre le pr\u00e9sident br\u00e9silien,&nbsp;alors que l&rsquo;<a href=\"https:\/\/www.francetvinfo.fr\/monde\/ameriques\/amazonie\/\" target=\"_blank\" rel=\"noreferrer noopener\">Amazonie<\/a>, la plus grande for\u00eat tropicale de la plan\u00e8te, est en proie \u00e0 de graves incendies, provoqu\u00e9s essentiellement par&nbsp;la d\u00e9forestation qui s&rsquo;acc\u00e9l\u00e8re.&nbsp;<em>\u00ab\u00a0Je pense que le pr\u00e9sident fran\u00e7ais et d&rsquo;autres forces internationales peuvent faire pression pour que le peuple br\u00e9silien fasse partir&nbsp;<\/em>[Jair]<em>&nbsp;Bolsonaro et que le Congr\u00e8s vote sa destitution\u00a0\u00bb<\/em>, avance, dans une interview \u00e0 l&rsquo;AFP, vendredi 23 ao\u00fbt, le chef du peuple kayapo, qui se bat inlassablement pour le respect des droits des communaut\u00e9s indig\u00e8nes.<\/p>\n\n\n\n<p><em>Je demande une aide ext\u00e9rieure. Je veux qu&rsquo;il y ait une mobilisation g\u00e9n\u00e9rale pour qu&rsquo;on \u00e9teigne ces feux. On ne peut pas laisser br\u00fbler \u00e7a comme \u00e7a.<\/em>Raoni, chef indien<em>\u00e0 l&rsquo;AFP<\/em><\/p>\n\n\n\n<p><em>\u00ab\u00a0C&rsquo;est une catastrophe, ce qu&rsquo;il est en train de faire avec nous\u00a0\u00bb<\/em>, poursuit Raoni&nbsp;Metuktire&nbsp;au sujet du pr\u00e9sident d&rsquo;extr\u00eame droite br\u00e9silien, qui encourage le d\u00e9veloppement de l&rsquo;agriculture et de l&rsquo;exploitation mini\u00e8re sur les terres indig\u00e8nes.<em>&nbsp;\u00ab\u00a0Il veut en finir avec la for\u00eat, avec nous, c&rsquo;est vraiment terrible ce qu&rsquo;il fait\u00a0\u00bb<\/em>,&nbsp;rench\u00e9rit le&nbsp;cacique de 89 ans,&nbsp;figure internationale de la d\u00e9fense de l&rsquo;Amazonie.&nbsp;<em>\u00ab\u00a0Dans le temps, les pr\u00e9sidents du Br\u00e9sil ne menaient pas des actions mauvaises, n&rsquo;incitaient pas \u00e0 la destruction comme \u00e7a. Et maintenant ce nouveau pr\u00e9sident fait tout de travers.\u00a0\u00bb<\/em><\/p>\n\n\n\n<p><em>\u00ab\u00a0C&rsquo;est&nbsp;<\/em>[lui]<em>&nbsp;qui excite ces gens, comme les fermiers. Ils l&rsquo;\u00e9coutent. Ils pensent qu&rsquo;ils ont tous les droits et se mettent \u00e0 br\u00fbler les for\u00eats\u00a0\u00bb<\/em>&nbsp;pour les remplacer par des cultures, ajoute le chef indien.<em>&nbsp;\u00ab\u00a0Il en va ainsi pour les coupeurs de bois, les chercheurs d&rsquo;or. Ils se l\u00e2chent tous car sa parole les pousse \u00e0 d\u00e9truire la for\u00eat beaucoup plus vite\u00a0\u00bb<\/em>, accuse&nbsp;Raoni.<\/p>\n\n\n\n<p><em>Si on ne sauve pas le peu qui reste [de l&rsquo;Amazonie] je vous garantis qu&rsquo;on va avoir des feux encore plus importants et ce sera la plan\u00e8te qui sera en feu. Ce n&rsquo;est que le d\u00e9but.<\/em>Raoni, chef indien<\/p>\n","protected":false},"excerpt":{"rendered":"<p>Il faut qu&rsquo;on le fasse partir le plus vite possible.\u00a0\u00bb&nbsp;Le chef indien Raoni ne m\u00e2che pas ses mots contre le pr\u00e9sident br\u00e9silien,&nbsp;alors que l&rsquo;Amazonie, la plus grande for\u00eat tropicale de la plan\u00e8te, est en proie \u00e0 de graves incendies, provoqu\u00e9s essentiellement par&nbsp;la d\u00e9forestation qui s&rsquo;acc\u00e9l\u00e8re.&nbsp;\u00ab\u00a0Je pense que le pr\u00e9sident fran\u00e7ais et d&rsquo;autres forces internationales peuvent [&hellip;]<\/p>\n","protected":false},"author":2,"featured_media":13069,"comment_status":"open","ping_status":"open","sticky":false,"template":"","format":"standard","meta":{"_jetpack_memberships_contains_paid_content":false,"footnotes":"","jetpack_publicize_message":"","jetpack_publicize_feature_enabled":true,"jetpack_social_post_already_shared":true,"jetpack_social_options":{"image_generator_settings":{"template":"highway","default_image_id":0,"font":"","enabled":false},"version":2},"_wpas_customize_per_network":false},"categories":[405],"tags":[],"class_list":["post-13068","post","type-post","status-publish","format-standard","has-post-thumbnail","hentry","category-actu-france-monde"],"jetpack_publicize_connections":[],"jetpack_featured_media_url":"https:\/\/i0.wp.com\/www.iceagetv.com\/radiosite\/wp-content\/uploads\/2019\/08\/le-chef-indien-Raoni.jpg?fit=1196%2C450&ssl=1","jetpack_sharing_enabled":true,"_links":{"self":[{"href":"https:\/\/www.iceagetv.com\/radiosite\/wp-json\/wp\/v2\/posts\/13068","targetHints":{"allow":["GET"]}}],"collection":[{"href":"https:\/\/www.iceagetv.com\/radiosite\/wp-json\/wp\/v2\/posts"}],"about":[{"href":"https:\/\/www.iceagetv.com\/radiosite\/wp-json\/wp\/v2\/types\/post"}],"author":[{"embeddable":true,"href":"https:\/\/www.iceagetv.com\/radiosite\/wp-json\/wp\/v2\/users\/2"}],"replies":[{"embeddable":true,"href":"https:\/\/www.iceagetv.com\/radiosite\/wp-json\/wp\/v2\/comments?post=13068"}],"version-history":[{"count":1,"href":"https:\/\/www.iceagetv.com\/radiosite\/wp-json\/wp\/v2\/posts\/13068\/revisions"}],"predecessor-version":[{"id":13070,"href":"https:\/\/www.iceagetv.com\/radiosite\/wp-json\/wp\/v2\/posts\/13068\/revisions\/13070"}],"wp:featuredmedia":[{"embeddable":true,"href":"https:\/\/www.iceagetv.com\/radiosite\/wp-json\/wp\/v2\/media\/13069"}],"wp:attachment":[{"href":"https:\/\/www.iceagetv.com\/radiosite\/wp-json\/wp\/v2\/media?parent=13068"}],"wp:term":[{"taxonomy":"category","embeddable":true,"href":"https:\/\/www.iceagetv.com\/radiosite\/wp-json\/wp\/v2\/categories?post=13068"},{"taxonomy":"post_tag","embeddable":true,"href":"https:\/\/www.iceagetv.com\/radiosite\/wp-json\/wp\/v2\/tags?post=13068"}],"curies":[{"name":"wp","href":"https:\/\/api.w.org\/{rel}","templated":true}]}}