{"id":13077,"date":"2019-08-25T16:35:13","date_gmt":"2019-08-25T16:35:13","guid":{"rendered":"http:\/\/www.iceagetv.com\/radiosite\/?p=13077"},"modified":"2019-08-25T16:35:21","modified_gmt":"2019-08-25T16:35:21","slug":"la-circulation-differenciee-est-reconduite-pour-la-journee-de-demain-a-paris-et-dans-lagglomeration-seuls-les-vehicules-critair-0-1-et-2-pourront-circuler","status":"publish","type":"post","link":"https:\/\/www.iceagetv.com\/radiosite\/la-circulation-differenciee-est-reconduite-pour-la-journee-de-demain-a-paris-et-dans-lagglomeration-seuls-les-vehicules-critair-0-1-et-2-pourront-circuler\/","title":{"rendered":"La circulation diff\u00e9renci\u00e9e est reconduite pour la journ\u00e9e de demain \u00e0 Paris et dans l&rsquo;agglom\u00e9ration &#8211; Seuls les v\u00e9hicules Crit\u2019Air 0, 1 et 2 pourront circuler"},"content":{"rendered":"\n<p><strong>La circulation diff\u00e9renci\u00e9e \u00e0 l\u2019int\u00e9rieur du p\u00e9rim\u00e8tre d\u00e9limit\u00e9 dans l&rsquo;agglom\u00e9ration parisienne est reconduite pour la journ\u00e9e de demain. Seuls les v\u00e9hicules Crit\u2019Air 0, 1 et 2 pourront circuler \u00e0 Paris et dans l&rsquo;agglom\u00e9ration ce lundi 26 ao\u00fbt de 5h30 \u00e0 minuit<\/strong><\/p>\n\n\n\n<p>En raison d&rsquo;un \u00e9pisode de pollution \u00e0 l&rsquo;ozone, la circulation diff\u00e9renci\u00e9e est mise en place \u00e0 partir de ce dimanche 25 ao\u00fbt dans l&rsquo;agglom\u00e9ration parisienne et la vitesse maximale autoris\u00e9e sera r\u00e9duite, a annonc\u00e9 samedi la pr\u00e9fecture de police de Paris. Cette mise en place de la circulation diff\u00e9renci\u00e9e, \u00e0 partir de 05H30 et jusqu&rsquo;\u00e0 la fin de l&rsquo;\u00e9pisode de pollution, a \u00e9t\u00e9 d\u00e9cid\u00e9e en raison des \u00abfortes chaleurs et l&rsquo;ensoleillement annonc\u00e9s pour les jours \u00e0 venir favorisant l&rsquo;augmentation des concentrations en ozone\u00bb, souligne un communiqu\u00e9 de la pr\u00e9fecture de police de Paris (PP).<\/p>\n\n\n\n<figure><iframe allowfullscreen=\"\"><\/iframe><\/figure>\n\n\n\n<p>\u00abSeuls les v\u00e9hicules munis d&rsquo;une vignette Crit&rsquo;Air de classe 0, 1 et 2 seront autoris\u00e9s \u00e0 circuler\u00bb \u00e0 l&rsquo;int\u00e9rieur du p\u00e9rim\u00e8tre d\u00e9limit\u00e9 par l&rsquo;A86 (\u00e0 l&rsquo;exception de celle-ci), soit Paris et la petite couronne. \u00abLes autres v\u00e9hicules ne pourront pas circuler\u00bb, pr\u00e9cise le communiqu\u00e9. Cela concerne les voitures \u00e0 essence immatricul\u00e9es avant fin 2005 et les voitures diesel immatricul\u00e9es avant fin 2010.<\/p>\n\n\n\n<p>La PP pr\u00e9cise que les contr\u00f4les ne concerneront \u00abpas les personnes regagnant la r\u00e9gion parisienne ce dimanche\u00bb, en cette p\u00e9riode de retour de vacances.<\/p>\n\n\n\n<p>Selon les services de l&rsquo;Etat, Airparif, l&rsquo;association de surveillance de la qualit\u00e9 de l&rsquo;air en Ile-de-France, \u00abpr\u00e9voit une concentration en ozone comprise entre 170 et 200 ?g\/m\u00b3, soit un probable d\u00e9passement du seuil d&rsquo;information-recommandation pour ce polluant, fix\u00e9 \u00e0 180 ?g\/m\u00b3\u00bb.<\/p>\n","protected":false},"excerpt":{"rendered":"<p>La circulation diff\u00e9renci\u00e9e \u00e0 l\u2019int\u00e9rieur du p\u00e9rim\u00e8tre d\u00e9limit\u00e9 dans l&rsquo;agglom\u00e9ration parisienne est reconduite pour la journ\u00e9e de demain. Seuls les v\u00e9hicules Crit\u2019Air 0, 1 et 2 pourront circuler \u00e0 Paris et dans l&rsquo;agglom\u00e9ration ce lundi 26 ao\u00fbt de 5h30 \u00e0 minuit En raison d&rsquo;un \u00e9pisode de pollution \u00e0 l&rsquo;ozone, la circulation diff\u00e9renci\u00e9e est mise en [&hellip;]<\/p>\n","protected":false},"author":2,"featured_media":13078,"comment_status":"open","ping_status":"open","sticky":false,"template":"","format":"standard","meta":{"_jetpack_memberships_contains_paid_content":false,"footnotes":"","jetpack_publicize_message":"","jetpack_publicize_feature_enabled":true,"jetpack_social_post_already_shared":true,"jetpack_social_options":{"image_generator_settings":{"template":"highway","default_image_id":0,"font":"","enabled":false},"version":2},"_wpas_customize_per_network":false},"categories":[14],"tags":[],"class_list":["post-13077","post","type-post","status-publish","format-standard","has-post-thumbnail","hentry","category-actu-meteo"],"jetpack_publicize_connections":[],"jetpack_featured_media_url":"https:\/\/i0.wp.com\/www.iceagetv.com\/radiosite\/wp-content\/uploads\/2019\/08\/La-circulation-diff%C3%A9renci%C3%A9e-est-reconduite-pour-la-journ%C3%A9e-de-demain-%C3%A0-Paris.jpg?fit=785%2C336&ssl=1","jetpack_sharing_enabled":true,"_links":{"self":[{"href":"https:\/\/www.iceagetv.com\/radiosite\/wp-json\/wp\/v2\/posts\/13077","targetHints":{"allow":["GET"]}}],"collection":[{"href":"https:\/\/www.iceagetv.com\/radiosite\/wp-json\/wp\/v2\/posts"}],"about":[{"href":"https:\/\/www.iceagetv.com\/radiosite\/wp-json\/wp\/v2\/types\/post"}],"author":[{"embeddable":true,"href":"https:\/\/www.iceagetv.com\/radiosite\/wp-json\/wp\/v2\/users\/2"}],"replies":[{"embeddable":true,"href":"https:\/\/www.iceagetv.com\/radiosite\/wp-json\/wp\/v2\/comments?post=13077"}],"version-history":[{"count":1,"href":"https:\/\/www.iceagetv.com\/radiosite\/wp-json\/wp\/v2\/posts\/13077\/revisions"}],"predecessor-version":[{"id":13079,"href":"https:\/\/www.iceagetv.com\/radiosite\/wp-json\/wp\/v2\/posts\/13077\/revisions\/13079"}],"wp:featuredmedia":[{"embeddable":true,"href":"https:\/\/www.iceagetv.com\/radiosite\/wp-json\/wp\/v2\/media\/13078"}],"wp:attachment":[{"href":"https:\/\/www.iceagetv.com\/radiosite\/wp-json\/wp\/v2\/media?parent=13077"}],"wp:term":[{"taxonomy":"category","embeddable":true,"href":"https:\/\/www.iceagetv.com\/radiosite\/wp-json\/wp\/v2\/categories?post=13077"},{"taxonomy":"post_tag","embeddable":true,"href":"https:\/\/www.iceagetv.com\/radiosite\/wp-json\/wp\/v2\/tags?post=13077"}],"curies":[{"name":"wp","href":"https:\/\/api.w.org\/{rel}","templated":true}]}}