{"id":13089,"date":"2019-08-26T14:05:28","date_gmt":"2019-08-26T14:05:28","guid":{"rendered":"http:\/\/www.iceagetv.com\/radiosite\/?p=13089"},"modified":"2019-08-26T14:05:35","modified_gmt":"2019-08-26T14:05:35","slug":"emmanuel-macron-denonce-les-propos-extremement-irrespectueux-du-president-bresilien-jair-bolsonaro-sur-son-epouse-brigitte","status":"publish","type":"post","link":"https:\/\/www.iceagetv.com\/radiosite\/emmanuel-macron-denonce-les-propos-extremement-irrespectueux-du-president-bresilien-jair-bolsonaro-sur-son-epouse-brigitte\/","title":{"rendered":"Emmanuel Macron d\u00e9nonce les \u00ab\u00a0propos extr\u00eamement irrespectueux\u00a0\u00bb du pr\u00e9sident br\u00e9silien Jair Bolsonaro sur son \u00e9pouse Brigitte"},"content":{"rendered":"\n<p>Ce midi, lors d&rsquo;une conf\u00e9rence de presse dans le cadre du G7 \u00e0 Biarritz, le Pr\u00e9sident fran\u00e7ais Emmanuel Macron a r\u00e9pondu \u00e0 son homologue br\u00e9silien Jair Bolsonaro et \u00e0 son ministre,&nbsp;auteurs de propos insultants&nbsp;\u00e0 son encontre et \u00e0 celle de son \u00e9pouse.<\/p>\n\n\n\n<p>\u00ab\u00a0Qu&rsquo;est-ce que je peux vous dire ? C&rsquo;est triste. Mais c&rsquo;est triste d&rsquo;abord pour lui et les Br\u00e9siliens. Les femmes br\u00e9siliennes ont sans doute honte de lire de tels propos de la part de leur pr\u00e9sident\u00a0\u00bb, a-t-il d\u00e9clar\u00e9. Et d&rsquo;ajouter : \u00ab\u00a0Je souhaite aux Br\u00e9siliens d&rsquo;avoir bient\u00f4t un pr\u00e9sident \u00e0 la hauteur\u00a0\u00bb.<\/p>\n\n\n\n<p>Le pr\u00e9sident br\u00e9silien Jair Bolsonaro a endoss\u00e9 dimanche sur Facebook un commentaire offensant pour la premi\u00e8re Dame Brigitte Macron, tandis qu&rsquo;un de ses ministres traitait le chef de l&rsquo;Etat fran\u00e7ais Emmanuel Macron de \u00ab\u00a0cr\u00e9tin opportuniste\u00a0\u00bb. Ces attaques in\u00e9dites marquent une tr\u00e8s nette escalade dans les tensions entre Brasilia et Paris, aviv\u00e9es ces derniers jours par les pressions exerc\u00e9es par la France, qui recevait un sommet du G7, sur Jair Bolsonaro pour qu&rsquo;il agisse contre les dramatiques incendies en Amazonie.<\/p>\n\n\n\n<p>M. Bolsonaro a r\u00e9agi \u00e0 un post qui se moquait du physique de la premi\u00e8re Dame fran\u00e7aise &#8211; apparaissant sur une photo d\u00e9savantageuse &#8211; en le comparant \u00e0 celui de Michelle Bolsonaro (37 ans), rayonnante le jour de l&rsquo;investiture de son mari. \u00ab\u00a0Vous comprenez maintenant pourquoi Macron pers\u00e9cute Bolsonaro?\u00a0\u00bb, lit-on \u00e0 c\u00f4t\u00e9 de photos des deux couples pr\u00e9sidentiels. \u00ab\u00a0C&rsquo;est la jalousie (&#8230;) de Macron, je parie\u00a0\u00bb, \u00e9crit l&rsquo;internaute, Rodrigo Andrea\u00e7a. \u00ab\u00a0N&rsquo;humilie pas le type &#8211; MDR (\u00ab\u00a0mort de rire\u00a0\u00bb), a r\u00e9pondu en commentaire le pr\u00e9sident Bolsonaro en r\u00e9f\u00e9rence \u00e0 son homologue fran\u00e7ais.<\/p>\n","protected":false},"excerpt":{"rendered":"<p>Ce midi, lors d&rsquo;une conf\u00e9rence de presse dans le cadre du G7 \u00e0 Biarritz, le Pr\u00e9sident fran\u00e7ais Emmanuel Macron a r\u00e9pondu \u00e0 son homologue br\u00e9silien Jair Bolsonaro et \u00e0 son ministre,&nbsp;auteurs de propos insultants&nbsp;\u00e0 son encontre et \u00e0 celle de son \u00e9pouse. \u00ab\u00a0Qu&rsquo;est-ce que je peux vous dire ? C&rsquo;est triste. Mais c&rsquo;est triste d&rsquo;abord [&hellip;]<\/p>\n","protected":false},"author":2,"featured_media":13090,"comment_status":"open","ping_status":"open","sticky":false,"template":"","format":"standard","meta":{"_jetpack_memberships_contains_paid_content":false,"footnotes":"","jetpack_publicize_message":"","jetpack_publicize_feature_enabled":true,"jetpack_social_post_already_shared":true,"jetpack_social_options":{"image_generator_settings":{"template":"highway","default_image_id":0,"font":"","enabled":false},"version":2},"_wpas_customize_per_network":false},"categories":[405],"tags":[],"class_list":["post-13089","post","type-post","status-publish","format-standard","has-post-thumbnail","hentry","category-actu-france-monde"],"jetpack_publicize_connections":[],"jetpack_featured_media_url":"https:\/\/i0.wp.com\/www.iceagetv.com\/radiosite\/wp-content\/uploads\/2019\/08\/Emmanuel-Macron-d%C3%A9nonce-les-propos-extr%C3%AAmement-irrespectueux.jpg?fit=680%2C301&ssl=1","jetpack_sharing_enabled":true,"_links":{"self":[{"href":"https:\/\/www.iceagetv.com\/radiosite\/wp-json\/wp\/v2\/posts\/13089","targetHints":{"allow":["GET"]}}],"collection":[{"href":"https:\/\/www.iceagetv.com\/radiosite\/wp-json\/wp\/v2\/posts"}],"about":[{"href":"https:\/\/www.iceagetv.com\/radiosite\/wp-json\/wp\/v2\/types\/post"}],"author":[{"embeddable":true,"href":"https:\/\/www.iceagetv.com\/radiosite\/wp-json\/wp\/v2\/users\/2"}],"replies":[{"embeddable":true,"href":"https:\/\/www.iceagetv.com\/radiosite\/wp-json\/wp\/v2\/comments?post=13089"}],"version-history":[{"count":1,"href":"https:\/\/www.iceagetv.com\/radiosite\/wp-json\/wp\/v2\/posts\/13089\/revisions"}],"predecessor-version":[{"id":13091,"href":"https:\/\/www.iceagetv.com\/radiosite\/wp-json\/wp\/v2\/posts\/13089\/revisions\/13091"}],"wp:featuredmedia":[{"embeddable":true,"href":"https:\/\/www.iceagetv.com\/radiosite\/wp-json\/wp\/v2\/media\/13090"}],"wp:attachment":[{"href":"https:\/\/www.iceagetv.com\/radiosite\/wp-json\/wp\/v2\/media?parent=13089"}],"wp:term":[{"taxonomy":"category","embeddable":true,"href":"https:\/\/www.iceagetv.com\/radiosite\/wp-json\/wp\/v2\/categories?post=13089"},{"taxonomy":"post_tag","embeddable":true,"href":"https:\/\/www.iceagetv.com\/radiosite\/wp-json\/wp\/v2\/tags?post=13089"}],"curies":[{"name":"wp","href":"https:\/\/api.w.org\/{rel}","templated":true}]}}