{"id":13092,"date":"2019-08-27T09:22:57","date_gmt":"2019-08-27T09:22:57","guid":{"rendered":"http:\/\/www.iceagetv.com\/radiosite\/?p=13092"},"modified":"2019-08-27T09:23:03","modified_gmt":"2019-08-27T09:23:03","slug":"le-bresil-rejette-laide-du-g7-pour-combattre-les-incendies-en-amazonie","status":"publish","type":"post","link":"https:\/\/www.iceagetv.com\/radiosite\/le-bresil-rejette-laide-du-g7-pour-combattre-les-incendies-en-amazonie\/","title":{"rendered":"Le Br\u00e9sil rejette l\u2019aide du G7 pour combattre les incendies en Amazonie"},"content":{"rendered":"\n<p>L\u2019Amazonie br\u00fble et, avec elle, les relations entre Emmanuel Macron et le pr\u00e9sident br\u00e9silien, Jair Bolsonaro. Le Br\u00e9sil, en poursuivant sa rh\u00e9torique anti-Macron, a ainsi oppos\u00e9, dans la nuit de lundi&nbsp;26 \u00e0 mardi 27&nbsp;ao\u00fbt, une fin de non-recevoir&nbsp;<a href=\"https:\/\/www.lemonde.fr\/international\/article\/2019\/08\/26\/amazonie-le-g7-va-debloquer-une-aide-d-urgence-pour-envoyer-des-canadair_5502980_3210.html\">\u00e0 l\u2019aide d\u2019urgence de 20 millions de dollars (17,9 millions d\u2019euros)<\/a>&nbsp;propos\u00e9e par les pays du G7, tout en affirmant que&nbsp;<a href=\"https:\/\/www.lemonde.fr\/planete\/portfolio\/2019\/08\/24\/de-nicosie-a-quito-mobilisation-internationale-pour-sauver-le-poumon-du-monde_5502293_3244.html\">les incendies en Amazonie<\/a>, qui ont encore progress\u00e9 en ce d\u00e9but de semaine, \u00e9taient&nbsp;<em>\u00ab&nbsp;sous contr\u00f4le&nbsp;\u00bb<\/em>.<\/p>\n\n\n\n<p><em>\u00ab\u00a0Nous remercions\u00a0<\/em>[le G7 pour son offre d\u2019aide]<em>, mais ces moyens seront peut-\u00eatre plus pertinents pour la reforestation de l\u2019Europe\u00a0\u00bb<\/em>, a d\u00e9clar\u00e9 Onyx Lorenzoni, le chef de cabinet (exer\u00e7ant des fonctions \u00e9quivalentes \u00e0 celles d\u2019un chef de gouvernement) du pr\u00e9sident br\u00e9silien Jair Bolsonaro,\u00a0<a href=\"https:\/\/g1.globo.com\/politica\/blog\/gerson-camarotti\/post\/2019\/08\/26\/onyx-diz-que-governo-vai-rejeitar-ajuda-financeira-do-g7-anunciada-por-macron.ghtml\">sur le site d\u2019information du groupe Globo, G1<\/a>.<br><em>\u00a0Macron n\u2019arrive m\u00eame pas \u00e0 \u00e9viter un incendie pr\u00e9visible dans une \u00e9glise qui fait partie du patrimoine mondial de l\u2019humanit\u00e9, et il veut nous donner des le\u00e7ons pour notre pays\u00a0?\u00a0\u00bb<\/em>, a \u00e9galement lanc\u00e9 M. Lorenzoni dans une allusion \u00e0 l\u2019incendie qui a touch\u00e9 la cath\u00e9drale Notre-Dame de Paris le 15\u00a0avril. Tout en priant le pr\u00e9sident fran\u00e7ais de s\u2019occuper de ses\u00a0<em>\u00ab\u00a0colonies\u00a0\u00bb<\/em>, dans le droit-fil des pr\u00e9c\u00e9dentes attaques du pr\u00e9sident Bolsonaro \u00e0 l\u2019encontre de son homologue.<\/p>\n\n\n\n<h2 class=\"wp-block-heading\">Attaques d\u00e9plac\u00e9es contre l\u2019Amazonie&nbsp;\u00bb<\/h2>\n\n\n\n<p>Le dirigeant d\u2019extr\u00eame droite avait amorc\u00e9 le rejet de l\u2019aide par&nbsp;<a href=\"https:\/\/twitter.com\/jairbolsonaro\/status\/1165970376725319680?s=20\">un message publi\u00e9 sur Twitter<\/a>&nbsp;:&nbsp;<em>\u00ab&nbsp;Nous ne pouvons accepter qu\u2019un pr\u00e9sident, Macron, lance des attaques d\u00e9plac\u00e9es et gratuites contre l\u2019Amazonie, ni qu\u2019il d\u00e9guise ses intentions derri\u00e8re l\u2019id\u00e9e d\u2019une&nbsp;<\/em>\u201c<em>alliance<\/em>\u201d<em>&nbsp;de pays du G7 pour&nbsp;<\/em>\u201c<em>sauver<\/em>\u201d<em>&nbsp;l\u2019Amazonie, comme si c\u2019\u00e9tait une colonie&nbsp;\u00bb<\/em>.&nbsp;<em>\u00ab&nbsp;Le respect de la souverainet\u00e9 de quelque pays que ce soit est le minimum qu\u2019on puisse attendre dans un monde civilis\u00e9&nbsp;\u00bb<\/em>, avait-il ajout\u00e9, apr\u00e8s plusieurs jours d\u2019\u00e9changes muscl\u00e9s entre les deux dirigeants.<\/p>\n\n\n\n<p>Les sept pays les plus industrialis\u00e9s, r\u00e9unis \u00e0 Biarritz, dans le sud-ouest de la France, avaient promis de\u00a0<a href=\"https:\/\/www.lemonde.fr\/international\/article\/2019\/08\/26\/amazonie-le-g7-va-debloquer-une-aide-d-urgence-pour-envoyer-des-canadair_5502980_3210.html\">d\u00e9bloquer d\u2019urgence 20\u00a0millions de dollars\u00a0<\/a>pour envoyer des avions bombardiers d\u2019eau suppl\u00e9mentaires. Le G7 est tomb\u00e9 d\u2019accord pour un plan d\u2019aide\u00a0<em>\u00ab\u00a0d\u2019au moins 30\u00a0millions\u00a0\u00bb<\/em>\u00a0de dollars, a ensuite pr\u00e9cis\u00e9 M. Macron, destin\u00e9 \u00e0 la reforestation, au niveau de l\u2019ONU, qui doit \u00eatre finalis\u00e9 au cours de l\u2019Assembl\u00e9e g\u00e9n\u00e9rale des Nations unies fin septembre.<\/p>\n\n\n\n<p>Dimanche, M.&nbsp;Macron avait par ailleurs d\u00e9plor\u00e9 les propos&nbsp;<em>\u00ab&nbsp;extraordinairement irrespectueux&nbsp;\u00bb<\/em>&nbsp;du chef de l\u2019Etat br\u00e9silien \u00e0 l\u2019encontre de son \u00e9pouse Brigitte, disant esp\u00e9rer&nbsp;<em>\u00ab&nbsp;tr\u00e8s rapidement&nbsp;\u00bb<\/em>que les Br\u00e9siliens&nbsp;<em>\u00ab&nbsp;auront un pr\u00e9sident qui se comporte \u00e0 la hauteur&nbsp;\u00bb<\/em>.<\/p>\n\n\n\n<p>A la veille du G7, M.&nbsp;Macron avait accus\u00e9 M. Bolsonaro de lui avoir&nbsp;<em>\u00ab&nbsp;menti&nbsp;\u00bb<\/em>&nbsp;sur ses engagements en mati\u00e8re d\u2019\u00e9cologie et annonc\u00e9 que la France s\u2019opposait d\u00e9sormais \u00e0 l\u2019accord controvers\u00e9 de libre-\u00e9change entre l\u2019UE et le Mercosur, un groupe de pays sud-am\u00e9ricains, dont le Br\u00e9sil.<\/p>\n\n\n\n<h2 class=\"wp-block-heading\">80&nbsp;000 feux de for\u00eat<\/h2>\n\n\n\n<p>Qu\u2019en est-il des feux&nbsp;? Lundi, le ministre br\u00e9silien de la d\u00e9fense a assur\u00e9 que les incendies en Amazonie \u00e9taient&nbsp;<em>\u00ab&nbsp;sous contr\u00f4le&nbsp;\u00bb<\/em>, apr\u00e8s le d\u00e9ploiement de plus de 2&nbsp;500 militaires et des pluies signal\u00e9es dans plusieurs des r\u00e9gions concern\u00e9es.<\/p>\n\n\n\n<p>La situation&nbsp;<em>\u00ab&nbsp;a \u00e9t\u00e9 un peu exag\u00e9r\u00e9e&nbsp;\u00bb<\/em>, a ajout\u00e9 Fernando Azevedo e Silva, qui a affirm\u00e9 devant des journalistes \u00e0 la sortie d\u2019une r\u00e9union avec Jair Bolsonaro que le Br\u00e9sil avait connu certaines ann\u00e9es des&nbsp;<em>\u00ab&nbsp;pics d\u2019incendies beaucoup plus graves&nbsp;\u00bb<\/em>.<\/p>\n\n\n\n<p>Quelque 1&nbsp;113 nouveaux d\u00e9parts de feu ont \u00e9t\u00e9 recens\u00e9s dimanche au Br\u00e9sil par l\u2019Institut national de recherche spatiale (INPE). Au total, pr\u00e8s de 80&nbsp;000 feux de for\u00eat ont \u00e9t\u00e9 r\u00e9pertori\u00e9s au Br\u00e9sil depuis le d\u00e9but de l\u2019ann\u00e9e &#8211; un plus haut depuis 2013 &#8211; dont plus de la moiti\u00e9 en Amazonie.<\/p>\n\n\n\n<p>Dans l\u2019Etat de Rond\u00f4nia (nord-ouest), frontalier de la Bolivie, la ville de Porto Velho restait couverte de larges nu\u00e9es de fum\u00e9es lundi, malgr\u00e9\u00a0<a href=\"https:\/\/www.lemonde.fr\/international\/article\/2019\/08\/25\/au-bresil-deux-avions-commencent-a-lutter-contre-les-incendies-en-amazonie_5502760_3210.html\">la mobilisation depuis dimanche par l\u2019arm\u00e9e de deux avions C-130 Hercules<\/a>. Outre les appareils des forces a\u00e9riennes, des dizaines de pompiers y ont \u00e9t\u00e9 d\u00e9p\u00each\u00e9s pour lutter contre la progression des flammes. Le Br\u00e9sil a \u00e9galement accept\u00e9 l\u2019aide d\u2019Isra\u00ebl, qui a propos\u00e9 d\u2019envoyer un avion.<\/p>\n\n\n\n<h2 class=\"wp-block-heading\">Baisse de popularit\u00e9<\/h2>\n\n\n\n<p>Jusqu\u2019\u00e0 pr\u00e9sent, sept Etats, dont celui de Rond\u00f4nia, ont fait appel \u00e0 l\u2019arm\u00e9e, dont 43&nbsp;000 soldats bas\u00e9s en Amazonie. Mais le nombre des soldats r\u00e9ellement d\u00e9ploy\u00e9s sur le terrain et leur mode d\u2019intervention restaient flous. Des personnels et des avions-citernes du Chili et de l\u2019Equateur devaient prochainement entrer en action, selon le ministre de la d\u00e9fense br\u00e9silien. Isra\u00ebl doit envoyer&nbsp;<em>\u00ab&nbsp;100 tonnes de mat\u00e9riel anti-incendie&nbsp;\u00bb<\/em>, a d\u00e9clar\u00e9 \u00e0 l\u2019Agence France-Presse une porte-parole de l\u2019ambassade isra\u00e9lienne \u00e0 Brasilia.<\/p>\n\n\n\n<p>Jair Bolsonaro, sous une intense pression internationale, a ordonn\u00e9 une enqu\u00eate sur des producteurs ruraux de l\u2019Etat de Para (nord) accus\u00e9s d\u2019avoir organis\u00e9 une&nbsp;<em>\u00ab&nbsp;journ\u00e9e du feu&nbsp;\u00bb<\/em>&nbsp;le 10&nbsp;ao\u00fbt en soutien aux efforts du pr\u00e9sident d\u2019extr\u00eame droite pour affaiblir la surveillance de la protection environnementale.<\/p>\n\n\n\n<p>Une majorit\u00e9 de Br\u00e9siliens (53,7&nbsp;%) d\u00e9sapprouvent la politique men\u00e9e par Jair Bolsonaro, qui enregistre une forte baisse de sa popularit\u00e9 durant ces six derniers mois, selon un sondage publi\u00e9 lundi.<\/p>\n","protected":false},"excerpt":{"rendered":"<p>L\u2019Amazonie br\u00fble et, avec elle, les relations entre Emmanuel Macron et le pr\u00e9sident br\u00e9silien, Jair Bolsonaro. Le Br\u00e9sil, en poursuivant sa rh\u00e9torique anti-Macron, a ainsi oppos\u00e9, dans la nuit de lundi&nbsp;26 \u00e0 mardi 27&nbsp;ao\u00fbt, une fin de non-recevoir&nbsp;\u00e0 l\u2019aide d\u2019urgence de 20 millions de dollars (17,9 millions d\u2019euros)&nbsp;propos\u00e9e par les pays du G7, tout en [&hellip;]<\/p>\n","protected":false},"author":2,"featured_media":13093,"comment_status":"open","ping_status":"open","sticky":false,"template":"","format":"standard","meta":{"_jetpack_memberships_contains_paid_content":false,"footnotes":"","jetpack_publicize_message":"","jetpack_publicize_feature_enabled":true,"jetpack_social_post_already_shared":true,"jetpack_social_options":{"image_generator_settings":{"template":"highway","default_image_id":0,"font":"","enabled":false},"version":2},"_wpas_customize_per_network":false},"categories":[405],"tags":[],"class_list":["post-13092","post","type-post","status-publish","format-standard","has-post-thumbnail","hentry","category-actu-france-monde"],"jetpack_publicize_connections":[],"jetpack_featured_media_url":"https:\/\/i0.wp.com\/www.iceagetv.com\/radiosite\/wp-content\/uploads\/2019\/08\/Le-Br%C3%A9sil-rejette-l%E2%80%99aide-du-G7-pour-combattre-les-incendies-en-Amazonie.jpg?fit=688%2C470&ssl=1","jetpack_sharing_enabled":true,"_links":{"self":[{"href":"https:\/\/www.iceagetv.com\/radiosite\/wp-json\/wp\/v2\/posts\/13092","targetHints":{"allow":["GET"]}}],"collection":[{"href":"https:\/\/www.iceagetv.com\/radiosite\/wp-json\/wp\/v2\/posts"}],"about":[{"href":"https:\/\/www.iceagetv.com\/radiosite\/wp-json\/wp\/v2\/types\/post"}],"author":[{"embeddable":true,"href":"https:\/\/www.iceagetv.com\/radiosite\/wp-json\/wp\/v2\/users\/2"}],"replies":[{"embeddable":true,"href":"https:\/\/www.iceagetv.com\/radiosite\/wp-json\/wp\/v2\/comments?post=13092"}],"version-history":[{"count":1,"href":"https:\/\/www.iceagetv.com\/radiosite\/wp-json\/wp\/v2\/posts\/13092\/revisions"}],"predecessor-version":[{"id":13094,"href":"https:\/\/www.iceagetv.com\/radiosite\/wp-json\/wp\/v2\/posts\/13092\/revisions\/13094"}],"wp:featuredmedia":[{"embeddable":true,"href":"https:\/\/www.iceagetv.com\/radiosite\/wp-json\/wp\/v2\/media\/13093"}],"wp:attachment":[{"href":"https:\/\/www.iceagetv.com\/radiosite\/wp-json\/wp\/v2\/media?parent=13092"}],"wp:term":[{"taxonomy":"category","embeddable":true,"href":"https:\/\/www.iceagetv.com\/radiosite\/wp-json\/wp\/v2\/categories?post=13092"},{"taxonomy":"post_tag","embeddable":true,"href":"https:\/\/www.iceagetv.com\/radiosite\/wp-json\/wp\/v2\/tags?post=13092"}],"curies":[{"name":"wp","href":"https:\/\/api.w.org\/{rel}","templated":true}]}}