{"id":13095,"date":"2019-08-27T16:29:51","date_gmt":"2019-08-27T16:29:51","guid":{"rendered":"http:\/\/www.iceagetv.com\/radiosite\/?p=13095"},"modified":"2019-08-27T16:29:56","modified_gmt":"2019-08-27T16:29:56","slug":"en-maternelle-au-primaire-au-lycee-ce-qui-change-a-la-rentree-2019","status":"publish","type":"post","link":"https:\/\/www.iceagetv.com\/radiosite\/en-maternelle-au-primaire-au-lycee-ce-qui-change-a-la-rentree-2019\/","title":{"rendered":"En maternelle, au primaire, au lyc\u00e9e&#8230; Ce qui change \u00e0 la rentr\u00e9e 2019"},"content":{"rendered":"\n<p>C&rsquo;est le moment de retourner en classe. Apr\u00e8s un \u00e9t\u00e9 pass\u00e9 loin des cahiers et des copies, les \u00e9l\u00e8ves feront leur&nbsp;<a href=\"https:\/\/www.francetvinfo.fr\/france\/rentree\/\" target=\"_blank\" rel=\"noreferrer noopener\">rentr\u00e9e<\/a>, lundi 2&nbsp;septembre. Avec quelques nouveaut\u00e9s au programme, \u00e0 tous les niveaux.&nbsp;Une partie de la loi Blanquer, promulgu\u00e9e en juillet, doit d\u00e9j\u00e0 entrer en vigueur, tout comme la tr\u00e8s critiqu\u00e9e r\u00e9forme du baccalaur\u00e9at.&nbsp;Voici ce&nbsp;qui va changer dans les \u00e9coles, coll\u00e8ges et lyc\u00e9es pour la rentr\u00e9e scolaire 2019.<\/p>\n\n\n\n<h2 class=\"wp-block-heading\">En&nbsp;maternelle<\/h2>\n\n\n\n<p><strong>\u2022 Instruction obligatoire d\u00e8s 3&nbsp;ans.<\/strong>&nbsp;C&rsquo;est fait. L&rsquo;\u00e2ge de&nbsp;<a href=\"https:\/\/www.francetvinfo.fr\/societe\/education\/ecole-obligatoire-des-l-age-de-3-ans-six-questions-sur-le-grand-changement-prevu-a-la-rentree_3189903.html\" target=\"_blank\" rel=\"noreferrer noopener\">l&rsquo;instruction obligatoire&nbsp;est abaiss\u00e9 de 6&nbsp;ans \u00e0 3&nbsp;ans<\/a>. Pour le ministre de l&rsquo;Education,&nbsp;l&rsquo;objectif est&nbsp;<em>\u00ab\u00a0d&rsquo;agir d\u00e8s les premi\u00e8res ann\u00e9es de la scolarit\u00e9 pour favoriser la ma\u00eetrise des savoirs fondamentaux\u00a0\u00bb<\/em>. Concr\u00e8tement, d\u00e9j\u00e0&nbsp;97,6% des enfants de 3&nbsp;ans sont scolaris\u00e9s et 100% pour les enfants de 4 ans.&nbsp;Cette mesure ne devrait donc concerner, en principe, que 26&nbsp;000&nbsp;enfants.&nbsp;<\/p>\n\n\n\n<p><strong><a href=\"https:\/\/www.francetvinfo.fr\/societe\/education\/ecole-obligatoire-des-l-age-de-3-ans-six-questions-sur-le-grand-changement-prevu-a-la-rentree_3189903.html\" target=\"_blank\" rel=\"noreferrer noopener\">&gt;&gt;&nbsp;Ecole obligatoire d\u00e8s l&rsquo;\u00e2ge de 3 ans : six questions sur le grand changement pr\u00e9vu \u00e0 la rentr\u00e9e<\/a><\/strong><\/p>\n\n\n\n<p><strong>\u2022 Obligation d&rsquo;assiduit\u00e9.<\/strong>&nbsp;Cette obligation d&rsquo;instruction entra\u00eene avec elle une \u00ab\u00a0obligation d&rsquo;assiduit\u00e9\u00a0\u00bb, pour tous les \u00e9l\u00e8ves de maternelle. Jusqu&rsquo;alors, l&rsquo;absent\u00e9isme ou la pr\u00e9sence de l&rsquo;enfant \u00e0 temps partiel \u00e9taient accept\u00e9s dans certains \u00e9tablissements, avant le&nbsp;CP. D\u00e9sormais,&nbsp;dans le cas o\u00f9 des&nbsp;parents souhaiteront d\u00e9roger \u00e0 cette obligation, c&rsquo;est l&rsquo;inspecteur de l&rsquo;Education nationale&nbsp;qui aura le dernier mot, explique le&nbsp;<a href=\"http:\/\/www.cafepedagogique.net\/lexpresso\/Pages\/2019\/08\/19082019Article637018030732998701.aspx\" target=\"_blank\" rel=\"noreferrer noopener\">Caf\u00e9 p\u00e9dagogique<\/a>. Les jardins d&rsquo;enfants seront aussi soumis \u00e0 cette obligation, et les&nbsp;parents qui opteront pour l&rsquo;instruction \u00e0 domicile feront l&rsquo;objet de contr\u00f4les renforc\u00e9s.&nbsp;<\/p>\n\n\n\n<p><strong>\u2022 D\u00e9doublement des classes de grande section.&nbsp;<\/strong>Apr\u00e8s les classes de CP et de CE1, la grande section de maternelle va aussi \u00eatre d\u00e9doubl\u00e9e, dans les zones prioritaires, pour limiter les effectifs. La mesure, initialement annonc\u00e9e pour 2020, entrera en vigueur&nbsp;<em>\u00ab\u00a0d\u00e8s cette rentr\u00e9e, l\u00e0 o\u00f9 c&rsquo;est possible\u00a0\u00bb,<\/em>&nbsp;pr\u00e9voit finalement la&nbsp;<a href=\"https:\/\/www.education.gouv.fr\/pid285\/bulletin_officiel.html?cid_bo=142385\" target=\"_blank\" rel=\"noreferrer noopener\">circulaire de rentr\u00e9e 2019<\/a>&nbsp;envoy\u00e9e en mai aux enseignants et directeurs d&rsquo;\u00e9tablissements. Le dispositif sera \u00e9tendu&nbsp;<em>\u00ab\u00a0<\/em><em>au cours des rentr\u00e9es 2020 et 2021&Prime;<\/em>. Le nombre d&rsquo;\u00e9l\u00e8ves en classe de grande section devra, \u00e9galement&nbsp;<em>\u00ab\u00a0l\u00e0 o\u00f9 c&rsquo;est possible\u00a0\u00bb,<\/em>&nbsp;\u00eatre limit\u00e9 \u00e0 24.<\/p>\n\n\n\n<h2 class=\"wp-block-heading\">Au primaire<\/h2>\n\n\n\n<p>Pour la rentr\u00e9e 2019,&nbsp;<em>\u00ab\u00a0l&rsquo;\u00e9cole primaire reste \u00e0 la premi\u00e8re place des priorit\u00e9s du gouvernement en mati\u00e8re de politique \u00e9ducative\u00a0\u00bb<\/em>, annon\u00e7ait la circulaire du minist\u00e8re de l&rsquo;Education, int\u00e9gralement consacr\u00e9e au premier degr\u00e9. Lors de sa conf\u00e9rence de presse de rentr\u00e9e, mardi 27&nbsp;ao\u00fbt, Jean-Michel Blanquer a d&rsquo;ailleurs pr\u00e9cis\u00e9 que 2 300 postes seront cr\u00e9\u00e9s en primaire, dans un objectif de&nbsp;ma\u00eetrise des savoirs fondamentaux par les jeunes \u00e9l\u00e8ves.&nbsp;<\/p>\n\n\n\n<p>\u2022&nbsp;<strong>D\u00e9doublement des CP et CE1 et&nbsp;effectifs limit\u00e9s.<\/strong>&nbsp;Quelque 300&nbsp;000&nbsp;\u00e9l\u00e8ves doivent, pour cette rentr\u00e9e, b\u00e9n\u00e9ficier de&nbsp;<a href=\"https:\/\/www.francetvinfo.fr\/france\/rentree\/rentree-l-ecole-obligatoire-a-3-ans-et-les-classes-a-14-eleves-des-mesures-pas-toujours-faciles-a-mettre-en-oeuvre_3551151.html\" target=\"_blank\" rel=\"noreferrer noopener\">classes d\u00e9doubl\u00e9es et d&rsquo;effectifs limit\u00e9s,<\/a>&nbsp;en CP et CE1. Il s&rsquo;agit de continuer \u00e0 \u00e9tendre le dispositif d\u00e9j\u00e0 mis en place. Si la r\u00e9duction des effectifs est jug\u00e9e b\u00e9n\u00e9fique pour les \u00e9l\u00e8ves, elle n&rsquo;est pas toujours \u00e9vidente \u00e0 instaurer. Certains \u00e9tablissements n&rsquo;ont par exemple pas les salles de classe n\u00e9cessaires, et il manque des postes d&rsquo;enseignants.&nbsp;<\/p>\n\n\n\n<p><strong>\u2022 Des petits d\u00e9jeuners gratuits en zones prioritaires.<\/strong>&nbsp;Depuis le mois d&rsquo;avril, la mesure, pr\u00e9vue dans un plan de lutte contre la pauvret\u00e9, est test\u00e9e dans huit acad\u00e9mies&nbsp;: les \u00e9coles volontaires distribuent des petits d\u00e9jeuners gratuits aux enfants.&nbsp;Cette r\u00e9forme doit \u00eatre&nbsp;\u00e9tendue \u00e0 la rentr\u00e9e \u00e0 l&rsquo;ensemble du territoire fran\u00e7ais et devrait concerner 100&nbsp;000&nbsp;\u00e9l\u00e8ves, dans les&nbsp;\u00e9coles prioritaires (REP et REP+), les quartiers dits \u00ab\u00a0Politique de la ville\u00a0\u00bb et certaines zones rurales.&nbsp;<\/p>\n\n\n\n<h2 class=\"wp-block-heading\">Au lyc\u00e9e<\/h2>\n\n\n\n<p><strong>\u2022 La r\u00e9forme du baccalaur\u00e9at.<\/strong>&nbsp;Enterr\u00e9es, les fili\u00e8res ES, L et S&nbsp;! Les \u00e9l\u00e8ves de seconde ont d\u00fb choisir des \u00ab\u00a0<a href=\"https:\/\/www.francetvinfo.fr\/societe\/education\/parcoursup\/parcoursup\/lycees-le-casse-tete-des-specialites_3165159.html\" target=\"_blank\" rel=\"noreferrer noopener\">sp\u00e9cialit\u00e9s<\/a>\u00ab\u00a0.&nbsp;Cette ann\u00e9e, les \u00e9l\u00e8ves de premi\u00e8re recevront des enseignements en \u00ab\u00a0Humanit\u00e9s\u00a0\u00bb, \u00ab\u00a0Num\u00e9rique et sciences informatiques\u00a0\u00bb, \u00ab\u00a0Math\u00e9matiques\u00a0\u00bb, \u00ab\u00a0G\u00e9opolitique\u00a0\u00bb, entre autres, comme le veut la r\u00e9forme du baccalaur\u00e9at.&nbsp;<\/p>\n\n\n\n<p><strong><a href=\"https:\/\/www.francetvinfo.fr\/societe\/education\/reforme-du-bac\/l-article-a-lire-pour-comprendre-la-reforme-du-bac_3157017.html\" target=\"_blank\" rel=\"noreferrer noopener\">&gt;&gt; L&rsquo;article \u00e0 lire pour comprendre la r\u00e9forme du baccalaur\u00e9at<\/a><\/strong><\/p>\n\n\n\n<p>Quelque 92% des lyc\u00e9es publics proposeront au moins les sept enseignements de sp\u00e9cialit\u00e9&nbsp;<em>\u00ab\u00a0les plus courants\u00a0\u00bb<\/em>, pr\u00e9cise le minist\u00e8re. Si la sp\u00e9cialit\u00e9 souhait\u00e9e par l&rsquo;\u00e9l\u00e8ve n&rsquo;est pas propos\u00e9e dans son lyc\u00e9e, il est possible de demander \u00e0 \u00eatre transf\u00e9r\u00e9 dans un autre \u00e9tablissement, ou de suivre cet enseignement \u00e0 distance.<\/p>\n\n\n\n<h2 class=\"wp-block-heading\">Pour tous les \u00e9l\u00e8ves<\/h2>\n\n\n\n<p><strong>\u2022 Des drapeaux dans les salles de classe.<\/strong>&nbsp;A partir de la rentr\u00e9e, les&nbsp;<a href=\"https:\/\/www.francetvinfo.fr\/societe\/education\/l-assemblee-vote-la-mise-en-place-de-drapeaux-francais-et-europeens-dans-les-classes-de-la-maternelle-au-lycee_3186615.html\" target=\"_blank\" rel=\"noreferrer noopener\">drapeaux fran\u00e7ais et europ\u00e9en seront accroch\u00e9s<\/a>&nbsp;dans toutes les salles de classe des \u00e9coles, coll\u00e8ges et lyc\u00e9es. La devise \u00ab\u00a0Libert\u00e9, \u00e9galit\u00e9, fraternit\u00e9\u00a0\u00bb et les paroles de l&rsquo;hymne national devront aussi \u00eatre affich\u00e9es sur les murs.&nbsp;<\/p>\n\n\n\n<p><strong>\u2022 L&rsquo;\u00e9cole \u00ab\u00a0inclusive\u00a0\u00bb.<\/strong>&nbsp;C&rsquo;est un chapitre entier de la r\u00e9forme du projet de loi pour l&rsquo;\u00e9cole de la confiance&nbsp;:&nbsp;<a href=\"https:\/\/www.francetvinfo.fr\/sante\/handicap\/le-nouveau-plan-de-scolarisation-des-personnes-handicapees-prevoit-une-cellule-de-reponse-aux-familles-et-la-lutte-contre-la-precarite-des-accompagnants_3484503.html\" target=\"_blank\" rel=\"noreferrer noopener\">mieux inclure les \u00e9l\u00e8ves en situation de handicap<\/a>. Si 340&nbsp;000 sont d\u00e9j\u00e0 scolaris\u00e9s, ils seront 24&nbsp;500 de plus \u00e0 rejoindre les bancs de l&rsquo;\u00e9cole.&nbsp;Quatorze ans apr\u00e8s la loi du 11 f\u00e9vrier 2005, dite loi Handicap, qui pose le droit pour chaque enfant handicap\u00e9 d&rsquo;\u00eatre scolaris\u00e9 dans l&rsquo;\u00e9cole de son quartier, la loi Blanquer&nbsp;pr\u00e9voit donc la cr\u00e9ation de&nbsp;\u00ab\u00a0p\u00f4les inclusifs d&rsquo;accompagnement localis\u00e9s\u00a0\u00bb (PIAL), dont la mission est de coordonner&nbsp;<em>\u00ab\u00a0les moyens d&rsquo;accompagnement humain en fonction des besoins des \u00e9l\u00e8ves en situation de handicap\u00a0\u00bb<\/em>.&nbsp;Le gouvernement s&rsquo;engage \u00e9galement \u00e0 ce que chaque demande des familles soit&nbsp;<em>\u00ab\u00a0prise en compte sous 24&nbsp;heures\u00a0\u00bb<\/em>, gr\u00e2ce \u00e0 la mise en place de cellules d&rsquo;\u00e9coute.&nbsp;Dans cette lign\u00e9e,&nbsp;Jean-Michel Blanquer a annonc\u00e9, lors de sa conf\u00e9rence de rentr\u00e9e du 27 ao\u00fbt, qu&rsquo;il y aura \u00e0 la rentr\u00e9e&nbsp;<em>\u00ab\u00a04&nbsp;500&nbsp;ETP suppl\u00e9mentaires d&rsquo;accompagnants\u00a0\u00bb<\/em>.&nbsp;<\/p>\n\n\n\n<p><strong>\u2022 La \u00ab\u00a0diversit\u00e9 des situations familiales\u00a0\u00bb reconnue.<\/strong>&nbsp;Le Code de l&rsquo;\u00e9ducation entend d\u00e9sormais mieux reconna\u00eetre les familles homoparentales,&nbsp;en proposant dans les documents administratifs de choisir&nbsp;entre \u00ab\u00a0p\u00e8re\u00a0\u00bb, \u00ab\u00a0m\u00e8re\u00a0\u00bb ou \u00ab\u00a0repr\u00e9sentant l\u00e9gal\u00a0\u00bb.<\/p>\n\n\n\n<p>\u2022&nbsp;<strong>Un plan sur les violences \u00e0 l&rsquo;\u00e9cole.<\/strong>&nbsp;A quelques jours de la rentr\u00e9e, le&nbsp;ministre de l&rsquo;Education a \u00e9galement d\u00e9voil\u00e9 le plan sur les violences \u00e0 l&rsquo;\u00e9cole, repouss\u00e9 \u00e0 maintes reprises. Un&nbsp;<em>\u00ab\u00a0r\u00e9f\u00e9rent violence\u00a0\u00bb<\/em>&nbsp;va notamment \u00eatre nomm\u00e9 aupr\u00e8s de chaque inspecteur d&rsquo;acad\u00e9mie. Sur la question des \u00e9l\u00e8ves perturbateurs, Jean-Michel Blanquer propose l&rsquo;envoi de ces \u00e9l\u00e8ves en classe relais pendant six mois sans autorisation des parents, ou leur accueil dans des&nbsp;<em>\u00ab\u00a0internats tremplins\u00a0\u00bb<\/em>. Il \u00e9voque aussi la signature par leurs parents d&rsquo;un&nbsp;<em>\u00ab\u00a0contrat de responsabilisation\u00a0\u00bb<\/em>.&nbsp;Le ministre a par ailleurs soulign\u00e9 la pr\u00e9sence renforc\u00e9e des forces de police aux abords des \u00e9tablissements de \u00ab\u00a0quartiers de reconqu\u00eate r\u00e9publicaine\u00a0\u00bb.<\/p>\n\n\n\n<p>\u2022&nbsp;<strong>La question environnementale au c\u0153ur des pr\u00e9occupations.<\/strong>&nbsp;Jean-Michel Blanquer a indiqu\u00e9 que l&rsquo;un des&nbsp;<em>\u00ab\u00a0d\u00e9fis\u00a0\u00bb<\/em>&nbsp;majeurs du minist\u00e8re pour la rentr\u00e9e&nbsp; concernait&nbsp;la question de l&rsquo;environnement et du d\u00e9veloppement durable.&nbsp;<em>\u00ab\u00a0Il y aura 250&nbsp;000 \u00e9co-d\u00e9l\u00e9gu\u00e9s, soit un d\u00e9l\u00e9gu\u00e9 par classe en France\u00a0\u00bb<\/em>, a notamment annonc\u00e9 le ministre.&nbsp;<em>\u00ab\u00a0Il contribuera \u00e0 ce qu&rsquo;il y ait des actions pour l&rsquo;environnement dans chaque classe.\u00a0\u00bb&nbsp;<\/em><\/p>\n","protected":false},"excerpt":{"rendered":"<p>C&rsquo;est le moment de retourner en classe. Apr\u00e8s un \u00e9t\u00e9 pass\u00e9 loin des cahiers et des copies, les \u00e9l\u00e8ves feront leur&nbsp;rentr\u00e9e, lundi 2&nbsp;septembre. Avec quelques nouveaut\u00e9s au programme, \u00e0 tous les niveaux.&nbsp;Une partie de la loi Blanquer, promulgu\u00e9e en juillet, doit d\u00e9j\u00e0 entrer en vigueur, tout comme la tr\u00e8s critiqu\u00e9e r\u00e9forme du baccalaur\u00e9at.&nbsp;Voici ce&nbsp;qui va [&hellip;]<\/p>\n","protected":false},"author":2,"featured_media":13096,"comment_status":"open","ping_status":"open","sticky":false,"template":"","format":"standard","meta":{"_jetpack_memberships_contains_paid_content":false,"footnotes":"","jetpack_publicize_message":"","jetpack_publicize_feature_enabled":true,"jetpack_social_post_already_shared":true,"jetpack_social_options":{"image_generator_settings":{"template":"highway","default_image_id":0,"font":"","enabled":false},"version":2},"_wpas_customize_per_network":false},"categories":[405],"tags":[],"class_list":["post-13095","post","type-post","status-publish","format-standard","has-post-thumbnail","hentry","category-actu-france-monde"],"jetpack_publicize_connections":[],"jetpack_featured_media_url":"https:\/\/i0.wp.com\/www.iceagetv.com\/radiosite\/wp-content\/uploads\/2019\/08\/rentr%C3%A9e-2019.jpg?fit=1197%2C450&ssl=1","jetpack_sharing_enabled":true,"_links":{"self":[{"href":"https:\/\/www.iceagetv.com\/radiosite\/wp-json\/wp\/v2\/posts\/13095","targetHints":{"allow":["GET"]}}],"collection":[{"href":"https:\/\/www.iceagetv.com\/radiosite\/wp-json\/wp\/v2\/posts"}],"about":[{"href":"https:\/\/www.iceagetv.com\/radiosite\/wp-json\/wp\/v2\/types\/post"}],"author":[{"embeddable":true,"href":"https:\/\/www.iceagetv.com\/radiosite\/wp-json\/wp\/v2\/users\/2"}],"replies":[{"embeddable":true,"href":"https:\/\/www.iceagetv.com\/radiosite\/wp-json\/wp\/v2\/comments?post=13095"}],"version-history":[{"count":1,"href":"https:\/\/www.iceagetv.com\/radiosite\/wp-json\/wp\/v2\/posts\/13095\/revisions"}],"predecessor-version":[{"id":13097,"href":"https:\/\/www.iceagetv.com\/radiosite\/wp-json\/wp\/v2\/posts\/13095\/revisions\/13097"}],"wp:featuredmedia":[{"embeddable":true,"href":"https:\/\/www.iceagetv.com\/radiosite\/wp-json\/wp\/v2\/media\/13096"}],"wp:attachment":[{"href":"https:\/\/www.iceagetv.com\/radiosite\/wp-json\/wp\/v2\/media?parent=13095"}],"wp:term":[{"taxonomy":"category","embeddable":true,"href":"https:\/\/www.iceagetv.com\/radiosite\/wp-json\/wp\/v2\/categories?post=13095"},{"taxonomy":"post_tag","embeddable":true,"href":"https:\/\/www.iceagetv.com\/radiosite\/wp-json\/wp\/v2\/tags?post=13095"}],"curies":[{"name":"wp","href":"https:\/\/api.w.org\/{rel}","templated":true}]}}