{"id":13098,"date":"2019-08-27T16:32:33","date_gmt":"2019-08-27T16:32:33","guid":{"rendered":"http:\/\/www.iceagetv.com\/radiosite\/?p=13098"},"modified":"2019-08-27T16:32:38","modified_gmt":"2019-08-27T16:32:38","slug":"les-episodes-de-josephine-ange-gardien-evoquant-lesclavage-vivement-critiques-sur-les-reseaux-sociaux","status":"publish","type":"post","link":"https:\/\/www.iceagetv.com\/radiosite\/les-episodes-de-josephine-ange-gardien-evoquant-lesclavage-vivement-critiques-sur-les-reseaux-sociaux\/","title":{"rendered":"Les \u00e9pisodes de Jos\u00e9phine, ange gardien \u00e9voquant l&rsquo;esclavage vivement critiqu\u00e9s sur les r\u00e9seaux sociaux"},"content":{"rendered":"\n<h2 class=\"wp-block-heading\">Le double-\u00e9pisode diffus\u00e9 lundi fait l&rsquo;objet de critiques depuis plusieurs semaines. Beaucoup estiment qu&rsquo;une s\u00e9rie familiale au ton humoristique n&rsquo;est pas adapt\u00e9e pour \u00e9voquer la traite des Noirs.&nbsp;<\/h2>\n\n\n\n<p>Comme les semaines de pol\u00e9mique le laissaient pr\u00e9sager, les derni\u00e8res aventures de&nbsp;<em>Jos\u00e9phine, ange gardien<\/em>&nbsp;n&rsquo;ont&nbsp;pas ravi tout le monde.&nbsp;<em>Enfin libres!<\/em>, double \u00e9pisode consacr\u00e9 \u00e0 l&rsquo;esclavage, a suscit\u00e9 son lot de commentaires n\u00e9gatifs sur les r\u00e9seaux sociaux lors de sa diffusion lundi. Retour sur la controverse.&nbsp;<\/p>\n\n\n\n<p>D\u00e9but ao\u00fbt, TF1 annonce officiellement que le prochain \u00e9pisode de la s\u00e9rie familiale se d\u00e9roulera aux Antilles et \u00e9voquera l&rsquo;esclavage. Mimie Mathy, l&rsquo;actrice qui interpr\u00e8te le personnage depuis plus de 20 ans, l&rsquo;avait d\u00e9j\u00e0 \u00e9voqu\u00e9 en avril dans\u00a0<em><a href=\"http:\/\/tvmag.lefigaro.fr\/programme-tv\/mimie-mathy-josephine-ange-gardien-je-me-suis-crue-dans-un-western-de-sergio-leone_04067f0a-578e-11e9-9853-5380b75ccc40\/\">TV Mag<\/a><\/em>:\u00a0<\/p>\n\n\n\n<blockquote class=\"wp-block-quote is-layout-flow wp-block-quote-is-layout-flow\"><p>C\u2019est tr\u00e8s grave de savoir que cette p\u00e9riode a exist\u00e9 avec des hommes compl\u00e8tement fous qui en asservissaient d\u2019autres. \u00c7a n\u2019aurait jamais d\u00fb exister.\u00a0\u00bb<\/p><\/blockquote>\n\n\n\n<p>De premiers sourcils se haussent face \u00e0 cette d\u00e9marche: parler de l&rsquo;une des p\u00e9riodes les plus dramatiques de l&rsquo;histoire \u00e0 travers le prisme d&rsquo;une s\u00e9rie familiale au ton humoristique. \u00ab\u00a0Encore une idiotie pour faire croire au blanc qu\u2019il est all\u00e9 sauver le pauvre noir banania de l\u2019esclavage tel J\u00e9sus alors que non, on a pris notre libert\u00e9 \u00e0 coups de fusils et de sabres\u00a0\u00bb, s&rsquo;aga\u00e7ait un internaute.<\/p>\n\n\n\n<h3 class=\"wp-block-heading\">Un&nbsp;ton de com\u00e9die pour un sujet qui n&rsquo;est pas dr\u00f4le du tout\u00a0\u00bb<\/h3>\n\n\n\n<p>Apr\u00e8s de nombreuses r\u00e9actions outr\u00e9es qui pullulent sur le Web, Mimie Mathy tente d&rsquo;expliquer sa d\u00e9marche dans&nbsp;<em><a href=\"https:\/\/www.cinetelerevue.be\/actus\/mimie-mathy-josephine-ne-se-demode-pas?read=true#more\">Cin\u00e9 T\u00e9l\u00e9 Revue<\/a><\/em>:&nbsp;<\/p>\n\n\n\n<blockquote class=\"wp-block-quote is-layout-flow wp-block-quote-is-layout-flow\"><p>\u00ab\u00a0Il fallait qu&rsquo;on arrive \u00e0 donner un ton de com\u00e9die \u00e0 un sujet qui n&rsquo;est pas dr\u00f4le du tout. D&rsquo;ailleurs, TF1 avait peur que ce soit trop grave, trop s\u00e9rieux. C&rsquo;est pour cela qu&rsquo;on a d\u00e9cid\u00e9 d&rsquo;aborder la th\u00e9matique \u00e0 travers le regard d&rsquo;un enfant (&#8230;)&nbsp;le public qui regarde&nbsp;<em>Jos\u00e9phine<\/em>&nbsp;est majoritairement compos\u00e9 d&rsquo;enfants. Je voulais qu&rsquo;ils sachent qu&rsquo;on n&rsquo;a pas toujours \u00e9t\u00e9 libres.\u00a0\u00bb<\/p><\/blockquote>\n\n\n\n<p>\u00c0 ce discours vient s&rsquo;ajouter un alli\u00e9 de taille: Louis-Georges Tin, pr\u00e9sident du Conseil repr\u00e9sentatif des associations noires de France (CRAN), apr\u00e8s visionnage, a apport\u00e9 sa b\u00e9n\u00e9diction au film: \u00ab\u00a0Il y a un vrai effort pour montrer que les esclaves sont les premiers \u00e0 participer \u00e0 leur lib\u00e9ration. On voit des rebelles, des n\u00e8gres marrons\u00a0\u00bb, expliquait-il notamment \u00e0&nbsp;<em><a href=\"https:\/\/la1ere.francetvinfo.fr\/que-josephine-ange-gardien-aborde-question-esclavage-est-bonne-chose-estime-cran-741057.html\">La Premi\u00e8re<\/a><\/em>, notant que \u00ab\u00a0dans l&rsquo;\u00e9quipe de r\u00e9alisation figurent des descendants d&rsquo;esclaves.\u00a0\u00bb<\/p>\n\n\n\n<h3 class=\"wp-block-heading\">\u00ab\u00a0L&rsquo;esclavage, c&rsquo;est quelque chose de s\u00e9rieux\u00a0\u00bb<\/h3>\n\n\n\n<p>Pas de quoi apaiser les tensions pour autant: lundi, quelques heures avant la diffusion, Babette de Rozi\u00e8res s&rsquo;\u00e9levait contre la diffusion du double-\u00e9pisode dans une interview sur&nbsp;<em><a href=\"https:\/\/www.jeanmarcmorandini.com\/article-400661-exclu-babette-de-rozieres-furieuse-avant-la-diffusion-ce-soir-de-josephine-ange-gardien-je-ne-peux-pas-imaginer-que-tf1-fasse-une-comedie-avec-ca-video.html\">CNews<\/a><\/em>. La chef cuisini\u00e8re de l&rsquo;\u00e9mission&nbsp;<em><a href=\"https:\/\/people.bfmtv.com\/tv\/c-a-vous-fete-ses-10-ans-comment-anne-elisabeth-lemoine-a-booste-le-programme-1716228.html\">C \u00e0 Vous<\/a><\/em>, elle-m\u00eame d&rsquo;origine guadeloup\u00e9enne, s&rsquo;aga\u00e7ait:<\/p>\n\n\n\n<blockquote class=\"wp-block-quote is-layout-flow wp-block-quote-is-layout-flow\"><p>\u00ab\u00a0Est-ce que cette s\u00e9rie est appropri\u00e9e pour parler de l&rsquo;esclavage? Je ne pense pas. (&#8230;) L&rsquo;esclavage c&rsquo;est quelque chose de s\u00e9rieux (&#8230;)&nbsp;Je refuse de penser que l&rsquo;on peut traiter un sujet aussi important avec de l&rsquo;humour.\u00a0\u00bb<\/p><\/blockquote>\n\n\n\n<p>Et cette approche s&rsquo;est v\u00e9rifi\u00e9e lundi, lors de la diffusion sur TF1, avec les nombreuses r\u00e9actions choqu\u00e9es des internautes: \u00ab\u00a0L\u2019esclavage c\u2019est des viols, des violences, des tortures, une d\u00e9shumanisation des personnes Noires, on s\u00e9parait les enfants de leur parents, les \u00e9poux, les fr\u00e8res et les soeurs et \u00e7a en fait une com\u00e9die\u00a0\u00bb, \u00e9crivait notamment<a href=\"https:\/\/twitter.com\/YokaLosambo\/status\/1166145127099850753\">&nbsp;une internaute sur Twitter<\/a>. Beaucoup ont estim\u00e9 que les deux \u00e9pisodes offraient&nbsp;une repr\u00e9sentation \u00e9dulcor\u00e9e de ce qu&rsquo;\u00e9tait l&rsquo;esclavage.&nbsp;<\/p>\n\n\n\n<p>\u00ab\u00a0L&rsquo;\u00e9pisode de&nbsp;<em>Jos\u00e9phine, ange gardien<\/em>&nbsp;m&rsquo;a glac\u00e9 le sang. Conclusion apr\u00e8s cet \u00e9pisode lunaire: voil\u00e0 ce qui se passe quand on laisse \u00e0&nbsp;d&rsquo;autres le soin de raconter son histoire!\u00a0\u00bb,&nbsp;<a href=\"https:\/\/twitter.com\/Aladoum\/status\/1166129815851810816\">tweetait un autre<\/a>.&nbsp;C\u00f4t\u00e9 audiences, en revanche, le succ\u00e8s \u00e9tait au rendez-vous: TF1 est arriv\u00e9e deuxi\u00e8me derri\u00e8re M6, avec 3,4 millions de fid\u00e8les et 16,5% de part d&rsquo;audience selon&nbsp;<em><a href=\"http:\/\/www.leparisien.fr\/culture-loisirs\/tv\/audiences-tv-l-amour-est-dans-le-pre-juste-devant-josephine-et-a-l-interieur-27-08-2019-8139948.php\">Le Parisien<\/a><\/em>.&nbsp;<\/p>\n","protected":false},"excerpt":{"rendered":"<p>Le double-\u00e9pisode diffus\u00e9 lundi fait l&rsquo;objet de critiques depuis plusieurs semaines. Beaucoup estiment qu&rsquo;une s\u00e9rie familiale au ton humoristique n&rsquo;est pas adapt\u00e9e pour \u00e9voquer la traite des Noirs.&nbsp; Comme les semaines de pol\u00e9mique le laissaient pr\u00e9sager, les derni\u00e8res aventures de&nbsp;Jos\u00e9phine, ange gardien&nbsp;n&rsquo;ont&nbsp;pas ravi tout le monde.&nbsp;Enfin libres!, double \u00e9pisode consacr\u00e9 \u00e0 l&rsquo;esclavage, a suscit\u00e9 son [&hellip;]<\/p>\n","protected":false},"author":2,"featured_media":13099,"comment_status":"open","ping_status":"open","sticky":false,"template":"","format":"standard","meta":{"_jetpack_memberships_contains_paid_content":false,"footnotes":"","jetpack_publicize_message":"","jetpack_publicize_feature_enabled":true,"jetpack_social_post_already_shared":true,"jetpack_social_options":{"image_generator_settings":{"template":"highway","default_image_id":0,"font":"","enabled":false},"version":2},"_wpas_customize_per_network":false},"categories":[68],"tags":[2709],"class_list":["post-13098","post","type-post","status-publish","format-standard","has-post-thumbnail","hentry","category-actu-culturelle","tag-josephine"],"jetpack_publicize_connections":[],"jetpack_featured_media_url":"https:\/\/i0.wp.com\/www.iceagetv.com\/radiosite\/wp-content\/uploads\/2019\/08\/Jos%C3%A9phine-ange-gardien.jpeg?fit=789%2C600&ssl=1","jetpack_sharing_enabled":true,"_links":{"self":[{"href":"https:\/\/www.iceagetv.com\/radiosite\/wp-json\/wp\/v2\/posts\/13098","targetHints":{"allow":["GET"]}}],"collection":[{"href":"https:\/\/www.iceagetv.com\/radiosite\/wp-json\/wp\/v2\/posts"}],"about":[{"href":"https:\/\/www.iceagetv.com\/radiosite\/wp-json\/wp\/v2\/types\/post"}],"author":[{"embeddable":true,"href":"https:\/\/www.iceagetv.com\/radiosite\/wp-json\/wp\/v2\/users\/2"}],"replies":[{"embeddable":true,"href":"https:\/\/www.iceagetv.com\/radiosite\/wp-json\/wp\/v2\/comments?post=13098"}],"version-history":[{"count":1,"href":"https:\/\/www.iceagetv.com\/radiosite\/wp-json\/wp\/v2\/posts\/13098\/revisions"}],"predecessor-version":[{"id":13100,"href":"https:\/\/www.iceagetv.com\/radiosite\/wp-json\/wp\/v2\/posts\/13098\/revisions\/13100"}],"wp:featuredmedia":[{"embeddable":true,"href":"https:\/\/www.iceagetv.com\/radiosite\/wp-json\/wp\/v2\/media\/13099"}],"wp:attachment":[{"href":"https:\/\/www.iceagetv.com\/radiosite\/wp-json\/wp\/v2\/media?parent=13098"}],"wp:term":[{"taxonomy":"category","embeddable":true,"href":"https:\/\/www.iceagetv.com\/radiosite\/wp-json\/wp\/v2\/categories?post=13098"},{"taxonomy":"post_tag","embeddable":true,"href":"https:\/\/www.iceagetv.com\/radiosite\/wp-json\/wp\/v2\/tags?post=13098"}],"curies":[{"name":"wp","href":"https:\/\/api.w.org\/{rel}","templated":true}]}}