{"id":13101,"date":"2019-08-28T09:02:25","date_gmt":"2019-08-28T09:02:25","guid":{"rendered":"http:\/\/www.iceagetv.com\/radiosite\/?p=13101"},"modified":"2019-08-28T09:02:30","modified_gmt":"2019-08-28T09:02:30","slug":"reforme-des-retraites-devrons-nous-cotiser-plus-longtemps","status":"publish","type":"post","link":"https:\/\/www.iceagetv.com\/radiosite\/reforme-des-retraites-devrons-nous-cotiser-plus-longtemps\/","title":{"rendered":"R\u00e9forme des retraites : devrons-nous cotiser plus longtemps ?"},"content":{"rendered":"\n<h2 class=\"wp-block-heading\">Plut\u00f4t que l\u2019instauration d\u2019un \u00e2ge pivot \u00e0 64 ans pour toucher sa retraite \u00e0 taux plein, Emmanuel Macron a annonc\u00e9 qu\u2019il pr\u00e9f\u00e9rait jouer sur la dur\u00e9e de cotisation.C&rsquo;est une petite phrase qui a fait l&rsquo;effet d&rsquo;une bombe. \u00ab Je pr\u00e9f\u00e8re qu&rsquo;on trouve un accord sur la dur\u00e9e de cotisation plut\u00f4t que sur l&rsquo;\u00e2ge \u00bb, a l\u00e2ch\u00e9 Emmanuel Macron \u00e0 la fin de son intervention sur France 2 depuis Biarritz (Pyr\u00e9n\u00e9es-Atlantiques), \u00e0 l&rsquo;occasion de la cl\u00f4ture du G7.<br><\/h2>\n\n\n\n<p><a rel=\"noreferrer noopener\" href=\"http:\/\/www.leparisien.fr\/economie\/reforme-des-retraites-l-operation-deminage-d-emmanuel-macron-26-08-2019-8139828.php\" target=\"_blank\">Interrog\u00e9 sur la r\u00e9forme \u00e0 venir des retraites<\/a>, le pr\u00e9sident a donc pris, contre toute attente, ses distances avec l&rsquo;une des pr\u00e9conisations phares -et aussi l&rsquo;une des plus controvers\u00e9es- pr\u00e9sent\u00e9es mi-juillet par Jean-Paul Delevoye, le haut-commissaire charg\u00e9 du dossier : celui de l&rsquo;\u00e2ge pivot, \u00e9galement appel\u00e9 \u00ab \u00e2ge du taux plein \u00bb ou \u00ab \u00e2ge d&rsquo;\u00e9quilibre \u00bb\u00a0<a rel=\"noreferrer noopener\" href=\"http:\/\/www.leparisien.fr\/economie\/reforme-des-retraites-il-y-aura-bien-un-age-d-equilibre-a-64-ans-18-07-2019-8119299.php\" target=\"_blank\">fix\u00e9 \u00e0 64 ans<\/a>. \u00c0 ne pas confondre avec l&rsquo;\u00e2ge l\u00e9gal de d\u00e9part \u00e0 la retraite, qui reste, lui, \u00e0 62 ans<\/p>\n\n\n\n<p>Dans le rapport Delevoye, cet \u00e2ge pivot de 64 ans devait \u00eatre l&rsquo;\u00e2ge \u00e0 partir duquel, dans le nouveau syst\u00e8me, il devenait possible de toucher sa retraite \u00e0 taux plein. Entre 62 et 64 ans, il \u00e9tait pr\u00e9vu un malus.<\/p>\n\n\n\n<p>Seulement voil\u00e0. Ce m\u00e9canisme, qui devait permettre de remettre les comptes publics \u00e0 flot en incitant les Fran\u00e7ais \u00e0 travailler plus longtemps, \u00e9tait&nbsp;<a href=\"http:\/\/www.leparisien.fr\/economie\/retraites\/polemique-autour-de-la-presentation-de-la-reforme-des-retraites-24-07-2019-8123070.php\" target=\"_blank\" rel=\"noreferrer noopener\">rejet\u00e9 par tous les syndicats<\/a>, au premier rang desquels la CFDT. \u00ab S&rsquo;il reste tel quel, ce sera niet pour la CFDT \u00bb, avait encore l\u00e2ch\u00e9 cet \u00e9t\u00e9 le secr\u00e9taire g\u00e9n\u00e9ral du premier syndicat fran\u00e7ais Laurent Berger. Sans surprise la CFDT a donc \u00e9t\u00e9 ce mardi prompte \u00e0 se f\u00e9liciter de ce revirement. \u00ab C&rsquo;est une ouverture! \u00bb, a salu\u00e9 Fr\u00e9d\u00e9ric S\u00e8ve, en charge du dossier pour le syndicat.<\/p>\n\n\n\n<h2 class=\"wp-block-heading\">La col\u00e8re du Medef<\/h2>\n\n\n\n<p>De son c\u00f4t\u00e9, la CGT, plus circonspecte et fermement oppos\u00e9e depuis le d\u00e9part au projet de r\u00e9forme, fustige dans nos colonnes&nbsp;<a href=\"http:\/\/www.leparisien.fr\/economie\/reforme-des-retraites-il-faudra-de-toute-facon-travailler-plus-longtemps-critique-philippe-martinez-27-08-2019-8140152.php\" target=\"_blank\" rel=\"noreferrer noopener\">une \u00ab op\u00e9ration d\u00e9minage du pr\u00e9sident \u00bb<\/a>&nbsp;visant \u00e0 \u00e9teindre la col\u00e8re sociale qui se profile.<\/p>\n\n\n\n<p>Dans les rangs patronaux, la pilule est plus dure \u00e0 avaler. \u00ab On a une impasse financi\u00e8re en 2025, a martel\u00e9 le pr\u00e9sident du Medef, Geoffroy Roux de B\u00e9zieux,\u00a0<a rel=\"noreferrer noopener\" href=\"https:\/\/www.francetvinfo.fr\/economie\/retraite\/reforme-des-retraites\/changement-de-cap-d-emmanuel-macron-sur-les-retraites-j-espere-que-ce-n-est-pas-une-manoeuvre-pour-enterrer-la-reforme-indique-le-president-du-medef_3592259.html\" target=\"_blank\">sur France Inter<\/a>. On ne fera pas l&rsquo;\u00e9conomie de l&rsquo;\u00e2ge et c&rsquo;est mentir par omission aux Fran\u00e7ais que de dire le contraire \u00bb, s&rsquo;agace-t-il.<\/p>\n\n\n\n<p>La question de l&rsquo;\u00e9quilibre financier n&rsquo;\u00e9chappe pourtant pas au pr\u00e9sident de la R\u00e9publique. Il a aussi reconnu que notre syst\u00e8me de retraites \u00e9tait en d\u00e9s\u00e9quilibre financier et qu&rsquo;il faudrait remettre les finances d&rsquo;aplomb pour 2025, date d&rsquo;entr\u00e9e en vigueur de la loi \u00e0 venir. Comment, alors, r\u00e9former le syst\u00e8me actuel d&rsquo;ici six ans ?<\/p>\n\n\n\n<h2 class=\"wp-block-heading\">Acc\u00e9l\u00e9rer la r\u00e9forme Touraine ? L&rsquo;Elys\u00e9e y songe<\/h2>\n\n\n\n<p>Telle est l&rsquo;\u00e9pineuse question qui sera d\u00e9battue \u00e0 Matignon \u00e0 partir du 5 septembre. Autour de la table : le Premier ministre \u00c9douard Philippe, la ministre de la Sant\u00e9 Agn\u00e8s Buzyn et les partenaires sociaux. L&rsquo;objectif du gouvernement,&nbsp;<a href=\"http:\/\/www.leparisien.fr\/economie\/reforme-des-retraites-buzyn-confirme-la-mise-en-place-d-une-concertation-citoyenne-21-08-2019-8136705.php\" target=\"_blank\" rel=\"noreferrer noopener\">qui compte aussi consulter les Fran\u00e7ais sur le sujet \u00e0 l&rsquo;automne,<\/a>&nbsp;est de mettre en place un syst\u00e8me universel \u00ab par points \u00bb o\u00f9 un euro cotis\u00e9 donnerait les m\u00eames droits \u00e0 l&rsquo;ensemble des salari\u00e9s. Mais \u00e0 \u00e9couter Emmanuel Macron, tout est encore ouvert.<\/p>\n","protected":false},"excerpt":{"rendered":"<p>Plut\u00f4t que l\u2019instauration d\u2019un \u00e2ge pivot \u00e0 64 ans pour toucher sa retraite \u00e0 taux plein, Emmanuel Macron a annonc\u00e9 qu\u2019il pr\u00e9f\u00e9rait jouer sur la dur\u00e9e de cotisation.C&rsquo;est une petite phrase qui a fait l&rsquo;effet d&rsquo;une bombe. \u00ab Je pr\u00e9f\u00e8re qu&rsquo;on trouve un accord sur la dur\u00e9e de cotisation plut\u00f4t que sur l&rsquo;\u00e2ge \u00bb, a [&hellip;]<\/p>\n","protected":false},"author":2,"featured_media":13102,"comment_status":"open","ping_status":"open","sticky":false,"template":"","format":"standard","meta":{"_jetpack_memberships_contains_paid_content":false,"footnotes":"","jetpack_publicize_message":"","jetpack_publicize_feature_enabled":true,"jetpack_social_post_already_shared":true,"jetpack_social_options":{"image_generator_settings":{"template":"highway","default_image_id":0,"font":"","enabled":false},"version":2},"_wpas_customize_per_network":false},"categories":[405],"tags":[],"class_list":["post-13101","post","type-post","status-publish","format-standard","has-post-thumbnail","hentry","category-actu-france-monde"],"jetpack_publicize_connections":[],"jetpack_featured_media_url":"https:\/\/i0.wp.com\/www.iceagetv.com\/radiosite\/wp-content\/uploads\/2019\/08\/R%C3%A9forme-des-retraites.jpg?fit=932%2C582&ssl=1","jetpack_sharing_enabled":true,"_links":{"self":[{"href":"https:\/\/www.iceagetv.com\/radiosite\/wp-json\/wp\/v2\/posts\/13101","targetHints":{"allow":["GET"]}}],"collection":[{"href":"https:\/\/www.iceagetv.com\/radiosite\/wp-json\/wp\/v2\/posts"}],"about":[{"href":"https:\/\/www.iceagetv.com\/radiosite\/wp-json\/wp\/v2\/types\/post"}],"author":[{"embeddable":true,"href":"https:\/\/www.iceagetv.com\/radiosite\/wp-json\/wp\/v2\/users\/2"}],"replies":[{"embeddable":true,"href":"https:\/\/www.iceagetv.com\/radiosite\/wp-json\/wp\/v2\/comments?post=13101"}],"version-history":[{"count":1,"href":"https:\/\/www.iceagetv.com\/radiosite\/wp-json\/wp\/v2\/posts\/13101\/revisions"}],"predecessor-version":[{"id":13103,"href":"https:\/\/www.iceagetv.com\/radiosite\/wp-json\/wp\/v2\/posts\/13101\/revisions\/13103"}],"wp:featuredmedia":[{"embeddable":true,"href":"https:\/\/www.iceagetv.com\/radiosite\/wp-json\/wp\/v2\/media\/13102"}],"wp:attachment":[{"href":"https:\/\/www.iceagetv.com\/radiosite\/wp-json\/wp\/v2\/media?parent=13101"}],"wp:term":[{"taxonomy":"category","embeddable":true,"href":"https:\/\/www.iceagetv.com\/radiosite\/wp-json\/wp\/v2\/categories?post=13101"},{"taxonomy":"post_tag","embeddable":true,"href":"https:\/\/www.iceagetv.com\/radiosite\/wp-json\/wp\/v2\/tags?post=13101"}],"curies":[{"name":"wp","href":"https:\/\/api.w.org\/{rel}","templated":true}]}}