{"id":13104,"date":"2019-08-28T09:06:50","date_gmt":"2019-08-28T09:06:50","guid":{"rendered":"http:\/\/www.iceagetv.com\/radiosite\/?p=13104"},"modified":"2019-08-28T09:06:55","modified_gmt":"2019-08-28T09:06:55","slug":"les-adolescents-francais-sont-plus-souvent-en-surpoids-quil-y-a-dix-ans","status":"publish","type":"post","link":"https:\/\/www.iceagetv.com\/radiosite\/les-adolescents-francais-sont-plus-souvent-en-surpoids-quil-y-a-dix-ans\/","title":{"rendered":"Les adolescents fran\u00e7ais sont plus souvent en surpoids qu\u2019il y a dix ans"},"content":{"rendered":"\n<p><strong>Pr\u00e8s d\u2019un jeune en classe de troisi\u00e8me sur cinq est en surpoids, selon une \u00e9tude d\u00e9voil\u00e9e mercredi 28\u00a0ao\u00fbt. La sant\u00e9 bucco-dentaire des adolescents est en revanche en nette am\u00e9lioration.<\/strong><\/p>\n\n\n\n<p>es adolescents fran\u00e7ais ont des dents en meilleure sant\u00e9 qu\u2019il y a une dizaine d\u2019ann\u00e9es, mais ils sont&nbsp;<strong>\u00ab\u2009plus souvent en&nbsp;<a href=\"https:\/\/www.ouest-france.fr\/sante\/obesite-pres-d-un-tiers-de-la-population-mondiale-en-surpoids-5357847\">surcharge pond\u00e9rale<\/a>\u2009\u00bb<\/strong>, selon une \u00e9tude publi\u00e9e mercredi 28&nbsp;ao\u00fbt par la Drees, le service statistique des minist\u00e8res sociaux.<\/p>\n\n\n\n<p>18,2\u2009% des adolescents en classe de 3e sont en&nbsp;<a href=\"https:\/\/www.ouest-france.fr\/leditiondusoir\/data\/11305\/reader\/reader.html?t=1508947727772#!preferred\/1\/package\/11305\/pub\/16250\/page\/16\">surcharge pond\u00e9rale<\/a>, dont plus d\u2019un quart (5,2\u2009%) sont ob\u00e8ses, conclut cette enqu\u00eate de sant\u00e9 men\u00e9e en 2016 et&nbsp;2017 aupr\u00e8s de 7\u2009200 \u00e9l\u00e8ves.<\/p>\n\n\n\n<h2 class=\"wp-block-heading\">Une hausse notable du surpoids<\/h2>\n\n\n\n<p>Ces proportions \u00e9taient respectivement de 17\u2009% et 3,8\u2009% en 2009 et 15,8\u2009% et 3,5\u2009% en 2001, rappelle la Drees, soulignant que la hausse est notable&nbsp;<strong>\u00ab\u2009en particulier pour les filles\u2009\u00bb<\/strong>.<\/p>\n\n\n\n<p><strong>\u00ab\u2009La sant\u00e9 bucco-dentaire est, en revanche, en nette am\u00e9lioration\u2009: 68\u2009% des adolescents ont des dents indemnes de caries, contre 56\u2009% en 2009\u2009\u00bb<\/strong>, note l\u2019organisme statistique.<\/p>\n\n\n\n<p>Les jeunes participants \u00e0 l\u2019\u00e9tude ont r\u00e9alis\u00e9 un examen de sant\u00e9 ainsi qu\u2019un entretien portant sur leurs habitudes de vie et leur sant\u00e9 respiratoire.<\/p>\n\n\n\n<p>Pr\u00e8s d\u2019un adolescent sur huit (12\u2009%) d\u00e9clare ainsi avoir eu des sifflements dans la poitrine au cours des douze derniers mois, ce qui peut \u00eatre un indicateur d\u2019asthme, contre 10\u2009% en 2009. Les filles \u00e9taient plus fr\u00e9quemment concern\u00e9es par ces sifflements que les gar\u00e7ons (15\u2009% contre 9\u2009%).<\/p>\n\n\n\n<h2 class=\"wp-block-heading\">De fortes disparit\u00e9s sociales<\/h2>\n\n\n\n<p>Dans ses conclusions, la Drees met l\u2019accent sur la persistance de fortes in\u00e9galit\u00e9s sociales.&nbsp;<strong>\u00ab\u2009Ainsi, 24\u2009% des enfants d\u2019ouvriers sont en surcharge pond\u00e9rale et 8\u2009% sont ob\u00e8ses, contre respectivement 12\u2009% et 3\u2009% des enfants de cadres. La proportion de ceux qui n\u2019ont aucune dent cari\u00e9e s\u2019\u00e9l\u00e8ve \u00e0 59\u2009% pour les enfants d\u2019ouvriers, contre 77\u2009% pour ceux des cadres\u2009\u00bb<\/strong>.<\/p>\n\n\n\n<p>De m\u00eame, 10\u2009% des \u00e9l\u00e8ves en coll\u00e8ges \u00ab\u2009<a href=\"https:\/\/www.ouest-france.fr\/education\/l-education-prioritaire-en-primaire-plebiscitee-par-les-profs-4770976\">\u00e9ducation prioritaire<\/a>\u2009\u00bb ont des troubles de la vision de loin non corrig\u00e9s, soit le double des \u00e9l\u00e8ves scolaris\u00e9s dans d\u2019autres \u00e9tablissements.<\/p>\n\n\n\n<p><strong>\u00ab\u2009Ces disparit\u00e9s peuvent en partie s\u2019expliquer par des habitudes de vie diff\u00e9renci\u00e9es selon le milieu social. Les habitudes de vie b\u00e9n\u00e9fiques \u00e0 la sant\u00e9 sont plus souvent d\u00e9clar\u00e9es par les adolescents issus des milieux socialement favoris\u00e9s\u2009: prise r\u00e9guli\u00e8re d\u2019un petit-d\u00e9jeuner, pratique d\u2019un sport, limitation du temps pass\u00e9 devant les \u00e9crans, recours au dentiste\u2009\u00bb<\/strong>, analyse la Drees.<\/p>\n\n\n\n<p>Par exemple, seule une moiti\u00e9 (52\u2009%) des coll\u00e9giens scolaris\u00e9s en \u00e9ducation prioritaire d\u00e9clarent prendre un petit-d\u00e9jeuner tous les matins, contre les deux tiers (65\u2009%) pour ceux des autres \u00e9tablissements.<\/p>\n","protected":false},"excerpt":{"rendered":"<p>Pr\u00e8s d\u2019un jeune en classe de troisi\u00e8me sur cinq est en surpoids, selon une \u00e9tude d\u00e9voil\u00e9e mercredi 28\u00a0ao\u00fbt. La sant\u00e9 bucco-dentaire des adolescents est en revanche en nette am\u00e9lioration. es adolescents fran\u00e7ais ont des dents en meilleure sant\u00e9 qu\u2019il y a une dizaine d\u2019ann\u00e9es, mais ils sont&nbsp;\u00ab\u2009plus souvent en&nbsp;surcharge pond\u00e9rale\u2009\u00bb, selon une \u00e9tude publi\u00e9e mercredi [&hellip;]<\/p>\n","protected":false},"author":2,"featured_media":13105,"comment_status":"open","ping_status":"open","sticky":false,"template":"","format":"standard","meta":{"_jetpack_memberships_contains_paid_content":false,"footnotes":"","jetpack_publicize_message":"","jetpack_publicize_feature_enabled":true,"jetpack_social_post_already_shared":true,"jetpack_social_options":{"image_generator_settings":{"template":"highway","default_image_id":0,"font":"","enabled":false},"version":2},"_wpas_customize_per_network":false},"categories":[405],"tags":[],"class_list":["post-13104","post","type-post","status-publish","format-standard","has-post-thumbnail","hentry","category-actu-france-monde"],"jetpack_publicize_connections":[],"jetpack_featured_media_url":"https:\/\/i0.wp.com\/www.iceagetv.com\/radiosite\/wp-content\/uploads\/2019\/08\/Les-adolescents-fran%C3%A7ais-sont-plus-souvent-en-surpoids.jpg?fit=1260%2C708&ssl=1","jetpack_sharing_enabled":true,"_links":{"self":[{"href":"https:\/\/www.iceagetv.com\/radiosite\/wp-json\/wp\/v2\/posts\/13104","targetHints":{"allow":["GET"]}}],"collection":[{"href":"https:\/\/www.iceagetv.com\/radiosite\/wp-json\/wp\/v2\/posts"}],"about":[{"href":"https:\/\/www.iceagetv.com\/radiosite\/wp-json\/wp\/v2\/types\/post"}],"author":[{"embeddable":true,"href":"https:\/\/www.iceagetv.com\/radiosite\/wp-json\/wp\/v2\/users\/2"}],"replies":[{"embeddable":true,"href":"https:\/\/www.iceagetv.com\/radiosite\/wp-json\/wp\/v2\/comments?post=13104"}],"version-history":[{"count":1,"href":"https:\/\/www.iceagetv.com\/radiosite\/wp-json\/wp\/v2\/posts\/13104\/revisions"}],"predecessor-version":[{"id":13106,"href":"https:\/\/www.iceagetv.com\/radiosite\/wp-json\/wp\/v2\/posts\/13104\/revisions\/13106"}],"wp:featuredmedia":[{"embeddable":true,"href":"https:\/\/www.iceagetv.com\/radiosite\/wp-json\/wp\/v2\/media\/13105"}],"wp:attachment":[{"href":"https:\/\/www.iceagetv.com\/radiosite\/wp-json\/wp\/v2\/media?parent=13104"}],"wp:term":[{"taxonomy":"category","embeddable":true,"href":"https:\/\/www.iceagetv.com\/radiosite\/wp-json\/wp\/v2\/categories?post=13104"},{"taxonomy":"post_tag","embeddable":true,"href":"https:\/\/www.iceagetv.com\/radiosite\/wp-json\/wp\/v2\/tags?post=13104"}],"curies":[{"name":"wp","href":"https:\/\/api.w.org\/{rel}","templated":true}]}}