{"id":13107,"date":"2019-08-28T09:09:23","date_gmt":"2019-08-28T09:09:23","guid":{"rendered":"http:\/\/www.iceagetv.com\/radiosite\/?p=13107"},"modified":"2019-08-28T09:09:27","modified_gmt":"2019-08-28T09:09:27","slug":"contre-lavis-de-la-ministre-de-lecologie-la-justice-vole-au-secours-dune-espece-doiseau-menacee","status":"publish","type":"post","link":"https:\/\/www.iceagetv.com\/radiosite\/contre-lavis-de-la-ministre-de-lecologie-la-justice-vole-au-secours-dune-espece-doiseau-menacee\/","title":{"rendered":"Contre l&rsquo;avis de la ministre de l&rsquo;Ecologie, la justice vole au secours d&rsquo;une esp\u00e8ce d&rsquo;oiseau menac\u00e9e"},"content":{"rendered":"\n<h2 class=\"wp-block-heading\">D\u00e9but ao\u00fbt, la ministre de l&rsquo;Ecologie a pris un arr\u00eat\u00e9 autorisant la chasse de 6000 courlis cendr\u00e9s, une esp\u00e8ce d&rsquo;oiseau menac\u00e9e. Face \u00e0 l&rsquo;ire des d\u00e9fenseurs des animaux, le Conseil d&rsquo;Etat,&nbsp;saisi par la Ligue de protection des oiseaux, a ordonn\u00e9 la suspension de ce texte pol\u00e9mique.&nbsp;<\/h2>\n\n\n\n<p>Le Conseil d&rsquo;Etat a ordonn\u00e9 la suspension imm\u00e9diate d&rsquo;un&nbsp;<a href=\"https:\/\/www.bfmtv.com\/societe\/un-arrete-autorise-la-chasse-d-une-espece-d-oiseau-menacee-colere-des-defenseurs-des-animaux-1741863.html\">r\u00e9cent arr\u00eat\u00e9 minist\u00e9riel autorisant la chasse au courlis cendr\u00e9<\/a>, une esp\u00e8ce menac\u00e9e, a annonc\u00e9 mardi la haute juridiction administrative, saisie par la Ligue de protection des oiseaux (LPO).<\/p>\n\n\n\n<blockquote class=\"wp-block-quote is-layout-flow wp-block-quote-is-layout-flow\"><p>\u00ab\u00a0La suspension de l&rsquo;ex\u00e9cution de cet arr\u00eat\u00e9 doit \u00eatre ordonn\u00e9e en tant qu&rsquo;il fixe \u00e0 un nombre sup\u00e9rieur \u00e0 z\u00e9ro le total de pr\u00e9l\u00e8vements autoris\u00e9s de courlis cendr\u00e9s pour l&rsquo;ensemble du territoire m\u00e9tropolitain\u00a0\u00bb, indique l&rsquo;ordonnance du Conseil d&rsquo;Etat rendue lundi.<\/p><\/blockquote>\n\n\n\n<h3 class=\"wp-block-heading\">Autorisation de chasser 6000 courlis cendr\u00e9s<\/h3>\n\n\n\n<p>La chasse \u00e0 ce petit \u00e9chassier \u00e9tait ouverte depuis le 3 ao\u00fbt sur le domaine public maritime des d\u00e9partements de la fa\u00e7ade maritime de l&rsquo;Atlantique, de la Manche et de la mer du Nord, selon l&rsquo;arr\u00eat\u00e9 de la ministre de la Transition \u00e9cologique Elisabeth Borne, dat\u00e9 du 31 juillet 2019. Il pr\u00e9voyait que le courlis cendr\u00e9 pourrait \u00eatre chass\u00e9 \u00e0 partir du 15 septembre sur le reste du territoire.&nbsp;<\/p>\n\n\n\n<p>L&rsquo;arr\u00eat\u00e9 autorisait la chasse de 6000 courlis cendr\u00e9s pour cette saison alors que l&rsquo;oiseau est inscrit sur la liste rouge des esp\u00e8ces menac\u00e9es de l&rsquo;UICN. C&rsquo;est \u00ab\u00a0une douche froide pour les chasseurs\u00a0\u00bb, a r\u00e9agi la F\u00e9d\u00e9ration nationale des chasseurs (FNC) dans un communiqu\u00e9.<\/p>\n\n\n\n<blockquote class=\"wp-block-quote is-layout-flow wp-block-quote-is-layout-flow\"><p>\u00ab\u00a0Encore une fois, l&rsquo;Europe et le Conseil d&rsquo;Etat ne voient pas plus loin que le bout de leur nez, ne parlant que de la chasse comme variable d&rsquo;ajustement\u00a0\u00bb, d\u00e9plorent les chasseurs.<\/p><\/blockquote>\n\n\n\n<p>La FNC demande d\u00e9sormais \u00ab\u00a0la suspension imm\u00e9diate des n\u00e9gociations autour de la gestion adaptative tant que des bases saines n&rsquo;auront pas \u00e9t\u00e9 trouv\u00e9es\u00a0\u00bb.<\/p>\n\n\n\n<h3 class=\"wp-block-heading\">\u00ab\u00a0Quota z\u00e9ro\u00a0\u00bb&nbsp;<\/h3>\n\n\n\n<p>L&rsquo;an dernier, le gouvernement, accus\u00e9 notamment par le ministre d\u00e9missionnaire Nicolas Hulot de favoriser le lobby des chasseurs, a pr\u00e9sent\u00e9 une r\u00e9forme de la chasse divisant le prix du permis national par deux et mettant en place la \u00ab\u00a0gestion adaptative\u00a0\u00bb, pour remplacer la liste fig\u00e9e d&rsquo;esp\u00e8ces chassables.<\/p>\n\n\n\n<blockquote class=\"wp-block-quote is-layout-flow wp-block-quote-is-layout-flow\"><p>\u00ab\u00a0Quota z\u00e9ro pour la chasse au courlis!\u00a0\u00bb, s&rsquo;est f\u00e9licit\u00e9e la LPO apr\u00e8s l&rsquo;annonce de la d\u00e9cision en urgence du Conseil d&rsquo;Etat. \u00ab\u00a0La strat\u00e9gie gouvernementale d&rsquo;utiliser le principe de &lsquo;gestion adaptative&rsquo;&nbsp;dans le but de laisser perdurer la chasse d&rsquo;esp\u00e8ces sauvages vuln\u00e9rables est \u00e0 nouveau mise en \u00e9chec\u00a0\u00bb, a ajout\u00e9 l&rsquo;association dans un communiqu\u00e9.<\/p><\/blockquote>\n\n\n\n<p>En d\u00e9but d&rsquo;ann\u00e9e, le Conseil d&rsquo;Etat avait d\u00e9j\u00e0 ordonn\u00e9 la suspension imm\u00e9diate d&rsquo;un arr\u00eat\u00e9 autorisant la prolongation de la chasse aux oies sauvages en f\u00e9vrier.&nbsp;La LPO, qui avait saisi en urgence le Conseil d&rsquo;Etat sur le courlis cendr\u00e9 et l&rsquo;a saisi \u00e9galement au fond, s&rsquo;alarme aussi du sort de la tourterelle des bois.<\/p>\n\n\n\n<h3 class=\"wp-block-heading\">Prot\u00e9ger les autres esp\u00e8ces menac\u00e9es<\/h3>\n\n\n\n<blockquote class=\"wp-block-quote is-layout-flow wp-block-quote-is-layout-flow\"><p>\u00ab\u00a0Nous attendons maintenant avec inqui\u00e9tude et d\u00e9termination\u00a0\u00bb la d\u00e9cision de la ministre Elisabeth Borne sur cette esp\u00e8ce, souligne Allain Bougrain Dubourg, pr\u00e9sident de la LPO. \u00ab\u00a0Inqui\u00e9tude car il y a fort \u00e0 craindre qu&rsquo;elle autorisera \u00e0 nouveau la chasse d&rsquo;une esp\u00e8ce en tr\u00e8s mauvais \u00e9tat de conservation; d\u00e9termination car toutes ces d\u00e9cisions incompr\u00e9hensibles nourrissent la plainte de la LPO au niveau europ\u00e9en\u00a0\u00bb, a-t-il dit.<\/p><\/blockquote>\n\n\n\n<p>Selon la LPO, la ministre s&rsquo;appr\u00eate \u00e0 prendre un arr\u00eat\u00e9 \u00ab\u00a0pour tuer 30.000 individus alors que l&rsquo;esp\u00e8ce est menac\u00e9e d&rsquo;extinction au niveau mondial\u00a0\u00bb. Fin juillet, apr\u00e8s une plainte de la LPO, la Commission europ\u00e9enne a somm\u00e9 la France et l&rsquo;Espagne de renforcer la protection de la tourterelle des bois.<\/p>\n","protected":false},"excerpt":{"rendered":"<p>D\u00e9but ao\u00fbt, la ministre de l&rsquo;Ecologie a pris un arr\u00eat\u00e9 autorisant la chasse de 6000 courlis cendr\u00e9s, une esp\u00e8ce d&rsquo;oiseau menac\u00e9e. Face \u00e0 l&rsquo;ire des d\u00e9fenseurs des animaux, le Conseil d&rsquo;Etat,&nbsp;saisi par la Ligue de protection des oiseaux, a ordonn\u00e9 la suspension de ce texte pol\u00e9mique.&nbsp; Le Conseil d&rsquo;Etat a ordonn\u00e9 la suspension imm\u00e9diate d&rsquo;un&nbsp;r\u00e9cent [&hellip;]<\/p>\n","protected":false},"author":2,"featured_media":13108,"comment_status":"open","ping_status":"open","sticky":false,"template":"","format":"standard","meta":{"_jetpack_memberships_contains_paid_content":false,"footnotes":"","jetpack_publicize_message":"","jetpack_publicize_feature_enabled":true,"jetpack_social_post_already_shared":true,"jetpack_social_options":{"image_generator_settings":{"template":"highway","default_image_id":0,"font":"","enabled":false},"version":2},"_wpas_customize_per_network":false},"categories":[14],"tags":[],"class_list":["post-13107","post","type-post","status-publish","format-standard","has-post-thumbnail","hentry","category-actu-meteo"],"jetpack_publicize_connections":[],"jetpack_featured_media_url":"https:\/\/i0.wp.com\/www.iceagetv.com\/radiosite\/wp-content\/uploads\/2019\/08\/6000-courlis-cendr%C3%A9s.jpeg?fit=997%2C600&ssl=1","jetpack_sharing_enabled":true,"_links":{"self":[{"href":"https:\/\/www.iceagetv.com\/radiosite\/wp-json\/wp\/v2\/posts\/13107","targetHints":{"allow":["GET"]}}],"collection":[{"href":"https:\/\/www.iceagetv.com\/radiosite\/wp-json\/wp\/v2\/posts"}],"about":[{"href":"https:\/\/www.iceagetv.com\/radiosite\/wp-json\/wp\/v2\/types\/post"}],"author":[{"embeddable":true,"href":"https:\/\/www.iceagetv.com\/radiosite\/wp-json\/wp\/v2\/users\/2"}],"replies":[{"embeddable":true,"href":"https:\/\/www.iceagetv.com\/radiosite\/wp-json\/wp\/v2\/comments?post=13107"}],"version-history":[{"count":1,"href":"https:\/\/www.iceagetv.com\/radiosite\/wp-json\/wp\/v2\/posts\/13107\/revisions"}],"predecessor-version":[{"id":13109,"href":"https:\/\/www.iceagetv.com\/radiosite\/wp-json\/wp\/v2\/posts\/13107\/revisions\/13109"}],"wp:featuredmedia":[{"embeddable":true,"href":"https:\/\/www.iceagetv.com\/radiosite\/wp-json\/wp\/v2\/media\/13108"}],"wp:attachment":[{"href":"https:\/\/www.iceagetv.com\/radiosite\/wp-json\/wp\/v2\/media?parent=13107"}],"wp:term":[{"taxonomy":"category","embeddable":true,"href":"https:\/\/www.iceagetv.com\/radiosite\/wp-json\/wp\/v2\/categories?post=13107"},{"taxonomy":"post_tag","embeddable":true,"href":"https:\/\/www.iceagetv.com\/radiosite\/wp-json\/wp\/v2\/tags?post=13107"}],"curies":[{"name":"wp","href":"https:\/\/api.w.org\/{rel}","templated":true}]}}