{"id":13110,"date":"2019-08-30T16:28:09","date_gmt":"2019-08-30T16:28:09","guid":{"rendered":"http:\/\/www.iceagetv.com\/radiosite\/?p=13110"},"modified":"2019-08-30T16:28:14","modified_gmt":"2019-08-30T16:28:14","slug":"fin-de-la-taxe-dhabitation-en-2022-ou-en-2023-gerald-darmanin-precise","status":"publish","type":"post","link":"https:\/\/www.iceagetv.com\/radiosite\/fin-de-la-taxe-dhabitation-en-2022-ou-en-2023-gerald-darmanin-precise\/","title":{"rendered":"Fin de la taxe d&rsquo;habitation en 2022 ou en 2023 ? G\u00e9rald Darmanin pr\u00e9cise"},"content":{"rendered":"\n<p>G\u00e9rald Darmanin \u00e9tait l&rsquo;invit\u00e9 de RTL ce vendredi 30 ao\u00fbt, au matin. Interrog\u00e9 sur la taxe d&rsquo;habitation, le ministre de l&rsquo;Action et des Comptes publics a d\u00e9clar\u00e9 que \u00ab\u00a0tous les Fran\u00e7ais auront leur\u00a0<a href=\"https:\/\/www.rtl.fr\/actu\/politique\/taxe-d-habitation-elle-sera-supprimee-en-2022-confirme-gerald-darmanin-sur-rtl-7798248921\">taxe d&rsquo;habitation supprim\u00e9e pour 2022&Prime;<\/a>, sans en dire plus.<\/p>\n\n\n\n<p>Quelques heures plus tard, sur Twitter, G\u00e9rald Darmanin a apport\u00e9 la pr\u00e9cision suivante : \u00ab\u00a02022 sera la derni\u00e8re ann\u00e9e au cours de laquelle 20 % des Fran\u00e7ais les plus ais\u00e9s paieront le dernier tiers de leur taxe d\u2019habitation.&nbsp;<strong>En 2023, elle aura disparu pour tous\u00a0\u00bb.<\/strong><\/p>\n\n\n\n<p>Le 12 juin dernier, le Premier ministre, lors de&nbsp;<a href=\"https:\/\/www.rtl.fr\/actu\/politique\/taxe-d-habitation-elle-sera-integralement-supprimee-annonce-edouard-philippe-7797832337\">son discours de politique g\u00e9n\u00e9rale<\/a>, avait affirm\u00e9 que pour les 80 % des Fran\u00e7ais les plus modestes, elle \u00ab\u00a0sera int\u00e9gralement supprim\u00e9e en 2020.Pour les 20 % de Fran\u00e7ais restants, la suppression se d\u00e9ploiera sur les trois ann\u00e9es suivantes.\u00a0\u00bb&nbsp;<strong>Le lendemain, Bruno le Maire avait confirm\u00e9 une&nbsp;<a href=\"https:\/\/www.rtl.fr\/actu\/politique\/taxe-d-habitation-la-suppression-integrale-est-reportee-a-2023-confirme-le-maire-7797845263\">suppression int\u00e9grale en 2023<\/a>.&nbsp;<\/strong><br><br>La d\u00e9claration de&nbsp;<a href=\"https:\/\/www.rtl.fr\/actu\/politique\/reforme-des-retraites-darmanin-annonce-sur-rtl-un-peu-moins-d-un-an-de-concertation-7798248777\">G\u00e9rald Darmanin<\/a>&nbsp;sur Twitter confirme donc&nbsp;<strong>cette suppression int\u00e9grale effective en 2023 pour tous les Fran\u00e7ais.&nbsp;<\/strong><\/p>\n","protected":false},"excerpt":{"rendered":"<p>G\u00e9rald Darmanin \u00e9tait l&rsquo;invit\u00e9 de RTL ce vendredi 30 ao\u00fbt, au matin. Interrog\u00e9 sur la taxe d&rsquo;habitation, le ministre de l&rsquo;Action et des Comptes publics a d\u00e9clar\u00e9 que \u00ab\u00a0tous les Fran\u00e7ais auront leur\u00a0taxe d&rsquo;habitation supprim\u00e9e pour 2022&Prime;, sans en dire plus. Quelques heures plus tard, sur Twitter, G\u00e9rald Darmanin a apport\u00e9 la pr\u00e9cision suivante : [&hellip;]<\/p>\n","protected":false},"author":2,"featured_media":13111,"comment_status":"open","ping_status":"open","sticky":false,"template":"","format":"standard","meta":{"_jetpack_memberships_contains_paid_content":false,"footnotes":"","jetpack_publicize_message":"","jetpack_publicize_feature_enabled":true,"jetpack_social_post_already_shared":true,"jetpack_social_options":{"image_generator_settings":{"template":"highway","default_image_id":0,"font":"","enabled":false},"version":2},"_wpas_customize_per_network":false},"categories":[405],"tags":[],"class_list":["post-13110","post","type-post","status-publish","format-standard","has-post-thumbnail","hentry","category-actu-france-monde"],"jetpack_publicize_connections":[],"jetpack_featured_media_url":"https:\/\/i0.wp.com\/www.iceagetv.com\/radiosite\/wp-content\/uploads\/2019\/08\/G%C3%A9rald-Darmanin.jpg?fit=880%2C586&ssl=1","jetpack_sharing_enabled":true,"_links":{"self":[{"href":"https:\/\/www.iceagetv.com\/radiosite\/wp-json\/wp\/v2\/posts\/13110","targetHints":{"allow":["GET"]}}],"collection":[{"href":"https:\/\/www.iceagetv.com\/radiosite\/wp-json\/wp\/v2\/posts"}],"about":[{"href":"https:\/\/www.iceagetv.com\/radiosite\/wp-json\/wp\/v2\/types\/post"}],"author":[{"embeddable":true,"href":"https:\/\/www.iceagetv.com\/radiosite\/wp-json\/wp\/v2\/users\/2"}],"replies":[{"embeddable":true,"href":"https:\/\/www.iceagetv.com\/radiosite\/wp-json\/wp\/v2\/comments?post=13110"}],"version-history":[{"count":1,"href":"https:\/\/www.iceagetv.com\/radiosite\/wp-json\/wp\/v2\/posts\/13110\/revisions"}],"predecessor-version":[{"id":13112,"href":"https:\/\/www.iceagetv.com\/radiosite\/wp-json\/wp\/v2\/posts\/13110\/revisions\/13112"}],"wp:featuredmedia":[{"embeddable":true,"href":"https:\/\/www.iceagetv.com\/radiosite\/wp-json\/wp\/v2\/media\/13111"}],"wp:attachment":[{"href":"https:\/\/www.iceagetv.com\/radiosite\/wp-json\/wp\/v2\/media?parent=13110"}],"wp:term":[{"taxonomy":"category","embeddable":true,"href":"https:\/\/www.iceagetv.com\/radiosite\/wp-json\/wp\/v2\/categories?post=13110"},{"taxonomy":"post_tag","embeddable":true,"href":"https:\/\/www.iceagetv.com\/radiosite\/wp-json\/wp\/v2\/tags?post=13110"}],"curies":[{"name":"wp","href":"https:\/\/api.w.org\/{rel}","templated":true}]}}