{"id":13122,"date":"2019-08-31T15:27:40","date_gmt":"2019-08-31T15:27:40","guid":{"rendered":"http:\/\/www.iceagetv.com\/radiosite\/?p=13122"},"modified":"2019-08-31T17:04:01","modified_gmt":"2019-08-31T17:04:01","slug":"lyon-au-moins-6-personnes-blessees-par-une-attaque-a-couteau-le-police-et-le-raid-ont-ete-deployes-sur-place-un-des-agresseurs-a-ete-interpelle","status":"publish","type":"post","link":"https:\/\/www.iceagetv.com\/radiosite\/lyon-au-moins-6-personnes-blessees-par-une-attaque-a-couteau-le-police-et-le-raid-ont-ete-deployes-sur-place-un-des-agresseurs-a-ete-interpelle\/","title":{"rendered":"VILLEURBANNE Selon la pr\u00e9fecture, deux hommes ont pris part \u00e0 l&rsquo;agression. L&rsquo;un d&rsquo;eux a \u00e9t\u00e9 interpell\u00e9, l&rsquo;autre est en fuite.Un mort et 6 bless\u00e9s selon un dernier bilan par une attaque \u00e0 couteau &#8211; Le police et le Raid ont \u00e9t\u00e9 d\u00e9ploy\u00e9s sur place &#8211; Un des agresseurs a \u00e9t\u00e9 interpell\u00e9"},"content":{"rendered":"\n<p><strong><a href=\"https:\/\/www.francetvinfo.fr\/en-direct\/#\">VILLEURBANNE<\/a><\/strong>&nbsp;Toujours selon le minist\u00e8re, le profil de l&rsquo;homme qui a \u00e9t\u00e9 interpell\u00e9 est difficile \u00e0 \u00e9tablir. Il a d\u00e9j\u00e0 donn\u00e9 trois identit\u00e9s diff\u00e9rentes aux policiers, et ne portait de papiers sur lui.\n\n<\/p>\n\n\n\n<p><strong>Selon l&rsquo;AFP, ce sont deux hommes, l&rsquo;un arm\u00e9 d&rsquo;un couteau, l&rsquo;autre d&rsquo;une broche de cuisine qui ont attaqu\u00e9 plusieurs personnes.<\/strong>\u00a0Ils ont tu\u00e9 une personne et en ont bless\u00e9 8 autres cet apr\u00e8s-midi au niveau du m\u00e9tro Laurent Bonnevay de Villeurbanne, a-t-on appris aupr\u00e8s de la pr\u00e9fecture<\/p>\n\n\n\n<p><strong>VILLEURBANNE Selon la pr\u00e9fecture, deux hommes ont pris part \u00e0 l&rsquo;agression. L&rsquo;un d&rsquo;eux a \u00e9t\u00e9 interpell\u00e9, l&rsquo;autre est en fuite.<\/strong><\/p>\n\n\n\n<p><strong>Un mort et 6 bless\u00e9s selon un dernier bilan<\/strong><\/p>\n\n\n\n<p>Le Progr\u00e8s confirme de son c\u00f4t\u00e9 l&rsquo;information de Lyon Capitale: \u00ab\u00a0Une violente agression au couteau, ce samedi 31 ao\u00fbt apr\u00e8s-midi vers 16 h 25, a fait au moins six bless\u00e9s, \u00e0 la station de m\u00e9tro Laurent-Bonnevay \u00e0 Villeurbanne.<\/p>\n\n\n\n<p>Plus d\u2019une trentaine de sapeurs-pompiers ont \u00e9t\u00e9 d\u00e9p\u00each\u00e9s sur place pour venir en aide aux victimes qui se trouvent aussi bien en sous-sol dans la station que sur son parvis.<\/p>\n\n\n\n<p>Les lignes de bus et de m\u00e9tro sont impact\u00e9es par l\u2019intervention polici\u00e8re.\u00a0\u00bb<\/p>\n\n\n\n<p><strong>Ce samedi apr\u00e8s-midi, deux hommes arm\u00e9s de couteau ont attaqu\u00e9 des passants sur le parking devant la station de m\u00e9tro Vaulx-en-Velin la Soie selon Lyon Mag. Au moins six personnes ont \u00e9t\u00e9 bless\u00e9es.<\/strong><\/p>\n\n\n\n<p>Le m\u00e9tro A a \u00e9t\u00e9 arr\u00eat\u00e9 pour emp\u00eacher la fuite des individus. L\u2019un d\u2019entre eux a \u00e9t\u00e9 interpell\u00e9.<\/p>\n\n\n\n<p>Le Raid a \u00e9t\u00e9 d\u00e9ploy\u00e9 sur place, ainsi que d\u2019importants renforts de police.&nbsp;<\/p>\n","protected":false},"excerpt":{"rendered":"<p>VILLEURBANNE&nbsp;Toujours selon le minist\u00e8re, le profil de l&rsquo;homme qui a \u00e9t\u00e9 interpell\u00e9 est difficile \u00e0 \u00e9tablir. Il a d\u00e9j\u00e0 donn\u00e9 trois identit\u00e9s diff\u00e9rentes aux policiers, et ne portait de papiers sur lui. Selon l&rsquo;AFP, ce sont deux hommes, l&rsquo;un arm\u00e9 d&rsquo;un couteau, l&rsquo;autre d&rsquo;une broche de cuisine qui ont attaqu\u00e9 plusieurs personnes.\u00a0Ils ont tu\u00e9 une [&hellip;]<\/p>\n","protected":false},"author":2,"featured_media":13123,"comment_status":"open","ping_status":"open","sticky":false,"template":"","format":"standard","meta":{"_jetpack_memberships_contains_paid_content":false,"footnotes":"","jetpack_publicize_message":"","jetpack_publicize_feature_enabled":true,"jetpack_social_post_already_shared":true,"jetpack_social_options":{"image_generator_settings":{"template":"highway","default_image_id":0,"font":"","enabled":false},"version":2},"_wpas_customize_per_network":false},"categories":[405],"tags":[],"class_list":["post-13122","post","type-post","status-publish","format-standard","has-post-thumbnail","hentry","category-actu-france-monde"],"jetpack_publicize_connections":[],"jetpack_featured_media_url":"https:\/\/i0.wp.com\/www.iceagetv.com\/radiosite\/wp-content\/uploads\/2019\/08\/lyon-30-aout.jpg?fit=988%2C415&ssl=1","jetpack_sharing_enabled":true,"_links":{"self":[{"href":"https:\/\/www.iceagetv.com\/radiosite\/wp-json\/wp\/v2\/posts\/13122","targetHints":{"allow":["GET"]}}],"collection":[{"href":"https:\/\/www.iceagetv.com\/radiosite\/wp-json\/wp\/v2\/posts"}],"about":[{"href":"https:\/\/www.iceagetv.com\/radiosite\/wp-json\/wp\/v2\/types\/post"}],"author":[{"embeddable":true,"href":"https:\/\/www.iceagetv.com\/radiosite\/wp-json\/wp\/v2\/users\/2"}],"replies":[{"embeddable":true,"href":"https:\/\/www.iceagetv.com\/radiosite\/wp-json\/wp\/v2\/comments?post=13122"}],"version-history":[{"count":5,"href":"https:\/\/www.iceagetv.com\/radiosite\/wp-json\/wp\/v2\/posts\/13122\/revisions"}],"predecessor-version":[{"id":13135,"href":"https:\/\/www.iceagetv.com\/radiosite\/wp-json\/wp\/v2\/posts\/13122\/revisions\/13135"}],"wp:featuredmedia":[{"embeddable":true,"href":"https:\/\/www.iceagetv.com\/radiosite\/wp-json\/wp\/v2\/media\/13123"}],"wp:attachment":[{"href":"https:\/\/www.iceagetv.com\/radiosite\/wp-json\/wp\/v2\/media?parent=13122"}],"wp:term":[{"taxonomy":"category","embeddable":true,"href":"https:\/\/www.iceagetv.com\/radiosite\/wp-json\/wp\/v2\/categories?post=13122"},{"taxonomy":"post_tag","embeddable":true,"href":"https:\/\/www.iceagetv.com\/radiosite\/wp-json\/wp\/v2\/tags?post=13122"}],"curies":[{"name":"wp","href":"https:\/\/api.w.org\/{rel}","templated":true}]}}