{"id":13145,"date":"2019-09-01T16:14:32","date_gmt":"2019-09-01T16:14:32","guid":{"rendered":"http:\/\/www.iceagetv.com\/radiosite\/?p=13145"},"modified":"2019-09-01T16:14:38","modified_gmt":"2019-09-01T16:14:38","slug":"attaque-de-villeurbanne-quel-est-le-profil-du-tueur","status":"publish","type":"post","link":"https:\/\/www.iceagetv.com\/radiosite\/attaque-de-villeurbanne-quel-est-le-profil-du-tueur\/","title":{"rendered":"Attaque de Villeurbanne : quel est le profil du tueur ?"},"content":{"rendered":"\n<p>On en sait un peu plus sur\u00a0<a rel=\"noreferrer noopener\" href=\"https:\/\/www.francetvinfo.fr\/faits-divers\/ce-que-l-on-sait-et-ce-que-l-on-ne-sait-pas-encore-de-l-attaque-au-couteau-qui-a-fait-un-mort-a-villeurbanne-dans-le-rhone_3598141.html\" target=\"_blank\">l&rsquo;assaillant de Villeurbanne<\/a>\u00a0(Rh\u00f4ne). Lors d&rsquo;une conf\u00e9rence de presse, dimanche 1er septembre, le procureur de Lyon, Nicolas Jacquet, a donn\u00e9 les premiers \u00e9l\u00e9ments rassembl\u00e9s par les enqu\u00eateurs. Son identit\u00e9 demeure confuse.\u00a0<em>\u00ab\u00a0Il s&rsquo;agirait d&rsquo;un homme de nationalit\u00e9 afghane, connu sous deux identit\u00e9s diff\u00e9rentes, avec trois dates de naissance d\u00e9clar\u00e9es. Il serait \u00e2g\u00e9 de 33, 31 ou 27\u00a0ans\u00a0\u00bb<\/em>, a-t-il indiqu\u00e9.<\/p>\n\n\n\n<p>L&rsquo;homme&nbsp;<em>\u00ab\u00a0<\/em><em>serait venu une premi\u00e8re fois en France en 2009, alors qu&rsquo;il \u00e9tait mineur\u00a0\u00bb<\/em>. On retrouve ensuite sa trace en Italie en 2014, en Allemagne en 2015&nbsp;et en Norv\u00e8ge 2016.<em>&nbsp;\u00ab\u00a0Il est entr\u00e9 \u00e0 nouveau en France en juin 2016, il est titulaire d&rsquo;une carte de s\u00e9jour temporaire valable jusqu&rsquo;au&nbsp;&nbsp;<\/em><em>31 janvier 2020&Prime;<\/em>, a poursuivi le procureur.<\/p>\n\n\n\n<h2 class=\"wp-block-heading\">Pas de signes de radicalisation<\/h2>\n\n\n\n<p>Le suspect r\u00e9sidait dans un centre d&rsquo;h\u00e9bergement pour r\u00e9fugi\u00e9s de Vaulx-en-Velin, perquisitionn\u00e9 hier peu apr\u00e8s les faits.&nbsp;<em>\u00ab\u00a0Il n&rsquo;\u00e9tait pas d\u00e9couvert d&rsquo;\u00e9l\u00e9ments laissant appara\u00eetre une quelconque radicalisation\u00a0\u00bb<\/em>&nbsp;de l&rsquo;assaillant, a indiqu\u00e9 Nicolas Jacquet. Il n&rsquo;a pas d&rsquo;ant\u00e9c\u00e9dents judiciaires et n&rsquo;est pas connu des services sp\u00e9cialis\u00e9s au titre de la radicalisation. Le parquet national antiterroriste n&rsquo;a pas \u00e9t\u00e9 saisi.<\/p>\n\n\n\n<p>En garde \u00e0 vue, il a&nbsp;<em>\u00ab\u00a0partiellement reconnu les faits\u00a0\u00bb. \u00ab\u00a0<\/em><em>Il indiquait \u00eatre musulman et avoir entendu dans l&rsquo;apr\u00e8s-midi des voix instulter dieu et lui donnant l&rsquo;ordre de tuer<\/em>, a poursuivi le procureur.&nbsp;&nbsp;<em>\u00ab\u00a0Il pensait \u00e9galement avoir reconnu dans sa premi\u00e8re victime un i<\/em><em>ndividu avec lequel il \u00e9tait en contentieux depuis son passage en Angleterre il y a quelques ann\u00e9es, disant avoir agi par vengeance, ses propos demeuraient incoh\u00e9rents et confus\u00a0\u00bb,&nbsp;<\/em>a-t-il ajout\u00e9.<\/p>\n\n\n\n<p>Une premi\u00e8re expertise psychiatrique a \u00e9t\u00e9 men\u00e9e en garde \u00e0 vue.&nbsp;<em>\u00ab\u00a0<\/em><em>L&rsquo;expert \u00e9voque un \u00e9tat psychotique envahissant, avec d\u00e9lire parano\u00efde&nbsp;\u00e0 th\u00e9matiques multiples dont celles du mysticisme&nbsp;et de la religion\u00a0\u00bb<\/em>, a indiqu\u00e9 Nicolas Jacquet. Le suspect a \u00e9galement reconnu&nbsp;<em>\u00ab\u00a0une forte consommation de stup\u00e9fiants\u00a0\u00bb<\/em>, de la r\u00e9sine de cannabis. Une consommation confirm\u00e9e par l&rsquo;analyse toxicologique.<\/p>\n","protected":false},"excerpt":{"rendered":"<p>On en sait un peu plus sur\u00a0l&rsquo;assaillant de Villeurbanne\u00a0(Rh\u00f4ne). Lors d&rsquo;une conf\u00e9rence de presse, dimanche 1er septembre, le procureur de Lyon, Nicolas Jacquet, a donn\u00e9 les premiers \u00e9l\u00e9ments rassembl\u00e9s par les enqu\u00eateurs. Son identit\u00e9 demeure confuse.\u00a0\u00ab\u00a0Il s&rsquo;agirait d&rsquo;un homme de nationalit\u00e9 afghane, connu sous deux identit\u00e9s diff\u00e9rentes, avec trois dates de naissance d\u00e9clar\u00e9es. Il serait [&hellip;]<\/p>\n","protected":false},"author":2,"featured_media":13146,"comment_status":"open","ping_status":"open","sticky":false,"template":"","format":"standard","meta":{"_jetpack_memberships_contains_paid_content":false,"footnotes":"","jetpack_publicize_message":"","jetpack_publicize_feature_enabled":true,"jetpack_social_post_already_shared":true,"jetpack_social_options":{"image_generator_settings":{"template":"highway","default_image_id":0,"font":"","enabled":false},"version":2},"_wpas_customize_per_network":false},"categories":[405],"tags":[],"class_list":["post-13145","post","type-post","status-publish","format-standard","has-post-thumbnail","hentry","category-actu-france-monde"],"jetpack_publicize_connections":[],"jetpack_featured_media_url":"https:\/\/i0.wp.com\/www.iceagetv.com\/radiosite\/wp-content\/uploads\/2019\/09\/Attaque-de-Villeurbanne.jpg?fit=1198%2C450&ssl=1","jetpack_sharing_enabled":true,"_links":{"self":[{"href":"https:\/\/www.iceagetv.com\/radiosite\/wp-json\/wp\/v2\/posts\/13145","targetHints":{"allow":["GET"]}}],"collection":[{"href":"https:\/\/www.iceagetv.com\/radiosite\/wp-json\/wp\/v2\/posts"}],"about":[{"href":"https:\/\/www.iceagetv.com\/radiosite\/wp-json\/wp\/v2\/types\/post"}],"author":[{"embeddable":true,"href":"https:\/\/www.iceagetv.com\/radiosite\/wp-json\/wp\/v2\/users\/2"}],"replies":[{"embeddable":true,"href":"https:\/\/www.iceagetv.com\/radiosite\/wp-json\/wp\/v2\/comments?post=13145"}],"version-history":[{"count":1,"href":"https:\/\/www.iceagetv.com\/radiosite\/wp-json\/wp\/v2\/posts\/13145\/revisions"}],"predecessor-version":[{"id":13147,"href":"https:\/\/www.iceagetv.com\/radiosite\/wp-json\/wp\/v2\/posts\/13145\/revisions\/13147"}],"wp:featuredmedia":[{"embeddable":true,"href":"https:\/\/www.iceagetv.com\/radiosite\/wp-json\/wp\/v2\/media\/13146"}],"wp:attachment":[{"href":"https:\/\/www.iceagetv.com\/radiosite\/wp-json\/wp\/v2\/media?parent=13145"}],"wp:term":[{"taxonomy":"category","embeddable":true,"href":"https:\/\/www.iceagetv.com\/radiosite\/wp-json\/wp\/v2\/categories?post=13145"},{"taxonomy":"post_tag","embeddable":true,"href":"https:\/\/www.iceagetv.com\/radiosite\/wp-json\/wp\/v2\/tags?post=13145"}],"curies":[{"name":"wp","href":"https:\/\/api.w.org\/{rel}","templated":true}]}}