{"id":13149,"date":"2019-09-03T15:59:48","date_gmt":"2019-09-03T15:59:48","guid":{"rendered":"http:\/\/www.iceagetv.com\/radiosite\/?p=13149"},"modified":"2019-09-03T15:59:53","modified_gmt":"2019-09-03T15:59:53","slug":"brexit-le-premier-ministre-boris-johnson-perd-sa-majorite-au-parlement-apres-la-defection-dun-depute-conservateur","status":"publish","type":"post","link":"https:\/\/www.iceagetv.com\/radiosite\/brexit-le-premier-ministre-boris-johnson-perd-sa-majorite-au-parlement-apres-la-defection-dun-depute-conservateur\/","title":{"rendered":"Brexit : le Premier ministre, Boris Johnson, perd sa majorit\u00e9 au Parlement, apr\u00e8s la d\u00e9fection d&rsquo;un d\u00e9put\u00e9 conservateur"},"content":{"rendered":"\n<p>Avis de temp\u00eate au Royaume-Uni. Les d\u00e9put\u00e9s britanniques reprennent&nbsp;le chemin de Westminster, mardi 3 septembre, pour une semaine&nbsp;<a href=\"https:\/\/www.francetvinfo.fr\/monde\/europe\/la-grande-bretagne-et-l-ue\/brexit-avant-la-rentree-des-deputes-britanniques-quels-sont-les-scenarios-possibles_3601591.html\" target=\"_blank\" rel=\"noreferrer noopener\">qui s&rsquo;annonce d\u00e9cisive<\/a>&nbsp;pour l&rsquo;avenir du pays,&nbsp;<a href=\"https:\/\/www.francetvinfo.fr\/monde\/europe\/la-grande-bretagne-et-l-ue\/\" target=\"_blank\" rel=\"noreferrer noopener\">cens\u00e9 quitter l&rsquo;Union europ\u00e9enne<\/a>&nbsp;le 31 octobre. Premier coup dur pour le Premier ministre : la d\u00e9fection du d\u00e9put\u00e9 conservateur Philip Lee, qui a choisi de rejoindre les LibDem (europhiles). Cons\u00e9quences : Boris Johnson ne dispose plus de majorit\u00e9 au Parlement, qui tenait \u00e0 une seule voix.<\/p>\n\n\n\n<p><strong>&nbsp;Boris Johnson s&rsquo;exprime \u00e0 16h30.<\/strong>&nbsp;Le Premier ministre, en pleine temp\u00eate politique, s&rsquo;exprimera devant les d\u00e9put\u00e9s dans l&rsquo;apr\u00e8s-midi. Il va devoir faire face aux d\u00e9put\u00e9s de l&rsquo;opposition, qui veulent tenter d&#8217;emp\u00eacher un Brexit sans accord.&nbsp;Des \u00e9lus conservateurs \u00ab\u00a0rebelles\u00a0\u00bb s&rsquo;appr\u00eatent \u00e0 soutenir l&rsquo;opposition pour emp\u00eacher une sortie brutale de l&rsquo;Union europ\u00e9enne le 31 octobre.<\/p>\n\n\n\n<p><strong>&nbsp;Un premier vote mardi soir.<\/strong>&nbsp;Par un premier vote organis\u00e9 mardi soir vers 22 heures (<a href=\"https:\/\/www.francetvinfo.fr\/monde\/europe\/la-grande-bretagne-et-l-ue\/brexit-cinq-choses-a-savoir-sur-john-bercow-le-speaker-de-la-chambre-des-communes-devenu-la-bete-noire-du-gouvernement_3600313.html\" target=\"_blank\" rel=\"noreferrer noopener\">si le pr\u00e9sident de la chambre l&rsquo;autorise<\/a>), les d\u00e9put\u00e9s vont tenter de prendre le contr\u00f4le du Parlement, c&rsquo;est-\u00e0-dire d&rsquo;en d\u00e9terminer l&rsquo;ordre du jour \u00e0 la place du gouvernement. En cas de vote positif, les anti-\u00ab\u00a0no deal\u00a0\u00bb pourront pr\u00e9senter dans la foul\u00e9e ou mercredi un texte de loi destin\u00e9 \u00e0 contraindre le Premier ministre \u00e0 demander un nouveau report du Brexit au 31 janvier 2020, au cas o\u00f9 aucun compromis n&rsquo;est trouv\u00e9 avec Bruxelles d&rsquo;ici le 19 octobre et o\u00f9 le Parlement n&rsquo;a pas approuv\u00e9 une sortie sans accord.<\/p>\n\n\n\n<p><strong>&nbsp;Le spectre d&rsquo;\u00e9lections anticip\u00e9es.<\/strong>&nbsp;Boris Johnson a pr\u00e9venu qu&rsquo;il n&rsquo;accepterait&nbsp;<em>\u00ab\u00a0sous aucune circonstance\u00a0\u00bb<\/em>&nbsp;de demander \u00e0 Bruxelles un nouveau report du Brexit. Il est d\u00e9termin\u00e9 \u00e0 faire sortir son pays de l&rsquo;UE le 31 octobre, accord ren\u00e9goci\u00e9 ou pas. Si les partisans du \u00ab\u00a0no deal\u00a0\u00bb l&#8217;emportent au Parlement, le chef du gouvernement pr\u00e9sentera dans la foul\u00e9e une motion pour organiser des \u00e9lections l\u00e9gislatives le 14 octobre. Cette motion sera alors soumise au vote des d\u00e9put\u00e9s mercredi et devra recueillir les deux tiers des voix.<\/p>\n\n\n\n<p><strong>&nbsp;La livre continue \u00e0 baisser.<\/strong>&nbsp;Souffrant de ce tumulte politique, la&nbsp;monnaie britannique est tomb\u00e9e \u00e0 un plus bas en trois ans face au dollar, sous le seuil de 1,20 dollar.<\/p>\n\n\n\n<p><strong>\u00a0Des manifestants devant Westminster.<\/strong>\u00a0Toute la journ\u00e9e, des manifestants anti-Brexit ont agit\u00e9 des drapeaux europ\u00e9ens devant le Parlement britannique, tandis que des pro-Brexit arboraient des pancartes proclamant :\u00a0<em>\u00ab\u00a0On a vot\u00e9 pour partir\u00a0\u00bb<\/em>.<br>\u00a0Boris Johnson assure en effet qu&rsquo;il peut encore n\u00e9gocier avec les Europ\u00e9ens pour obtenir un nouvel accord de sortie de l&rsquo;UE. Mais les d\u00e9put\u00e9s anti-Brexit en doutent et soup\u00e7onnent le Premier ministre de ne pas avoir de strat\u00e9gie en ce sens et de pr\u00e9f\u00e9rer une sortie sans accord. C&rsquo;est pourquoi ils vont proposer une loi rendant ill\u00e9gal le no deal.<br><em>Nous pouvons obtenir un deal, nous pouvons retirer le backstop<\/em>\u00a0[en Irlande du Nord].\u00a0<em>Mais tant que cette chambre proposera des textes comme ceux qui seront propos\u00e9s ce soir et demain<\/em>\u00a0[pour emp\u00eacher un no deal],\u00a0<em>nous ne pourrons pas n\u00e9gocier avec les Europ\u00e9ens\u00a0\u00bb,\u00a0<\/em>mart\u00e8le Boris Johnson, fustigeant l&rsquo;initiative des d\u00e9put\u00e9s.<\/p>\n","protected":false},"excerpt":{"rendered":"<p>Avis de temp\u00eate au Royaume-Uni. Les d\u00e9put\u00e9s britanniques reprennent&nbsp;le chemin de Westminster, mardi 3 septembre, pour une semaine&nbsp;qui s&rsquo;annonce d\u00e9cisive&nbsp;pour l&rsquo;avenir du pays,&nbsp;cens\u00e9 quitter l&rsquo;Union europ\u00e9enne&nbsp;le 31 octobre. Premier coup dur pour le Premier ministre : la d\u00e9fection du d\u00e9put\u00e9 conservateur Philip Lee, qui a choisi de rejoindre les LibDem (europhiles). Cons\u00e9quences : Boris Johnson [&hellip;]<\/p>\n","protected":false},"author":2,"featured_media":13150,"comment_status":"open","ping_status":"open","sticky":false,"template":"","format":"standard","meta":{"_jetpack_memberships_contains_paid_content":false,"footnotes":"","jetpack_publicize_message":"","jetpack_publicize_feature_enabled":true,"jetpack_social_post_already_shared":true,"jetpack_social_options":{"image_generator_settings":{"template":"highway","default_image_id":0,"font":"","enabled":false},"version":2},"_wpas_customize_per_network":false},"categories":[405],"tags":[2711],"class_list":["post-13149","post","type-post","status-publish","format-standard","has-post-thumbnail","hentry","category-actu-france-monde","tag-le-premier-ministre"],"jetpack_publicize_connections":[],"jetpack_featured_media_url":"https:\/\/i0.wp.com\/www.iceagetv.com\/radiosite\/wp-content\/uploads\/2019\/09\/le-Premier-ministre-Boris-Johnson.jpg?fit=770%2C433&ssl=1","jetpack_sharing_enabled":true,"_links":{"self":[{"href":"https:\/\/www.iceagetv.com\/radiosite\/wp-json\/wp\/v2\/posts\/13149","targetHints":{"allow":["GET"]}}],"collection":[{"href":"https:\/\/www.iceagetv.com\/radiosite\/wp-json\/wp\/v2\/posts"}],"about":[{"href":"https:\/\/www.iceagetv.com\/radiosite\/wp-json\/wp\/v2\/types\/post"}],"author":[{"embeddable":true,"href":"https:\/\/www.iceagetv.com\/radiosite\/wp-json\/wp\/v2\/users\/2"}],"replies":[{"embeddable":true,"href":"https:\/\/www.iceagetv.com\/radiosite\/wp-json\/wp\/v2\/comments?post=13149"}],"version-history":[{"count":1,"href":"https:\/\/www.iceagetv.com\/radiosite\/wp-json\/wp\/v2\/posts\/13149\/revisions"}],"predecessor-version":[{"id":13151,"href":"https:\/\/www.iceagetv.com\/radiosite\/wp-json\/wp\/v2\/posts\/13149\/revisions\/13151"}],"wp:featuredmedia":[{"embeddable":true,"href":"https:\/\/www.iceagetv.com\/radiosite\/wp-json\/wp\/v2\/media\/13150"}],"wp:attachment":[{"href":"https:\/\/www.iceagetv.com\/radiosite\/wp-json\/wp\/v2\/media?parent=13149"}],"wp:term":[{"taxonomy":"category","embeddable":true,"href":"https:\/\/www.iceagetv.com\/radiosite\/wp-json\/wp\/v2\/categories?post=13149"},{"taxonomy":"post_tag","embeddable":true,"href":"https:\/\/www.iceagetv.com\/radiosite\/wp-json\/wp\/v2\/tags?post=13149"}],"curies":[{"name":"wp","href":"https:\/\/api.w.org\/{rel}","templated":true}]}}