{"id":13165,"date":"2019-09-04T15:11:25","date_gmt":"2019-09-04T15:11:25","guid":{"rendered":"http:\/\/www.iceagetv.com\/radiosite\/?p=13165"},"modified":"2019-09-04T15:11:30","modified_gmt":"2019-09-04T15:11:30","slug":"les-utilisateurs-de-facebook-devront-desormais-choisir-dactiver-la-reconnaissance-faciale-sils-veulent-etre-identifies-dans-les-photos-postees-sur-le-reseau-social","status":"publish","type":"post","link":"https:\/\/www.iceagetv.com\/radiosite\/les-utilisateurs-de-facebook-devront-desormais-choisir-dactiver-la-reconnaissance-faciale-sils-veulent-etre-identifies-dans-les-photos-postees-sur-le-reseau-social\/","title":{"rendered":"Les utilisateurs de Facebook devront d\u00e9sormais choisir d&rsquo;activer la reconnaissance faciale s&rsquo;ils veulent \u00eatre identifi\u00e9s dans les photos post\u00e9es sur le r\u00e9seau social"},"content":{"rendered":"\n<p>Les utilisateurs de Facebook devront d\u00e9sormais choisir d&rsquo;activer la reconnaissance faciale s&rsquo;ils veulent s&rsquo;en servir pour \u00eatre identifi\u00e9s dans les photos post\u00e9es sur le r\u00e9seau social, a indiqu\u00e9 la plateforme.<\/p>\n\n\n\n<p>Ce changement intervient alors que le g\u00e9ant des r\u00e9seaux subit une pression des institutions pour mieux prot\u00e9ger la vie priv\u00e9e et les donn\u00e9es, y compris biom\u00e9triques, de ses utilisateurs.<\/p>\n\n\n\n<p>La technologie de reconnaissance faciale identifie automatiquement les personnes pr\u00e9sentes sur les photos mises en ligne sur Facebook, si ce sont des contacts des utilisateurs. Ceux-ci peuvent alors choisir de l\u00e9gender la photo avec leurs noms.<\/p>\n\n\n\n<p>Depuis pr\u00e8s de deux ans, cette fonctionnalit\u00e9 va plus loin, en signalant aux utilisateurs quand ils apparaissent sur des images post\u00e9es sur le r\u00e9seau par leurs contacts.<\/p>\n\n\n\n<p>D\u00e9sormais, les personnes qui utilisaient cette option ou qui rejoignent le r\u00e9seau \u00e0 partir de mardi se verront proposer l&rsquo;activation, ou non, de cette technologie.<\/p>\n\n\n\n<p>En-dehors de ce bouton on\/off, les principes qui la r\u00e9gissaient auparavant restent inchang\u00e9s.<\/p>\n\n\n\n<p>La fonctionnalit\u00e9 \u00ab\u00a0ne vous identifie toujours pas (aupr\u00e8s de personnes qui ne font pas partie de vos contacts)\u00a0\u00bb, rappelle Srinivas Narayanan, chercheur de la division d&rsquo;intelligence artificielle de Facebook, dans un communiqu\u00e9 en ligne.<\/p>\n\n\n\n<p>\u00ab\u00a0Nous ne partageons pas vos informations li\u00e9es \u00e0 la reconnaissance faciale avec des tiers. Et nous ne vendons pas notre technologie\u00a0\u00bb, ajoute-t-il.<\/p>\n\n\n\n<p>Fin juillet, l&rsquo;agence am\u00e9ricaine de protection des consommateurs a inflig\u00e9 \u00e0 Facebook une amende record de 5 milliards de dollars pour avoir \u00ab\u00a0tromp\u00e9\u00a0\u00bb ses utilisateurs sur leur capacit\u00e9 \u00e0 contr\u00f4ler leurs informations personnelles.<\/p>\n\n\n\n<p>Elle a aussi pass\u00e9 un accord avec le r\u00e9seau social pour modifier sa fa\u00e7on de traiter les donn\u00e9es, lui imposant notamment de fournir des informations claires sur son utilisation de la technologie de reconnaissance faciale et d&rsquo;obtenir le consentement explicite des utilisateurs pour tout usage non d\u00e9fini au pr\u00e9alable.<\/p>\n\n\n\n<p>Les donn\u00e9es des utilisateurs constituent un moteur essentiel du mod\u00e8le \u00e9conomique de Facebook, fond\u00e9 sur la personnalisation \u00e0 tr\u00e8s grande \u00e9chelle des publicit\u00e9s.<\/p>\n","protected":false},"excerpt":{"rendered":"<p>Les utilisateurs de Facebook devront d\u00e9sormais choisir d&rsquo;activer la reconnaissance faciale s&rsquo;ils veulent s&rsquo;en servir pour \u00eatre identifi\u00e9s dans les photos post\u00e9es sur le r\u00e9seau social, a indiqu\u00e9 la plateforme. Ce changement intervient alors que le g\u00e9ant des r\u00e9seaux subit une pression des institutions pour mieux prot\u00e9ger la vie priv\u00e9e et les donn\u00e9es, y compris [&hellip;]<\/p>\n","protected":false},"author":2,"featured_media":13166,"comment_status":"open","ping_status":"open","sticky":false,"template":"","format":"standard","meta":{"_jetpack_memberships_contains_paid_content":false,"footnotes":"","jetpack_publicize_message":"","jetpack_publicize_feature_enabled":true,"jetpack_social_post_already_shared":true,"jetpack_social_options":{"image_generator_settings":{"template":"highway","default_image_id":0,"font":"","enabled":false},"version":2},"_wpas_customize_per_network":false},"categories":[16],"tags":[],"class_list":["post-13165","post","type-post","status-publish","format-standard","has-post-thumbnail","hentry","category-actu-high-tech"],"jetpack_publicize_connections":[],"jetpack_featured_media_url":"https:\/\/i0.wp.com\/www.iceagetv.com\/radiosite\/wp-content\/uploads\/2019\/09\/Les-utilisateurs-de-Facebook.jpg?fit=689%2C306&ssl=1","jetpack_sharing_enabled":true,"_links":{"self":[{"href":"https:\/\/www.iceagetv.com\/radiosite\/wp-json\/wp\/v2\/posts\/13165","targetHints":{"allow":["GET"]}}],"collection":[{"href":"https:\/\/www.iceagetv.com\/radiosite\/wp-json\/wp\/v2\/posts"}],"about":[{"href":"https:\/\/www.iceagetv.com\/radiosite\/wp-json\/wp\/v2\/types\/post"}],"author":[{"embeddable":true,"href":"https:\/\/www.iceagetv.com\/radiosite\/wp-json\/wp\/v2\/users\/2"}],"replies":[{"embeddable":true,"href":"https:\/\/www.iceagetv.com\/radiosite\/wp-json\/wp\/v2\/comments?post=13165"}],"version-history":[{"count":1,"href":"https:\/\/www.iceagetv.com\/radiosite\/wp-json\/wp\/v2\/posts\/13165\/revisions"}],"predecessor-version":[{"id":13167,"href":"https:\/\/www.iceagetv.com\/radiosite\/wp-json\/wp\/v2\/posts\/13165\/revisions\/13167"}],"wp:featuredmedia":[{"embeddable":true,"href":"https:\/\/www.iceagetv.com\/radiosite\/wp-json\/wp\/v2\/media\/13166"}],"wp:attachment":[{"href":"https:\/\/www.iceagetv.com\/radiosite\/wp-json\/wp\/v2\/media?parent=13165"}],"wp:term":[{"taxonomy":"category","embeddable":true,"href":"https:\/\/www.iceagetv.com\/radiosite\/wp-json\/wp\/v2\/categories?post=13165"},{"taxonomy":"post_tag","embeddable":true,"href":"https:\/\/www.iceagetv.com\/radiosite\/wp-json\/wp\/v2\/tags?post=13165"}],"curies":[{"name":"wp","href":"https:\/\/api.w.org\/{rel}","templated":true}]}}