{"id":13178,"date":"2019-09-06T09:41:13","date_gmt":"2019-09-06T09:41:13","guid":{"rendered":"http:\/\/www.iceagetv.com\/radiosite\/?p=13178"},"modified":"2019-09-06T09:41:19","modified_gmt":"2019-09-06T09:41:19","slug":"patrick-balkany-a-ete-agresse-a-levallois-perret-deux-personnes-ont-ete-placees-en-garde-a-vue","status":"publish","type":"post","link":"https:\/\/www.iceagetv.com\/radiosite\/patrick-balkany-a-ete-agresse-a-levallois-perret-deux-personnes-ont-ete-placees-en-garde-a-vue\/","title":{"rendered":"Patrick Balkany a \u00e9t\u00e9 agress\u00e9 \u00e0 Levallois-Perret &#8211; Deux personnes ont \u00e9t\u00e9 plac\u00e9es en garde \u00e0 vue"},"content":{"rendered":"\n<p>Patrick Balkany a \u00e9t\u00e9 agress\u00e9 hier apr\u00e8s-midi, vers 17h, \u00e0 Levallois-Perret. Selon&nbsp;<a href=\"https:\/\/www.bfmtv.com\/police-justice\/patrick-balkany-agresse-a-levallois-perret-2-personnes-en-garde-a-vue-1762481.html\" target=\"_blank\" rel=\"noreferrer noopener\">BFMTV<\/a>, deux personnes ont \u00e9t\u00e9 plac\u00e9es en garde \u00e0 vue apr\u00e8s cette agression.<\/p>\n\n\n\n<p>Le parquet de Nanterre a ouvert une enqu\u00eate. A l&rsquo;heure actuelle, aucune pr\u00e9cision concernant les raisons de cette agression n&rsquo;ont \u00e9t\u00e9 communiqu\u00e9e.<\/p>\n","protected":false},"excerpt":{"rendered":"<p>Patrick Balkany a \u00e9t\u00e9 agress\u00e9 hier apr\u00e8s-midi, vers 17h, \u00e0 Levallois-Perret. Selon&nbsp;BFMTV, deux personnes ont \u00e9t\u00e9 plac\u00e9es en garde \u00e0 vue apr\u00e8s cette agression. Le parquet de Nanterre a ouvert une enqu\u00eate. A l&rsquo;heure actuelle, aucune pr\u00e9cision concernant les raisons de cette agression n&rsquo;ont \u00e9t\u00e9 communiqu\u00e9e.<\/p>\n","protected":false},"author":2,"featured_media":13179,"comment_status":"open","ping_status":"open","sticky":false,"template":"","format":"standard","meta":{"_jetpack_memberships_contains_paid_content":false,"footnotes":"","jetpack_publicize_message":"","jetpack_publicize_feature_enabled":true,"jetpack_social_post_already_shared":true,"jetpack_social_options":{"image_generator_settings":{"template":"highway","default_image_id":0,"font":"","enabled":false},"version":2},"_wpas_customize_per_network":false},"categories":[405],"tags":[],"class_list":["post-13178","post","type-post","status-publish","format-standard","has-post-thumbnail","hentry","category-actu-france-monde"],"jetpack_publicize_connections":[],"jetpack_featured_media_url":"https:\/\/i0.wp.com\/www.iceagetv.com\/radiosite\/wp-content\/uploads\/2019\/09\/Patrick-Balkany.jpg?fit=776%2C349&ssl=1","jetpack_sharing_enabled":true,"_links":{"self":[{"href":"https:\/\/www.iceagetv.com\/radiosite\/wp-json\/wp\/v2\/posts\/13178","targetHints":{"allow":["GET"]}}],"collection":[{"href":"https:\/\/www.iceagetv.com\/radiosite\/wp-json\/wp\/v2\/posts"}],"about":[{"href":"https:\/\/www.iceagetv.com\/radiosite\/wp-json\/wp\/v2\/types\/post"}],"author":[{"embeddable":true,"href":"https:\/\/www.iceagetv.com\/radiosite\/wp-json\/wp\/v2\/users\/2"}],"replies":[{"embeddable":true,"href":"https:\/\/www.iceagetv.com\/radiosite\/wp-json\/wp\/v2\/comments?post=13178"}],"version-history":[{"count":1,"href":"https:\/\/www.iceagetv.com\/radiosite\/wp-json\/wp\/v2\/posts\/13178\/revisions"}],"predecessor-version":[{"id":13180,"href":"https:\/\/www.iceagetv.com\/radiosite\/wp-json\/wp\/v2\/posts\/13178\/revisions\/13180"}],"wp:featuredmedia":[{"embeddable":true,"href":"https:\/\/www.iceagetv.com\/radiosite\/wp-json\/wp\/v2\/media\/13179"}],"wp:attachment":[{"href":"https:\/\/www.iceagetv.com\/radiosite\/wp-json\/wp\/v2\/media?parent=13178"}],"wp:term":[{"taxonomy":"category","embeddable":true,"href":"https:\/\/www.iceagetv.com\/radiosite\/wp-json\/wp\/v2\/categories?post=13178"},{"taxonomy":"post_tag","embeddable":true,"href":"https:\/\/www.iceagetv.com\/radiosite\/wp-json\/wp\/v2\/tags?post=13178"}],"curies":[{"name":"wp","href":"https:\/\/api.w.org\/{rel}","templated":true}]}}