{"id":13181,"date":"2019-09-06T11:08:02","date_gmt":"2019-09-06T11:08:02","guid":{"rendered":"http:\/\/www.iceagetv.com\/radiosite\/?p=13181"},"modified":"2019-09-06T11:08:07","modified_gmt":"2019-09-06T11:08:07","slug":"marseille-un-adolescent-de-17-ans-arrete-apres-avoir-agresse-a-larme-blanche-une-cantiniere-dune-ecole-et-frappe-deux-autres-personnes","status":"publish","type":"post","link":"https:\/\/www.iceagetv.com\/radiosite\/marseille-un-adolescent-de-17-ans-arrete-apres-avoir-agresse-a-larme-blanche-une-cantiniere-dune-ecole-et-frappe-deux-autres-personnes\/","title":{"rendered":"Marseille: Un adolescent de 17 ans arr\u00eat\u00e9 apr\u00e8s avoir agress\u00e9 \u00e0 l\u2019arme blanche une cantini\u00e8re d\u2019une \u00e9cole et frapp\u00e9 deux autres personnes"},"content":{"rendered":"\n<p><strong>Le point ce midi<br><\/strong><\/p>\n\n\n\n<p>Un adolescent de 17 ans, \u00abtorse nu et tr\u00e8s excit\u00e9\u00bb, a agress\u00e9 \u00e0 l\u2019arme blanche une cantini\u00e8re d\u2019une \u00e9cole \u00e9l\u00e9mentaire de Marseille vendredi vers 06H30, et frapp\u00e9 deux autres personnes avant d\u2019\u00eatre arr\u00eat\u00e9, moins de deux heures plus tard, a-t-on appris de source polici\u00e8re.<\/p>\n\n\n\n<p>Selon la cantini\u00e8re bless\u00e9e, dont le pronostic vital n\u2019est pas engag\u00e9, \u00abl\u2019agresseur aurait prof\u00e9r\u00e9 +Allahou Akbar+, dans le cadre de propos qui restent confus, mais cela reste \u00e0 confirmer\u00bb, a d\u00e9clar\u00e9 dans la matin\u00e9e le procureur de la R\u00e9publique de Marseille Xavier Tarabeux, venu sur les lieux de l\u2019attaque.<\/p>\n\n\n\n<p>\u00abL\u2019enqu\u00eate a \u00e9t\u00e9 confi\u00e9e \u00e0 la police judiciaire et je suis en contact avec le parquet antiterroriste, mais celui-ci n\u2019est pas saisi \u00e0 ce stade\u00bb, a ajout\u00e9 le magistrat.<\/p>\n\n\n\n<p>Pr\u00e9sent \u00e0 ses c\u00f4t\u00e9s, le maire de Marseille, Jean-Claude Gaudin (LR), a lui parl\u00e9 d&rsquo;\u00abun \u00e9v\u00e9nement extr\u00eamement gravissime\u00bb.<\/p>\n\n\n\n<p>L\u2019agression a eu lieu vers 06H30, quand le jeune homme a p\u00e9n\u00e9tr\u00e9 dans l\u2019\u00e9cole La Pauline, dans le 9e arrondissement, dans les quartiers Sud de la cit\u00e9 phoc\u00e9enne, et frapp\u00e9 avec une arme blanche une des \u00abtatas\u00bb de l\u2019\u00e9tablissement, ces personnels municipaux charg\u00e9s de s\u2019occuper des enfants \u00e0 la cantine ou dans les classes.<\/p>\n\n\n\n<p>Pr\u00e9sent\u00e9e au d\u00e9part comme un couteau, cette arme pourrait en fait \u00eatre une paire de ciseaux, a pr\u00e9cis\u00e9 le procureur de Marseille: \u00abNous ignorons s\u2019il s\u2019agit d\u2019un couteau ou d\u2019une paire de ciseaux, mais deux lames de ciseaux ont \u00e9t\u00e9 retrouv\u00e9es dans un local \u00e0 proximit\u00e9 des faits\u00bb, a expliqu\u00e9 M. Tarabeux.<\/p>\n\n\n\n<p>Cette premi\u00e8re victime a \u00e9t\u00e9 atteinte au thorax, et non \u00e0 l\u2019abdomen, comme annonc\u00e9 initialement, a \u00e9galement soulign\u00e9 le magistrat.<\/p>\n\n\n\n<p>Apr\u00e8s avoir bless\u00e9 cette premi\u00e8re femme, l\u2019agresseur a ensuite frapp\u00e9 d\u2019un coup de poing une autre \u00abtata\u00bb de l\u2019\u00e9cole qui s\u2019\u00e9tait interpos\u00e9e, avant de frapper, toujours d\u2019un coup de poing, un passant dans la rue, un homme, en prenant la fuite, a-t-on appris de source polici\u00e8re. Si le mineur interpell\u00e9 a donn\u00e9 son identit\u00e9, celle-ci reste \u00e0 confirmer, a d\u00e9clar\u00e9 M. Tarabeux.<\/p>\n\n\n\n<p>\u00abJ\u2019ai beaucoup de haine, beaucoup de peine, c\u2019est choquant\u00bb, a t\u00e9moign\u00e9 aupr\u00e8s de l\u2019AFP S\u00e9verine, une assistante de vie scolaire de l\u2019\u00e9tablissement, devant l\u2019\u00e9cole, expliquant avoir appris la nouvelle par les r\u00e9seaux sociaux.<\/p>\n\n\n\n<p>\u00abCe sont deux amies, elles habitent le quartier, elles connaissent tous les parents ici\u00bb, a d\u00e9clar\u00e9 de son c\u00f4t\u00e9 Alexandra Nicaise, \u00e9lue CFTC au CHSCT de la ville de Marseille, affirmant qu\u2019il y avait \u00abde plus en plus d\u2019agressions. Mais en m\u00eame temps on ne peut pas mettre un policier devant l\u2019entr\u00e9e de chaque \u00e9cole !\u00bb.<\/p>\n\n\n\n<p>Totalement boucl\u00e9e pour permettre aux enqu\u00eateurs de travailler, l\u2019\u00e9cole n\u2019a pas accueilli les enfants vendredi matin, et une dizaine de parents discutaient encore devant l\u2019\u00e9tablissement trois heures apr\u00e8s les faits.<\/p>\n\n\n\n<p>De son c\u00f4t\u00e9, le ministre de l&rsquo;Int\u00e9rieur, Christophe Castaner, a indiqu\u00e9 que \u00ab\u00a0la police nationale est mobilis\u00e9e pour faire toute la lumi\u00e8re sur ces actes\u00a0\u00bb.<\/p>\n\n\n\n<blockquote class=\"wp-block-quote is-layout-flow wp-block-quote-is-layout-flow\"><p><a href=\"https:\/\/twitter.com\/NunezLaurent?ref_src=twsrc%5Etfw\">@NunezLaurent<\/a>&nbsp;se rendra sur place cet apr\u00e8s-midi avec&nbsp;<a href=\"https:\/\/twitter.com\/jmblanquer?ref_src=twsrc%5Etfw\">@jmblanquer<\/a>&nbsp;: la s\u00e9curit\u00e9 de nos \u00e9tablissements scolaires est une priorit\u00e9 et une pr\u00e9occupation constante du minist\u00e8re de l\u2019Int\u00e9rieur, en lien permanent avec&nbsp;<a href=\"https:\/\/twitter.com\/EducationFrance?ref_src=twsrc%5Etfw\">@EducationFrance<\/a>.\u2014 Christophe Castaner (@CCastaner)&nbsp;<a href=\"https:\/\/twitter.com\/CCastaner\/status\/1169923704278716417?ref_src=twsrc%5Etfw\">September 6, 2019<\/a><\/p><\/blockquote>\n\n\n\n<p><strong>12h15:<\/strong>&nbsp;\u00ab\u00a0L\u2019\u00e9cole doit \u00eatre prot\u00e9g\u00e9e de toutes les violences. Je me rends \u00e0 Marseille avec Laurent Nunez aupr\u00e8s de la communaut\u00e9 \u00e9ducative choqu\u00e9e par l\u2019agression de ce matin. Nous renfor\u00e7ons en cette rentr\u00e9e les mesures de s\u00e9curit\u00e9\u00a0\u00bb, a d\u00e9clar\u00e9 le ministre de l&rsquo;Education, Jean-Michel Blanquer, sur Twitter<\/p>\n\n\n\n<blockquote class=\"wp-block-quote is-layout-flow wp-block-quote-is-layout-flow\"><p>L\u2019\u00e9cole doit \u00eatre prot\u00e9g\u00e9e de toutes les violences.<br><br>Je me rends \u00e0 Marseille avec&nbsp;<a href=\"https:\/\/twitter.com\/NunezLaurent?ref_src=twsrc%5Etfw\">@NunezLaurent<\/a>&nbsp;aupr\u00e8s de la communaut\u00e9 \u00e9ducative choqu\u00e9e par l\u2019agression de ce matin.<br>Nous renfor\u00e7ons en cette rentr\u00e9e les mesures de s\u00e9curit\u00e9.&nbsp;<a href=\"https:\/\/t.co\/ht0TR6x9RG\">https:\/\/t.co\/ht0TR6x9RG<\/a>\u2014 Jean-Michel Blanquer (@jmblanquer)&nbsp;<a href=\"https:\/\/twitter.com\/jmblanquer\/status\/1169917649821806593?ref_src=twsrc%5Etfw\">September 6, 2019<\/a><\/p><\/blockquote>\n","protected":false},"excerpt":{"rendered":"<p>Le point ce midi Un adolescent de 17 ans, \u00abtorse nu et tr\u00e8s excit\u00e9\u00bb, a agress\u00e9 \u00e0 l\u2019arme blanche une cantini\u00e8re d\u2019une \u00e9cole \u00e9l\u00e9mentaire de Marseille vendredi vers 06H30, et frapp\u00e9 deux autres personnes avant d\u2019\u00eatre arr\u00eat\u00e9, moins de deux heures plus tard, a-t-on appris de source polici\u00e8re. Selon la cantini\u00e8re bless\u00e9e, dont le pronostic [&hellip;]<\/p>\n","protected":false},"author":2,"featured_media":13182,"comment_status":"open","ping_status":"open","sticky":false,"template":"","format":"standard","meta":{"_jetpack_memberships_contains_paid_content":false,"footnotes":"","jetpack_publicize_message":"","jetpack_publicize_feature_enabled":true,"jetpack_social_post_already_shared":true,"jetpack_social_options":{"image_generator_settings":{"template":"highway","default_image_id":0,"font":"","enabled":false},"version":2},"_wpas_customize_per_network":false},"categories":[405],"tags":[],"class_list":["post-13181","post","type-post","status-publish","format-standard","has-post-thumbnail","hentry","category-actu-france-monde"],"jetpack_publicize_connections":[],"jetpack_featured_media_url":"https:\/\/i0.wp.com\/www.iceagetv.com\/radiosite\/wp-content\/uploads\/2019\/09\/Un-adolescent-de-17-ans-arr%C3%AAt%C3%A9-apr%C3%A8s-avoir-agress%C3%A9-%C3%A0-l%E2%80%99arme-blanche-une-cantini%C3%A8re-d%E2%80%99une-%C3%A9cole.jpg?fit=759%2C339&ssl=1","jetpack_sharing_enabled":true,"_links":{"self":[{"href":"https:\/\/www.iceagetv.com\/radiosite\/wp-json\/wp\/v2\/posts\/13181","targetHints":{"allow":["GET"]}}],"collection":[{"href":"https:\/\/www.iceagetv.com\/radiosite\/wp-json\/wp\/v2\/posts"}],"about":[{"href":"https:\/\/www.iceagetv.com\/radiosite\/wp-json\/wp\/v2\/types\/post"}],"author":[{"embeddable":true,"href":"https:\/\/www.iceagetv.com\/radiosite\/wp-json\/wp\/v2\/users\/2"}],"replies":[{"embeddable":true,"href":"https:\/\/www.iceagetv.com\/radiosite\/wp-json\/wp\/v2\/comments?post=13181"}],"version-history":[{"count":1,"href":"https:\/\/www.iceagetv.com\/radiosite\/wp-json\/wp\/v2\/posts\/13181\/revisions"}],"predecessor-version":[{"id":13183,"href":"https:\/\/www.iceagetv.com\/radiosite\/wp-json\/wp\/v2\/posts\/13181\/revisions\/13183"}],"wp:featuredmedia":[{"embeddable":true,"href":"https:\/\/www.iceagetv.com\/radiosite\/wp-json\/wp\/v2\/media\/13182"}],"wp:attachment":[{"href":"https:\/\/www.iceagetv.com\/radiosite\/wp-json\/wp\/v2\/media?parent=13181"}],"wp:term":[{"taxonomy":"category","embeddable":true,"href":"https:\/\/www.iceagetv.com\/radiosite\/wp-json\/wp\/v2\/categories?post=13181"},{"taxonomy":"post_tag","embeddable":true,"href":"https:\/\/www.iceagetv.com\/radiosite\/wp-json\/wp\/v2\/tags?post=13181"}],"curies":[{"name":"wp","href":"https:\/\/api.w.org\/{rel}","templated":true}]}}