{"id":13193,"date":"2019-09-08T08:53:37","date_gmt":"2019-09-08T08:53:37","guid":{"rendered":"http:\/\/www.iceagetv.com\/radiosite\/?p=13193"},"modified":"2019-09-08T08:53:42","modified_gmt":"2019-09-08T08:53:42","slug":"au-moins-un-mort-et-trois-blesses-dans-deux-accidents-simultanes-sur-lautoroute-a7","status":"publish","type":"post","link":"https:\/\/www.iceagetv.com\/radiosite\/au-moins-un-mort-et-trois-blesses-dans-deux-accidents-simultanes-sur-lautoroute-a7\/","title":{"rendered":"Au moins un mort et trois bless\u00e9s dans deux accidents simultan\u00e9s sur l&rsquo;autoroute A7"},"content":{"rendered":"\n<h2 class=\"wp-block-heading\">L&rsquo;autoroute A7 a \u00e9t\u00e9 coup\u00e9e dans les deux sens dans la Dr\u00f4me dimanche matin apr\u00e8s deux accidents impliquant un poids-lourd, un minibus, plusieurs v\u00e9hicules l\u00e9gers et ayant fait au moins un mort et trois bless\u00e9s dont un grave, selon un bilan provisoire de la pr\u00e9fecture.<\/h2>\n\n\n\n<p><em>\u00ab\u00a0L&rsquo;autoroute A7 est actuellement ferm\u00e9e dans les deux sens suite \u00e0 deux accidents de la route, impliquant plusieurs v\u00e9hicules (un poids-lourd, un minibus, plusieurs v\u00e9hicules l\u00e9gers)\u00a0\u00bb,<\/em>&nbsp;a annonc\u00e9 la pr\u00e9fecture dans un communiqu\u00e9.<\/p>\n\n\n\n<p>Les deux accidents se sont produits presque en m\u00eame temps, t\u00f4t dimanche matin, au m\u00eame point kilom\u00e9trique mais dans chacun des sens de l&rsquo;autoroute, a pr\u00e9cis\u00e9 \u00e0 l&rsquo;AFP une porte-parole de la pr\u00e9fecture, indiquant qu&rsquo;au moins quatre v\u00e9hicules \u00e9taient impliqu\u00e9s en tout.<\/p>\n\n\n\n<p><em>Le recensement des victimes est en cours. A cette heure, le bilan provisoire fait d&rsquo;ores et d\u00e9j\u00e0 \u00e9tat d&rsquo;une personne d\u00e9c\u00e9d\u00e9e, d&rsquo;une victime en urgence absolue et deux victimes en urgence relative\u00a0\u00bb<\/em>, selon le communiqu\u00e9 de la pr\u00e9fecture.<\/p>\n\n\n\n<p>Les faits se sont produits dimanche matin aux alentours de 6h \u00ab\u00a0entre l&rsquo;\u00e9changeur de Mont\u00e9limar nord (n\u00b017) et la sortie Loriol (n\u00b016)\u00a0\u00bb, a pr\u00e9cis\u00e9 l&rsquo;op\u00e9rateur Vinci Autoroutes dans un communiqu\u00e9.<\/p>\n\n\n\n<p>Le poids lourd&nbsp;<em>\u00ab\u00a0s&rsquo;est renvers\u00e9, obstruant l&rsquo;ensemble des voies en direction de Lyon, et une partie des voies en direction de Marseille\u00a0\u00bb<\/em>, a ajout\u00e9 la m\u00eame source.<\/p>\n\n\n\n<p>Les forces de l&rsquo;ordre et de secours sont sur place et d&rsquo;importants moyens sont engag\u00e9s, a indiqu\u00e9 la pr\u00e9fecture. Les victimes ont \u00e9t\u00e9 prises en charge par les pompiers et transport\u00e9es vers le centre hospitalier le plus proche.<\/p>\n","protected":false},"excerpt":{"rendered":"<p>L&rsquo;autoroute A7 a \u00e9t\u00e9 coup\u00e9e dans les deux sens dans la Dr\u00f4me dimanche matin apr\u00e8s deux accidents impliquant un poids-lourd, un minibus, plusieurs v\u00e9hicules l\u00e9gers et ayant fait au moins un mort et trois bless\u00e9s dont un grave, selon un bilan provisoire de la pr\u00e9fecture. \u00ab\u00a0L&rsquo;autoroute A7 est actuellement ferm\u00e9e dans les deux sens suite [&hellip;]<\/p>\n","protected":false},"author":2,"featured_media":13194,"comment_status":"open","ping_status":"open","sticky":false,"template":"","format":"standard","meta":{"_jetpack_memberships_contains_paid_content":false,"footnotes":"","jetpack_publicize_message":"","jetpack_publicize_feature_enabled":true,"jetpack_social_post_already_shared":true,"jetpack_social_options":{"image_generator_settings":{"template":"highway","default_image_id":0,"font":"","enabled":false},"version":2},"_wpas_customize_per_network":false},"categories":[17],"tags":[],"class_list":["post-13193","post","type-post","status-publish","format-standard","has-post-thumbnail","hentry","category-actu-regions"],"jetpack_publicize_connections":[],"jetpack_featured_media_url":"https:\/\/i0.wp.com\/www.iceagetv.com\/radiosite\/wp-content\/uploads\/2019\/09\/autoroute-A7.jpg?fit=1024%2C684&ssl=1","jetpack_sharing_enabled":true,"_links":{"self":[{"href":"https:\/\/www.iceagetv.com\/radiosite\/wp-json\/wp\/v2\/posts\/13193","targetHints":{"allow":["GET"]}}],"collection":[{"href":"https:\/\/www.iceagetv.com\/radiosite\/wp-json\/wp\/v2\/posts"}],"about":[{"href":"https:\/\/www.iceagetv.com\/radiosite\/wp-json\/wp\/v2\/types\/post"}],"author":[{"embeddable":true,"href":"https:\/\/www.iceagetv.com\/radiosite\/wp-json\/wp\/v2\/users\/2"}],"replies":[{"embeddable":true,"href":"https:\/\/www.iceagetv.com\/radiosite\/wp-json\/wp\/v2\/comments?post=13193"}],"version-history":[{"count":1,"href":"https:\/\/www.iceagetv.com\/radiosite\/wp-json\/wp\/v2\/posts\/13193\/revisions"}],"predecessor-version":[{"id":13195,"href":"https:\/\/www.iceagetv.com\/radiosite\/wp-json\/wp\/v2\/posts\/13193\/revisions\/13195"}],"wp:featuredmedia":[{"embeddable":true,"href":"https:\/\/www.iceagetv.com\/radiosite\/wp-json\/wp\/v2\/media\/13194"}],"wp:attachment":[{"href":"https:\/\/www.iceagetv.com\/radiosite\/wp-json\/wp\/v2\/media?parent=13193"}],"wp:term":[{"taxonomy":"category","embeddable":true,"href":"https:\/\/www.iceagetv.com\/radiosite\/wp-json\/wp\/v2\/categories?post=13193"},{"taxonomy":"post_tag","embeddable":true,"href":"https:\/\/www.iceagetv.com\/radiosite\/wp-json\/wp\/v2\/tags?post=13193"}],"curies":[{"name":"wp","href":"https:\/\/api.w.org\/{rel}","templated":true}]}}