{"id":13203,"date":"2019-09-09T18:38:30","date_gmt":"2019-09-09T18:38:30","guid":{"rendered":"http:\/\/www.iceagetv.com\/radiosite\/?p=13203"},"modified":"2019-09-09T18:38:36","modified_gmt":"2019-09-09T18:38:36","slug":"urgences-buzyn-annonce-un-plan-de-refondation-dote-de-750-millions-deuros-jusquen-2022","status":"publish","type":"post","link":"https:\/\/www.iceagetv.com\/radiosite\/urgences-buzyn-annonce-un-plan-de-refondation-dote-de-750-millions-deuros-jusquen-2022\/","title":{"rendered":"Urgences : Buzyn annonce un plan de \u00ab refondation \u00bb dot\u00e9 de 750 millions d\u2019euros jusqu\u2019en 2022"},"content":{"rendered":"\n<p>La ministre de la sant\u00e9 d\u00e9voile de nouvelles mesures, parmi lesquelles la mise en place d\u2019un \u00ab\u00a0service d\u2019acc\u00e8s aux soins\u00a0\u00bb 24\u00a0h\/24, pour tenter de r\u00e9soudre la crise dans les services d\u2019urgences hospitali\u00e8res.<\/p>\n\n\n\n<p>Six mois apr\u00e8s&nbsp;<a href=\"https:\/\/www.lemonde.fr\/societe\/article\/2019\/08\/29\/urgences-une-crise-inedite-par-son-ampleur-et-sa-duree_5503942_3224.html\">le d\u00e9but de la gr\u00e8ve in\u00e9dite dans les urgences hospitali\u00e8res<\/a>, la ministre de la sant\u00e9 et des solidarit\u00e9s, Agn\u00e8s Buzyn, a d\u00e9voil\u00e9, lundi 9&nbsp;septembre, un&nbsp;<em>\u00ab&nbsp;pacte de refondation&nbsp;\u00bb<\/em>&nbsp;comprenant douze mesures pour tenter de r\u00e9soudre la crise. La ministre a annonc\u00e9 avoir d\u00e9cid\u00e9 de consacrer plus de 750&nbsp;millions d\u2019euros, jusqu\u2019en&nbsp;2022, pour mettre en place les&nbsp;<em>\u00ab&nbsp;transformations&nbsp;\u00bb<\/em>&nbsp;dont le secteur a besoin.<\/p>\n\n\n\n<p>Cette somme, qui ne s\u2019ajoutera pas au budget d\u00e9j\u00e0 pr\u00e9vu pour les d\u00e9penses de sant\u00e9 mais sera puis\u00e9e dans des cr\u00e9dits existants, servira \u00e0 financer diverses mesures visant \u00e0 d\u00e9sengorger les urgences en s\u2019appuyant davantage sur la m\u00e9decine de ville et en acc\u00e9l\u00e9rant les prises en charge.<\/p>\n\n\n\n<h2 class=\"wp-block-heading\">Nouveau service d\u2019acc\u00e8s aux soins<\/h2>\n\n\n\n<p>La priorit\u00e9 sera la mise en place\u00a0<em>\u00ab\u00a0dans tous les territoires\u00a0\u00bb<\/em>, d\u00e8s l\u2019\u00e9t\u00e9 2020,\u00a0<em>\u00ab\u00a0d\u2019un service distant universel pour r\u00e9pondre \u00e0 toute heure \u00e0 la demande de soins des Fran\u00e7ais\u00a0\u00bb.<\/em>\u00a0Ce service d\u2019acc\u00e8s aux soins (SAS), \u00e9valu\u00e9 \u00e0 340\u00a0millions d\u2019euros, devra permettre, en fonction des besoins de chaque patient, d\u2019obtenir vingt-quatre heures sur vingt-quatre un conseil m\u00e9dical et param\u00e9dical, de prendre rendez-vous pour une consultation avec un m\u00e9decin g\u00e9n\u00e9raliste dans les vingt-quatre\u00a0heures, de proc\u00e9der \u00e0 une t\u00e9l\u00e9consultation, d\u2019\u00eatre orient\u00e9 vers un service d\u2019urgences ou de recevoir une ambulance.<br>Le \u00ab\u00a0pacte de refondation\u00a0\u00bb du minist\u00e8re pr\u00e9voit \u00e9galement de r\u00e9former le financement des urgences, de lutter contre les d\u00e9rives de l\u2019int\u00e9rim m\u00e9dical ou encore de renforcer la s\u00e9curit\u00e9 des professionnels. En amont\u00a0<a href=\"https:\/\/www.lemonde.fr\/les-decodeurs\/article\/2019\/06\/14\/pourquoi-le-nombre-de-patients-aux-urgences-augmente-d-annee-en-annee_5476111_4355770.html\">des passages aux urgences hospitali\u00e8res<\/a>, il pr\u00e9voit de renforcer l\u2019offre de consultations m\u00e9dicales sans rendez-vous, que ce soit en cabinet, en maison ou en centre de sant\u00e9 et fixe un objectif de \u00ab\u00a0z\u00e9ro passage par les urgences\u00a0\u00bb pour les personnes \u00e2g\u00e9es. Il pr\u00e9voit \u00e9galement de d\u00e9velopper la prise en charge de certains patients par les kin\u00e9sith\u00e9rapeutes ou les pharmaciens.<\/p>\n\n\n\n<h2 class=\"wp-block-heading\">Six mois de gr\u00e8ve<\/h2>\n\n\n\n<p>A ce stade, le minist\u00e8re ne pr\u00e9voit pas cependant pas d\u2019ouvertures de lits suppl\u00e9mentaires ni de recrutements de personnels, comme le r\u00e9clament les gr\u00e9vistes. La ministre&nbsp;<em>\u00ab&nbsp;se refuse compl\u00e8tement \u00e0 revaloriser les m\u00e9tiers soignants, il y a un tel d\u00e9ni des professions param\u00e9dicales, c\u2019est assez fou&nbsp;\u00bb<\/em>, a regrett\u00e9 aupr\u00e8s de l\u2019AFP Hugo Huon, le pr\u00e9sident du Collectif inter-urgences \u00e0 l\u2019origine du mouvement de gr\u00e8ve.<\/p>\n\n\n\n<p>Il a \u00e9galement d\u00e9plor\u00e9 qu\u2019il n\u2019y ait&nbsp;<em>\u00ab&nbsp;rien sur les lits, rien sur les postes&nbsp;\u00bb<\/em>. Rappelant que le collectif doit se r\u00e9unir mardi en assembl\u00e9e g\u00e9n\u00e9rale, il a estim\u00e9 que&nbsp;<em>\u00ab&nbsp;les gens \u00e9taient tr\u00e8s sceptiques&nbsp;\u00bb<\/em>&nbsp;sur ces annonces. De son c\u00f4t\u00e9, la CGT, qui a appel\u00e9 \u00e0 manifester mercredi, a d\u00e9nonc\u00e9 des&nbsp;<em>\u00ab&nbsp;annonces d\u00e9cevantes&nbsp;\u00bb<\/em>&nbsp;qui ne seront&nbsp;<em>\u00ab&nbsp;effectives qu\u2019\u00e0 moyen voire long terme&nbsp;\u00bb<\/em>.<\/p>\n\n\n\n<p>Commenc\u00e9 le 18&nbsp;mars \u00e0 l\u2019h\u00f4pital parisien Saint-Antoine apr\u00e8s un nouvel acte de violence envers les soignants, le mouvement de protestation du personnel des urgences<a href=\"https:\/\/www.lemonde.fr\/societe\/article\/2019\/07\/02\/urgences-manifestation-nationale-a-paris-derniere-ligne-droite-avant-la-rentree_5484121_3224.html\">&nbsp;s\u2019est \u00e9tendu depuis<\/a>&nbsp;en r\u00e9gion parisienne et dans d\u2019autres grandes villes. Selon le Collectif inter-urgences, 249&nbsp;sites seraient actuellement en gr\u00e8ve (195, selon le minist\u00e8re).<\/p>\n","protected":false},"excerpt":{"rendered":"<p>La ministre de la sant\u00e9 d\u00e9voile de nouvelles mesures, parmi lesquelles la mise en place d\u2019un \u00ab\u00a0service d\u2019acc\u00e8s aux soins\u00a0\u00bb 24\u00a0h\/24, pour tenter de r\u00e9soudre la crise dans les services d\u2019urgences hospitali\u00e8res. Six mois apr\u00e8s&nbsp;le d\u00e9but de la gr\u00e8ve in\u00e9dite dans les urgences hospitali\u00e8res, la ministre de la sant\u00e9 et des solidarit\u00e9s, Agn\u00e8s Buzyn, a [&hellip;]<\/p>\n","protected":false},"author":2,"featured_media":13204,"comment_status":"open","ping_status":"open","sticky":false,"template":"","format":"standard","meta":{"_jetpack_memberships_contains_paid_content":false,"footnotes":"","jetpack_publicize_message":"","jetpack_publicize_feature_enabled":true,"jetpack_social_post_already_shared":true,"jetpack_social_options":{"image_generator_settings":{"template":"highway","default_image_id":0,"font":"","enabled":false},"version":2},"_wpas_customize_per_network":false},"categories":[405],"tags":[],"class_list":["post-13203","post","type-post","status-publish","format-standard","has-post-thumbnail","hentry","category-actu-france-monde"],"jetpack_publicize_connections":[],"jetpack_featured_media_url":"https:\/\/i0.wp.com\/www.iceagetv.com\/radiosite\/wp-content\/uploads\/2019\/09\/Urgences.jpg?fit=688%2C459&ssl=1","jetpack_sharing_enabled":true,"_links":{"self":[{"href":"https:\/\/www.iceagetv.com\/radiosite\/wp-json\/wp\/v2\/posts\/13203","targetHints":{"allow":["GET"]}}],"collection":[{"href":"https:\/\/www.iceagetv.com\/radiosite\/wp-json\/wp\/v2\/posts"}],"about":[{"href":"https:\/\/www.iceagetv.com\/radiosite\/wp-json\/wp\/v2\/types\/post"}],"author":[{"embeddable":true,"href":"https:\/\/www.iceagetv.com\/radiosite\/wp-json\/wp\/v2\/users\/2"}],"replies":[{"embeddable":true,"href":"https:\/\/www.iceagetv.com\/radiosite\/wp-json\/wp\/v2\/comments?post=13203"}],"version-history":[{"count":1,"href":"https:\/\/www.iceagetv.com\/radiosite\/wp-json\/wp\/v2\/posts\/13203\/revisions"}],"predecessor-version":[{"id":13205,"href":"https:\/\/www.iceagetv.com\/radiosite\/wp-json\/wp\/v2\/posts\/13203\/revisions\/13205"}],"wp:featuredmedia":[{"embeddable":true,"href":"https:\/\/www.iceagetv.com\/radiosite\/wp-json\/wp\/v2\/media\/13204"}],"wp:attachment":[{"href":"https:\/\/www.iceagetv.com\/radiosite\/wp-json\/wp\/v2\/media?parent=13203"}],"wp:term":[{"taxonomy":"category","embeddable":true,"href":"https:\/\/www.iceagetv.com\/radiosite\/wp-json\/wp\/v2\/categories?post=13203"},{"taxonomy":"post_tag","embeddable":true,"href":"https:\/\/www.iceagetv.com\/radiosite\/wp-json\/wp\/v2\/tags?post=13203"}],"curies":[{"name":"wp","href":"https:\/\/api.w.org\/{rel}","templated":true}]}}