{"id":13207,"date":"2019-09-11T12:05:58","date_gmt":"2019-09-11T12:05:58","guid":{"rendered":"http:\/\/www.iceagetv.com\/radiosite\/?p=13207"},"modified":"2019-09-11T12:06:03","modified_gmt":"2019-09-11T12:06:03","slug":"quimper-des-feux-de-voitures-et-de-poubelles-dans-le-quartier-de-penhars-les-pompiers-pris-a-partie-14-voitures-brulees","status":"publish","type":"post","link":"https:\/\/www.iceagetv.com\/radiosite\/quimper-des-feux-de-voitures-et-de-poubelles-dans-le-quartier-de-penhars-les-pompiers-pris-a-partie-14-voitures-brulees\/","title":{"rendered":"Quimper : des feux de voitures et de poubelles dans le quartier de Penhars, les pompiers pris \u00e0 partie, 14 voitures br\u00fbl\u00e9es"},"content":{"rendered":"\n<p>Le pr\u00e9fet du Finist\u00e8re Pascal Lelarge d\u00e9nonce les&nbsp;<em>\u00ab\u00a0violences inacceptables\u00a0\u00bb<\/em>&nbsp;qui se sont produites dans la soir\u00e9e du mardi 10 septembre \u00e0 Quimper contre les forces de l&rsquo;ordre et les pompiers qui intervenaient dans le quartier de Penhars apr\u00e8s un&nbsp;<em>\u00ab\u00a0rod\u00e9o\u00a0\u00bb<\/em>, rapporte&nbsp;<a href=\"https:\/\/www.francebleu.fr\/infos\/faits-divers-justice\/feux-de-voitures-forces-de-l-ordre-prises-a-partie-soiree-de-tension-a-quimper-1568146342\" target=\"_blank\" rel=\"noreferrer noopener\">France Bleu Breizh Izel<\/a>&nbsp;mercredi 11 septembre, ajoutant que 14 voitures ont \u00e9t\u00e9 br\u00fbl\u00e9es mais que personne n&rsquo;a \u00e9t\u00e9 interpell\u00e9 pour l&rsquo;instant.<\/p>\n\n\n\n<p>Mardi en fin d&rsquo;apr\u00e8s-midi, les policiers intervenaient&nbsp;<em>\u00ab\u00a0sur des rod\u00e9os\u00a0\u00bb<\/em>&nbsp;dans ce quartier et c&rsquo;est&nbsp;<em>\u00ab\u00a0sans doute\u00a0\u00bb<\/em>&nbsp;\u00e0 la suite de&nbsp;<em>\u00ab\u00a0notre intervention\u00a0\u00bb<\/em>&nbsp;que<em>&nbsp;\u00ab\u00a0quelques temps apr\u00e8s on a eu des feux de v\u00e9hicules\u00a0\u00bb<\/em>, explique la directrice de la s\u00e9curit\u00e9 publique du Finist\u00e8re Nelly Jauneau-Poirier, ainsi que plusieurs t\u00e9moins.<\/p>\n\n\n\n<h2 class=\"wp-block-heading\">Des actes \u00ab\u00a0inqualifiables\u00a0\u00bb<\/h2>\n\n\n\n<p>Les pompiers sont intervenus vers 19 heures dans le quartier, mais ont \u00e9t\u00e9&nbsp;caillass\u00e9s par&nbsp;des individus sur place et ont finalement quitt\u00e9 les lieux, encadr\u00e9s par des policiers.&nbsp;Des&nbsp;<em>\u00ab\u00a0violences inacceptables\u00a0\u00bb<\/em>&nbsp;par&nbsp;<em>\u00ab\u00a0quelques dizaines d&rsquo;individus contre des policiers, pompiers et gendarmes en intervention, \u00e0 qui je souhaite t\u00e9moigner tout mon soutien\u00a0\u00bb<\/em>, ajoute le pr\u00e9fet.<\/p>\n\n\n\n<p>La situation s&rsquo;est d\u00e9grad\u00e9e vers 21 heures, des riverains ont de nouveau appel\u00e9 les secours, d\u00e9crivant des bruits d&rsquo;explosion.<\/p>\n\n\n\n<p><em>\u00ab\u00a0Les forces de l&rsquo;ordre sont mobilis\u00e9es pour identifier les auteurs de ces actes inqualifiables\u00a0\u00bb<\/em>, assure le pr\u00e9fet Pascal Lelarge alors que la police n&rsquo;a encore proc\u00e9d\u00e9 \u00e0 aucune interpellation. La situation est rentr\u00e9e dans le calme mardi soir vers 23h.<\/p>\n","protected":false},"excerpt":{"rendered":"<p>Le pr\u00e9fet du Finist\u00e8re Pascal Lelarge d\u00e9nonce les&nbsp;\u00ab\u00a0violences inacceptables\u00a0\u00bb&nbsp;qui se sont produites dans la soir\u00e9e du mardi 10 septembre \u00e0 Quimper contre les forces de l&rsquo;ordre et les pompiers qui intervenaient dans le quartier de Penhars apr\u00e8s un&nbsp;\u00ab\u00a0rod\u00e9o\u00a0\u00bb, rapporte&nbsp;France Bleu Breizh Izel&nbsp;mercredi 11 septembre, ajoutant que 14 voitures ont \u00e9t\u00e9 br\u00fbl\u00e9es mais que personne n&rsquo;a [&hellip;]<\/p>\n","protected":false},"author":2,"featured_media":13209,"comment_status":"open","ping_status":"open","sticky":false,"template":"","format":"standard","meta":{"_jetpack_memberships_contains_paid_content":false,"footnotes":"","jetpack_publicize_message":"","jetpack_publicize_feature_enabled":true,"jetpack_social_post_already_shared":true,"jetpack_social_options":{"image_generator_settings":{"template":"highway","default_image_id":0,"font":"","enabled":false},"version":2},"_wpas_customize_per_network":false},"categories":[405],"tags":[],"class_list":["post-13207","post","type-post","status-publish","format-standard","has-post-thumbnail","hentry","category-actu-france-monde"],"jetpack_publicize_connections":[],"jetpack_featured_media_url":"https:\/\/i0.wp.com\/www.iceagetv.com\/radiosite\/wp-content\/uploads\/2019\/09\/Quimper.jpg?fit=1198%2C450&ssl=1","jetpack_sharing_enabled":true,"_links":{"self":[{"href":"https:\/\/www.iceagetv.com\/radiosite\/wp-json\/wp\/v2\/posts\/13207","targetHints":{"allow":["GET"]}}],"collection":[{"href":"https:\/\/www.iceagetv.com\/radiosite\/wp-json\/wp\/v2\/posts"}],"about":[{"href":"https:\/\/www.iceagetv.com\/radiosite\/wp-json\/wp\/v2\/types\/post"}],"author":[{"embeddable":true,"href":"https:\/\/www.iceagetv.com\/radiosite\/wp-json\/wp\/v2\/users\/2"}],"replies":[{"embeddable":true,"href":"https:\/\/www.iceagetv.com\/radiosite\/wp-json\/wp\/v2\/comments?post=13207"}],"version-history":[{"count":1,"href":"https:\/\/www.iceagetv.com\/radiosite\/wp-json\/wp\/v2\/posts\/13207\/revisions"}],"predecessor-version":[{"id":13210,"href":"https:\/\/www.iceagetv.com\/radiosite\/wp-json\/wp\/v2\/posts\/13207\/revisions\/13210"}],"wp:featuredmedia":[{"embeddable":true,"href":"https:\/\/www.iceagetv.com\/radiosite\/wp-json\/wp\/v2\/media\/13209"}],"wp:attachment":[{"href":"https:\/\/www.iceagetv.com\/radiosite\/wp-json\/wp\/v2\/media?parent=13207"}],"wp:term":[{"taxonomy":"category","embeddable":true,"href":"https:\/\/www.iceagetv.com\/radiosite\/wp-json\/wp\/v2\/categories?post=13207"},{"taxonomy":"post_tag","embeddable":true,"href":"https:\/\/www.iceagetv.com\/radiosite\/wp-json\/wp\/v2\/tags?post=13207"}],"curies":[{"name":"wp","href":"https:\/\/api.w.org\/{rel}","templated":true}]}}