{"id":13211,"date":"2019-09-11T12:08:21","date_gmt":"2019-09-11T12:08:21","guid":{"rendered":"http:\/\/www.iceagetv.com\/radiosite\/?p=13211"},"modified":"2019-09-11T12:08:27","modified_gmt":"2019-09-11T12:08:27","slug":"cinq-questions-sur-xylella-fastidiosa-la-bacterie-tueuse-doliviers","status":"publish","type":"post","link":"https:\/\/www.iceagetv.com\/radiosite\/cinq-questions-sur-xylella-fastidiosa-la-bacterie-tueuse-doliviers\/","title":{"rendered":"Cinq questions sur Xylella fastidiosa, la bact\u00e9rie \u00ab\u00a0tueuse d&rsquo;oliviers\u00a0\u00bb"},"content":{"rendered":"\n<p>C&rsquo;est l&rsquo;une des bact\u00e9ries des v\u00e9g\u00e9taux&nbsp;<em>\u00ab\u00a0les plus dangereuses du monde\u00a0\u00bb<\/em>, selon&nbsp;<a href=\"https:\/\/www.efsa.europa.eu\/fr\/press\/news\/190515-0\" target=\"_blank\" rel=\"noreferrer noopener\">l&rsquo;autorit\u00e9 europ\u00e9enne de sant\u00e9 alimentaire<\/a>&nbsp;(EFSA).&nbsp;La&nbsp;<a href=\"https:\/\/www.francetvinfo.fr\/monde\/environnement\/bacterie-tueuse-d-oliviers\/\" target=\"_blank\" rel=\"noreferrer noopener\">bact\u00e9rie&nbsp;<\/a><a href=\"https:\/\/www.francetvinfo.fr\/monde\/environnement\/bacterie-tueuse-d-oliviers\/\" target=\"_blank\" rel=\"noreferrer noopener\"><em>Xylella fastidiosa<\/em>&nbsp;ou \u00ab\u00a0tueuse d&rsquo;oliviers\u00a0\u00bb<\/a>&nbsp;a \u00e9t\u00e9 d\u00e9tect\u00e9e&nbsp;<a href=\"https:\/\/france3-regions.francetvinfo.fr\/provence-alpes-cote-d-azur\/alpes-maritimes\/menton\/menton-trois-oliviers-abattus-dont-atteint-xylella-fastidiosa-1720565.html\" target=\"_blank\" rel=\"noreferrer noopener\">pour la premi\u00e8re fois sur des oliviers en France<\/a>,&nbsp;selon&nbsp;le minist\u00e8re de l&rsquo;Agriculture et de l&rsquo;alimentation.&nbsp;Le minist\u00e8re \u00e9voque deux&nbsp;oliviers d&rsquo;ornement, l&rsquo;un \u00e0 Antibes et \u00e0 Menton, dans les Alpes-Maritimes. Ils ont \u00e9t\u00e9&nbsp;arrach\u00e9s, mais cela ne suffit pas \u00e0 apaiser les inqui\u00e9tudes des&nbsp;ol\u00e9iculteurs, en Corse notamment. Il est&nbsp;<em>\u00ab\u00a0illusoire et d\u00e9lirant de vouloir faire croire que seuls deux arbres sont touch\u00e9s\u00a0\u00bb<\/em>, \u00e9crit&nbsp;la pr\u00e9sidente du syndicat interprofessionnel des ol\u00e9iculteurs de Corse (Sidoc) Sandrine Marfisi, dans une lettre aux autorit\u00e9s publi\u00e9e lundi 9 septembre.<\/p>\n\n\n\n<h2 class=\"wp-block-heading\">Qu&rsquo;est-ce que&nbsp;\u00ab\u00a0Xylella fastidiosa\u00a0\u00bb ?<\/h2>\n\n\n\n<p>Si l&rsquo;on d\u00e9cortique son nom latin&nbsp;<em>Xylella fastidiosa<\/em>, on apprend que cette bact\u00e9rie s&rsquo;en prend aux xyl\u00e8mes, les tissus qui transportent la s\u00e8ve brute (eaux et min\u00e9raux) dans les plantes, des racines&nbsp;aux feuilles. Elle colonise la plante et d\u00e9veloppe une sorte de gel qui emp\u00eache la s\u00e8ve de circuler ; les v\u00e9g\u00e9taux atteints meurent de faim. Cette&nbsp;<em>Xylella<\/em>&nbsp;est en outre&nbsp;<em>fastidiosa<\/em>, ou fastidieuse : elle a besoin de nutriments sp\u00e9cifiques pour se d\u00e9velopper (ce qui la rend difficile \u00e0 cultiver en laboratoire).<\/p>\n\n\n\n<p>La&nbsp;<em>Xylella fastidiosa<\/em>&nbsp;est transport\u00e9e principalement par des insectes qui se nourrissent de s\u00e8ve brute, notamment les&nbsp;cicadelles, qui ressemblent \u00e0 des gros pucerons. La cicadelle pisseuse, en particulier, a&nbsp;largement contribu\u00e9 \u00e0 diffuser la bact\u00e9rie, en Californie, dans les ann\u00e9es 1990.&nbsp;D&rsquo;autres petits insectes, les&nbsp;cercopes et aphrophores, sont consid\u00e9r\u00e9s comme des vecteurs potentiels, selon&nbsp;un&nbsp;<a href=\"https:\/\/agriculture.gouv.fr\/les-mesures-de-lutte-contre-xylella-fastidiosa\" target=\"_blank\" rel=\"noreferrer noopener\">plan d&rsquo;urgence du minist\u00e8re de l&rsquo;Agriculture publi\u00e9 en 2018<\/a>.<\/p>\n\n\n\n<p>La bact\u00e9rie est mortelle pour&nbsp;<em>\u00ab\u00a0pr\u00e8s&nbsp;de 200 v\u00e9g\u00e9taux\u00a0\u00bb<\/em>, selon le minist\u00e8re&nbsp;: l&rsquo;olivier, l&rsquo;amandier, la vigne, le ch\u00eane, la lavande, l&rsquo;\u00e9rable, les agrumes, \u2026 Mais elle compte en r\u00e9alit\u00e9 plus de 300 plantes h\u00f4tes, dont certaines ne souffrent d&rsquo;aucun sympt\u00f4me. Et selon les v\u00e9g\u00e9taux touch\u00e9s, les sympt\u00f4mes changent. Elle&nbsp;est donc difficile \u00e0 identifier, ce qui lui permet de&nbsp;passer inaper\u00e7ue et se propager tr\u00e8s vite.<\/p>\n\n\n\n<h2 class=\"wp-block-heading\">Pourquoi parle-t-on de \u00ab\u00a0tueuse d&rsquo;oliviers\u00a0\u00bb ?<\/h2>\n\n\n\n<p>La&nbsp;<em>Xylella fastidiosa&nbsp;<\/em>peut tuer des centaines de plantes, mais ce sont les oliviers qui inqui\u00e8tent le plus. C&rsquo;est l&rsquo;arbre&nbsp;<em>\u00ab\u00a0le plus m\u00e9diatique\u00a0\u00bb<\/em>, explique un p\u00e9pini\u00e9riste \u00e0 franceinfo. Le plus populaire peut-\u00eatre.&nbsp;<em>\u00ab\u00a0Tout le monde veut un olivier dans son jardin\u00a0\u00bb<\/em>, ajoute-t-il. D&rsquo;autres plantes sont extr\u00eamement sensibles \u00e0 cette bact\u00e9rie,&nbsp;<em>\u00ab\u00a0comme la myrthe, mais elle n&rsquo;int\u00e9resse pas grand monde\u00a0\u00bb<\/em>. Elle compte par ailleurs des sous-esp\u00e8ces, notamment&nbsp;<em>pauca<\/em>&nbsp;et&nbsp;<em>multiplex.<\/em><\/p>\n\n\n\n<p>L&rsquo;olivier, apparu il y a&nbsp;plus de 10 000 ans autour du bassin m\u00e9diterran\u00e9e, poss\u00e8de aussi une forte charge symbolique. Sa domestication dans la r\u00e9gion est notamment li\u00e9e \u00e0 l&rsquo;histoire de la Gr\u00e8ce et la Rome antique, \u00e0 la mythologie. Il est associ\u00e9 \u00e0 la long\u00e9vit\u00e9 (certains specimens auraient plus de 1 000 ans), \u00e0 la paix (la branche d&rsquo;olivier).&nbsp;<em>\u00ab\u00a0L&rsquo;olivier est plus qu&rsquo;un arbre\u00a0\u00bb<\/em>,&nbsp;raconte Michele Emiliano, pr\u00e9sident de la r\u00e9gion des Pouilles (sud de l&rsquo;Italie), au&nbsp;<em><a href=\"https:\/\/www.lemonde.fr\/m-actu\/article\/2016\/11\/03\/xylella-fastidiosa-la-peste-qui-aneantit-les-pouilles_5024558_4497186.html\" target=\"_blank\" rel=\"noreferrer noopener\">Monde<\/a><\/em>.<em>&nbsp;\u00ab\u00a0C&rsquo;est un anc\u00eatre, une part de nous-m\u00eames, notre reflet. Gr\u00e2ce \u00e0 lui, nous nous confrontons \u00e0 l\u2019\u00e9ternit\u00e9 et au temps qui passe.\u00a0\u00bb&nbsp;<\/em><\/p>\n\n\n\n<p>Dans l&rsquo;Union europ\u00e9enne, c&rsquo;est aussi une \u00e9conomie. L&rsquo;UE produit et exporte plus des deux tiers de l&rsquo;huile d&rsquo;olive mondiale, et en consomme plus de la moiti\u00e9, selon les donn\u00e9es de la&nbsp;<a href=\"https:\/\/ec.europa.eu\/info\/food-farming-fisheries\/plants-and-plant-products\/plant-products\/olive-oil_en\" target=\"_blank\" rel=\"noreferrer noopener\">Commission europ\u00e9enne<\/a>. L&rsquo;Espagne domine largement&nbsp;la production d&rsquo;olives, devant la Gr\u00e8ce l&rsquo;Italie et le Portugal. La France ne fournit qu&rsquo;une goutte d&rsquo;huile&nbsp;dans l&rsquo;ensemble de la production mondiale,&nbsp;<em>\u00ab\u00a05 900 tonnes, alors que 3,13 millions de tonnes sont press\u00e9es dans le monde\u00a0\u00bb<\/em>, selon&nbsp;<em><a href=\"https:\/\/www.lemonde.fr\/economie\/article\/2019\/07\/06\/l-huile-d-olive-francaise-la-goutte-d-or_5486158_3234.html\" target=\"_blank\" rel=\"noreferrer noopener\">Le Monde<\/a><\/em>.<\/p>\n\n\n\n<p>Les oliviers, surtout ceux \u00e2g\u00e9s de plus de 30 ans, subissent en outre des pertes de rendement plus lourdes que les amandiers et agrumes\u00e9galement touch\u00e9s, selon l&rsquo;EFSA.<\/p>\n\n\n\n<h2 class=\"wp-block-heading\">Est-ce&nbsp;la premi\u00e8re fois qu&rsquo;elle arrive en&nbsp;France ?<\/h2>\n\n\n\n<p>C&rsquo;est la premi\u00e8re fois en France que des oliviers ont \u00e9t\u00e9 officiellement test\u00e9s positifs \u00e0&nbsp;la souche&nbsp;<em>Pauca<\/em>&nbsp;de la bact\u00e9rie&nbsp;<em>Xylella fastidiosa<\/em>, apparue pour la premi\u00e8re fois en Italie en 2013, &nbsp;sur des oliviers des Pouilles,&nbsp;une des premi\u00e8res r\u00e9gions productrices d&rsquo;huile d&rsquo;olive au monde, riche en vignes et en fruits.<\/p>\n\n\n\n<p>Elle a tout de m\u00eame d\u00e9j\u00e0 \u00e9t\u00e9 d\u00e9tect\u00e9e en France en 2015, mais pas sur des oliviers.&nbsp;La bact\u00e9rie avait \u00e9t\u00e9&nbsp;retrouv\u00e9e sur un plant de caf\u00e9ier originaire d&rsquo;Am\u00e9rique centrale,&nbsp;au march\u00e9 de gros de Rungis (Val-de-Marne).<\/p>\n\n\n\n<p>En avril 2018, des oliviers ornant des ronds-points de routes territoriales de Corse avaient \u00e9t\u00e9&nbsp;<a href=\"https:\/\/france3-regions.francetvinfo.fr\/corse\/haute-corse\/corse\/xylella-fastidiosa-analyses-alarmantes-inra-angers-vegetaux-insulaires-1454395.html\">test\u00e9s positifs \u00e0 la&nbsp;<em>Xylella fastidiosa<\/em>&nbsp;par l&rsquo;Inra<\/a>&nbsp;sur des pr\u00e9l\u00e8vements r\u00e9alis\u00e9s par le Sidoc. Ces tests avaient ensuite \u00e9t\u00e9 contredits par d&rsquo;autres analyses, officielles, men\u00e9es par l&rsquo;Anses. Ils sont&nbsp;<em>\u00ab\u00a0toujours en place, officiellement sains&#8230; toujours contaminants\u00a0\u00bb<\/em>, estime aujourd&rsquo;hui Sandrine Marfisi, pr\u00e9sidente du Sidoc.<\/p>\n\n\n\n<h2 class=\"wp-block-heading\">Que font les autorit\u00e9s ?<\/h2>\n\n\n\n<p>Un olivier plus que centenaire a \u00e9t\u00e9 abattu, mardi, \u00e0 Menton. Et deux de ses cong\u00e9naires, comme lui de 200 \u00e0 250 ans, ont aussi \u00e9t\u00e9 d\u00e9bit\u00e9s en morceaux par une \u00e9quipe d&rsquo;\u00e9lagueurs et b\u00fbcherons, puis envoy\u00e9s \u00e0 la benne pour \u00eatre incin\u00e9r\u00e9s. Les souches seront aussi retir\u00e9es.&nbsp;Le feuillage et le branchage des trois arbres ont \u00e9t\u00e9 imm\u00e9diatement br\u00fbl\u00e9s.&nbsp;<\/p>\n\n\n\n<p>Le pr\u00e9sident de la chambre d\u00e9partementale d&rsquo;agriculture des Alpes-Maritimes Michel Dessus d\u00e9plore la h\u00e2te avec laquelle les arbres ont \u00e9t\u00e9 abattus.<em>&nbsp;\u00ab\u00a0Je ne suis pas s\u00fbr que ce soit la solution : le probl\u00e8me ce ne sont pas les oliviers mais les insectes piqueurs suceurs autour. On nous garantit que c&rsquo;est la souche&nbsp;<\/em>Pauca<em>&nbsp;mais je n&rsquo;en suis pas s\u00fbr\u00a0\u00bb<\/em>, affirme-t-il. Cet horticulteur de La Gaude, responsable pour&nbsp;<em>Xylella fastidiosa<\/em>&nbsp;\u00e0 la Chambre nationale d&rsquo;agriculture, aurait pr\u00e9f\u00e9r\u00e9<em>&nbsp;\u00ab\u00a0plus de r\u00e9flexion et des analyses compl\u00e9mentaires\u00a0\u00bb<\/em>.<\/p>\n\n\n\n<p>A l&rsquo;\u00e9chelle nationale et europ\u00e9enne,<em>&nbsp;\u00ab\u00a0<\/em><em>la bact\u00e9rie Xylella fastidiosa fait l&rsquo;objet d&rsquo;une lutte obligatoire\u00a0\u00bb<\/em>, selon le minist\u00e8re de l&rsquo;Agriculture, qui a pr\u00e9sent\u00e9 un&nbsp;<a href=\"https:\/\/agriculture.gouv.fr\/plan-daction-xylella-fastidiosa-2018-2019\" target=\"_blank\" rel=\"noreferrer noopener\">nouveau plan en mars 2019<\/a>. Ce plan consiste principalement dans la protection des zones indemnes, la lutte contre la bact\u00e9rie dans les&nbsp;<em>\u00ab\u00a0zones d\u00e9limit\u00e9es\u00a0\u00bb<\/em>&nbsp;et la compr\u00e9henson de la contamination.&nbsp;<\/p>\n\n\n\n<p><em>\u00ab\u00a0La seule pr\u00e9vention qui vaille contre une bact\u00e9rie mortelle, sans rem\u00e8de connu, est de se pr\u00e9munir de son introduction\u00a0\u00bb<\/em>, estime de son c\u00f4t\u00e9 la pr\u00e9sidente du Sidoc, qui demande l&rsquo;interdiction de l&rsquo;introduction de v\u00e9g\u00e9taux en Corse.&nbsp;Depuis le d\u00e9but 2019, environ 10 000 oliviers ont \u00e9t\u00e9 import\u00e9s sur l&rsquo;\u00eele dans le cadre d&rsquo;une d\u00e9rogation accord\u00e9e par la pr\u00e9fecture,&nbsp;<em>\u00ab\u00a0alors m\u00eame qu&rsquo;une fili\u00e8re de production existe\u00a0\u00bb.<\/em><\/p>\n\n\n\n<h2 class=\"wp-block-heading\">Peut-on&nbsp;soigner les plantes malades ?<\/h2>\n\n\n\n<p>Une fois que la bact\u00e9rie&nbsp;<em>Xylella fastidiosa<\/em>&nbsp;a contamin\u00e9 une plante, il est pour le moment impossible de la soigner. La derni\u00e8re \u00e9valuation des risques effectu\u00e9e par l&rsquo;autorit\u00e9 europ\u00e9enne de sant\u00e9 alimentaire&nbsp;(EFSA), confirme&nbsp;<em>\u00ab\u00a0<\/em><em>qu&rsquo;il n&rsquo;existe actuellement toujours aucun moyen connu d&rsquo;\u00e9liminer la bact\u00e9rie d&rsquo;une plante malade sur le terrain\u00a0\u00bb<\/em>.&nbsp;&nbsp;Le seul moyen d&rsquo;action dont on dispose est l&rsquo;arrachage et la destruction des v\u00e9g\u00e9taux h\u00f4tes de la bact\u00e9rie.&nbsp;<\/p>\n\n\n\n<p>L&rsquo;efficacit\u00e9 de certaines mesures de lutte&nbsp;<em>\u00ab\u00a0chimiques et biologiques a \u00e9t\u00e9 \u00e9valu\u00e9e lors d&rsquo;exp\u00e9riences r\u00e9centes\u00a0\u00bb<\/em>, ajoute l&rsquo;EFSA, sans pr\u00e9ciser ces mesures.&nbsp;<em>\u00ab\u00a0Les r\u00e9sultats montrent qu&rsquo;elles permettent de r\u00e9duire temporairement la gravit\u00e9 de la maladie dans certaines situations, mais rien n&rsquo;indique qu\u2019elles puissent effectivement \u00e9liminer&nbsp;<\/em><em>X. fastidiosa&nbsp;<\/em><em>dans des conditions naturelles de terrain sur une longue p\u00e9riode\u00a0\u00bb<\/em>, temp\u00e8re l&rsquo;agence europ\u00e9enne.<\/p>\n\n\n\n<p>Des laboratoires ont par ailleurs men\u00e9 des recherches, en 2016, sur la lactoperoxydase, une enzyme bact\u00e9ricide pr\u00e9sente dans le lait de vache. Un consortium international, baptis\u00e9 Lubixyl, pour \u00ab\u00a0Lutte biologique contre Xylella\u00a0\u00bb, a m\u00eame \u00e9t\u00e9 cr\u00e9e, regroupant universit\u00e9s et laboratoires de 15 pays, selon&nbsp;<em><a href=\"https:\/\/www.sciencesetavenir.fr\/nature-environnement\/agriculture\/programme-lubixyl-les-scientifiques-fourbissent-leurs-armes-contre-xylella_101301\" target=\"_blank\" rel=\"noreferrer noopener\">Sciences et Avenir<\/a><\/em>. Mais le programme n&rsquo;est plus mentionn\u00e9 nulle part depuis 2017.<\/p>\n","protected":false},"excerpt":{"rendered":"<p>C&rsquo;est l&rsquo;une des bact\u00e9ries des v\u00e9g\u00e9taux&nbsp;\u00ab\u00a0les plus dangereuses du monde\u00a0\u00bb, selon&nbsp;l&rsquo;autorit\u00e9 europ\u00e9enne de sant\u00e9 alimentaire&nbsp;(EFSA).&nbsp;La&nbsp;bact\u00e9rie&nbsp;Xylella fastidiosa&nbsp;ou \u00ab\u00a0tueuse d&rsquo;oliviers\u00a0\u00bb&nbsp;a \u00e9t\u00e9 d\u00e9tect\u00e9e&nbsp;pour la premi\u00e8re fois sur des oliviers en France,&nbsp;selon&nbsp;le minist\u00e8re de l&rsquo;Agriculture et de l&rsquo;alimentation.&nbsp;Le minist\u00e8re \u00e9voque deux&nbsp;oliviers d&rsquo;ornement, l&rsquo;un \u00e0 Antibes et \u00e0 Menton, dans les Alpes-Maritimes. Ils ont \u00e9t\u00e9&nbsp;arrach\u00e9s, mais cela ne suffit pas [&hellip;]<\/p>\n","protected":false},"author":2,"featured_media":13212,"comment_status":"open","ping_status":"open","sticky":false,"template":"","format":"standard","meta":{"_jetpack_memberships_contains_paid_content":false,"footnotes":"","jetpack_publicize_message":"","jetpack_publicize_feature_enabled":true,"jetpack_social_post_already_shared":true,"jetpack_social_options":{"image_generator_settings":{"template":"highway","default_image_id":0,"font":"","enabled":false},"version":2},"_wpas_customize_per_network":false},"categories":[68],"tags":[],"class_list":["post-13211","post","type-post","status-publish","format-standard","has-post-thumbnail","hentry","category-actu-culturelle"],"jetpack_publicize_connections":[],"jetpack_featured_media_url":"https:\/\/i0.wp.com\/www.iceagetv.com\/radiosite\/wp-content\/uploads\/2019\/09\/Xylella.jpg?fit=1197%2C450&ssl=1","jetpack_sharing_enabled":true,"_links":{"self":[{"href":"https:\/\/www.iceagetv.com\/radiosite\/wp-json\/wp\/v2\/posts\/13211","targetHints":{"allow":["GET"]}}],"collection":[{"href":"https:\/\/www.iceagetv.com\/radiosite\/wp-json\/wp\/v2\/posts"}],"about":[{"href":"https:\/\/www.iceagetv.com\/radiosite\/wp-json\/wp\/v2\/types\/post"}],"author":[{"embeddable":true,"href":"https:\/\/www.iceagetv.com\/radiosite\/wp-json\/wp\/v2\/users\/2"}],"replies":[{"embeddable":true,"href":"https:\/\/www.iceagetv.com\/radiosite\/wp-json\/wp\/v2\/comments?post=13211"}],"version-history":[{"count":1,"href":"https:\/\/www.iceagetv.com\/radiosite\/wp-json\/wp\/v2\/posts\/13211\/revisions"}],"predecessor-version":[{"id":13213,"href":"https:\/\/www.iceagetv.com\/radiosite\/wp-json\/wp\/v2\/posts\/13211\/revisions\/13213"}],"wp:featuredmedia":[{"embeddable":true,"href":"https:\/\/www.iceagetv.com\/radiosite\/wp-json\/wp\/v2\/media\/13212"}],"wp:attachment":[{"href":"https:\/\/www.iceagetv.com\/radiosite\/wp-json\/wp\/v2\/media?parent=13211"}],"wp:term":[{"taxonomy":"category","embeddable":true,"href":"https:\/\/www.iceagetv.com\/radiosite\/wp-json\/wp\/v2\/categories?post=13211"},{"taxonomy":"post_tag","embeddable":true,"href":"https:\/\/www.iceagetv.com\/radiosite\/wp-json\/wp\/v2\/tags?post=13211"}],"curies":[{"name":"wp","href":"https:\/\/api.w.org\/{rel}","templated":true}]}}