{"id":13218,"date":"2019-09-12T07:18:40","date_gmt":"2019-09-12T07:18:40","guid":{"rendered":"http:\/\/www.iceagetv.com\/radiosite\/?p=13218"},"modified":"2019-09-12T07:18:46","modified_gmt":"2019-09-12T07:18:46","slug":"affaire-des-mutuelles-de-bretagne-richard-ferrand-mis-en-examen-pour-prise-illegale-dinterets","status":"publish","type":"post","link":"https:\/\/www.iceagetv.com\/radiosite\/affaire-des-mutuelles-de-bretagne-richard-ferrand-mis-en-examen-pour-prise-illegale-dinterets\/","title":{"rendered":"Affaire des Mutuelles de Bretagne : Richard Ferrand mis en examen pour \u00ab\u00a0prise ill\u00e9gale d&rsquo;int\u00e9r\u00eats"},"content":{"rendered":"\n<p>Le pr\u00e9sident La R\u00e9publique en marche de l&rsquo;Assembl\u00e9e nationale,&nbsp;<a href=\"https:\/\/www.francetvinfo.fr\/politique\/affaire\/affaire-richard-ferrand\/\" target=\"_blank\" rel=\"noreferrer noopener\">Richard Ferrand<\/a>, a \u00e9t\u00e9 mis en examen, dans la nuit du mercredi 11&nbsp;au jeudi 12&nbsp;septembre \u00e0 Lille (Nord), pour \u00ab\u00a0prise ill\u00e9gale d&rsquo;int\u00e9r\u00eats\u00a0\u00bb dans l&rsquo;affaire des Mutuelles de Bretagne, a indiqu\u00e9 le parquet de Lille \u00e0 l&rsquo;AFP. Il a \u00e9t\u00e9 entendu par trois juges d&rsquo;instruction lors&nbsp;d&rsquo;un&nbsp;<em>\u00ab\u00a0interrogatoire de premi\u00e8re comparution\u00a0\u00bb<\/em>&nbsp;de pr\u00e8s de quinze heures au&nbsp;<a href=\"https:\/\/www.francetvinfo.fr\/politique\/affaire\/affaire-richard-ferrand\/mutuelles-de-bretagne-le-president-de-lassemblee-nationale-richard-ferrand-entendu-par-trois-juges-dinstruction-a-lille_3612395.html\" target=\"_blank\" rel=\"noreferrer noopener\">tribunal de grande instance de Lille<\/a>, o\u00f9 l&rsquo;affaire a \u00e9t\u00e9 d\u00e9pays\u00e9e.<\/p>\n\n\n\n<p>Richard Ferrand&nbsp;a aussit\u00f4t annonc\u00e9, dans un communiqu\u00e9 transmis \u00e0 l&rsquo;AFP, \u00eatre&nbsp;<em>\u00ab\u00a0d\u00e9termin\u00e9 \u00e0 poursuivre&nbsp;<\/em>[sa]<em>&nbsp;mission\u00a0\u00bb<\/em>&nbsp;\u00e0 la t\u00eate de l&rsquo;Assembl\u00e9e. Il&nbsp;a \u00e9galement assur\u00e9&nbsp;<em>\u00ab\u00a0rester serein sur l&rsquo;issue de la proc\u00e9dure, au regard du classement sans suite de l&rsquo;ensemble des griefs de la premi\u00e8re plainte\u00a0\u00bb<\/em>&nbsp;en octobre 2017,&nbsp;<em>\u00ab\u00a0d&rsquo;autant plus qu&rsquo;aucun \u00e9l\u00e9ment nouveau n&rsquo;a \u00e9t\u00e9 vers\u00e9 \u00e0 ce dossier dans lequel il n&rsquo;y a ni pr\u00e9judice ni victime\u00a0\u00bb<\/em>.<\/p>\n\n\n\n<h2 class=\"wp-block-heading\">Il conteste&nbsp;toute irr\u00e9gularit\u00e9&nbsp;<\/h2>\n\n\n\n<p>L&rsquo;affaire des Mutuelles de Bretagne avait conduit ce fid\u00e8le de la premi\u00e8re heure d&rsquo;Emmanuel Macron&nbsp;<a href=\"https:\/\/www.francetvinfo.fr\/politique\/affaire\/affaire-richard-ferrand\/richard-ferrand-va-quitter-le-gouvernement-pour-briguer-la-presidence-du-groupe-lrem-a-l-assemblee_2244623.html\" target=\"_blank\" rel=\"noreferrer noopener\">\u00e0 quitter le gouvernement<\/a>&nbsp;en juin 2017. A peine nomm\u00e9 ministre de la Coh\u00e9sion des territoires, il avait \u00e9t\u00e9 \u00e9pingl\u00e9 par&nbsp;<em>Le Canard encha\u00een\u00e9.<\/em>&nbsp;L&rsquo;hebdomadaire&nbsp;avait r\u00e9v\u00e9l\u00e9 qu&rsquo;en 2011, les Mutuelles de Bretagne, que Richard Ferrand dirigeait alors, avaient d\u00e9cid\u00e9 de louer des locaux commerciaux appartenant \u00e0 sa compagne.&nbsp;L&rsquo;homme politique&nbsp;a toujours contest\u00e9 toute irr\u00e9gularit\u00e9.&nbsp;<\/p>\n\n\n\n<p>Le procureur de Brest avait ouvert une enqu\u00eate pr\u00e9liminaire en juin 2017, class\u00e9e sans suite en octobre. Il avait invoqu\u00e9 la prescription s&rsquo;agissant d&rsquo;un \u00e9ventuel d\u00e9lit de \u00ab\u00a0prise ill\u00e9gale d&rsquo;int\u00e9r\u00eats\u00a0\u00bb et jug\u00e9 que les infractions d&rsquo;abus de confiance et d&rsquo;escroquerie n&rsquo;\u00e9taient&nbsp;<em>\u00ab\u00a0pas constitu\u00e9es\u00a0\u00bb<\/em>.&nbsp;L&rsquo;association anti-corruption Anticor avait alors d\u00e9pos\u00e9 une seconde plainte avec constitution de partie civile.&nbsp;<\/p>\n\n\n\n<p>Apr\u00e8s avoir pr\u00e9sid\u00e9 le groupe des d\u00e9put\u00e9s LREM, Richard Ferrand a pris la succession de Fran\u00e7ois de Rugy \u00e0 la pr\u00e9sidence de l&rsquo;Assembl\u00e9e en septembre 2018.&nbsp;<a href=\"https:\/\/www.francetvinfo.fr\/politique\/affaire\/affaire-richard-ferrand\/l-ex-ministre-richard-ferrand-elu-president-du-groupe-la-republique-en-marche-a-l-assemblee_2252511.html\" target=\"_blank\" rel=\"noreferrer noopener\">D\u00e8s son \u00e9lection au perchoir<\/a>, il a averti \u00e0 demi-mot qu&rsquo;il ne d\u00e9missionnerait pas en cas de mise en examen.<\/p>\n\n\n\n<p>Ce coup dur pour la majorit\u00e9 intervient alors que, hasard du calendrier, deux autres poids lourds, Fran\u00e7ois Bayrou et Marielle de Sarnez,&nbsp;<a href=\"https:\/\/www.francetvinfo.fr\/politique\/modem\/assistants-parlementaires-du-modem\/soupcons-d-emplois-fictifs-au-modem-apres-sylvie-goulard-francois-bayrou-et-marielle-de-sarnez-a-leur-tour-entendus-par-les-policiers_3612151.html\" target=\"_blank\" rel=\"noreferrer noopener\">ont \u00e9t\u00e9 entendus le m\u00eame jour par la police judiciaire<\/a>&nbsp;dans l&rsquo;enqu\u00eate sur les soup\u00e7ons d&#8217;emplois fictifs des assistants d&rsquo;europarlementaires MoDem.<\/p>\n","protected":false},"excerpt":{"rendered":"<p>Le pr\u00e9sident La R\u00e9publique en marche de l&rsquo;Assembl\u00e9e nationale,&nbsp;Richard Ferrand, a \u00e9t\u00e9 mis en examen, dans la nuit du mercredi 11&nbsp;au jeudi 12&nbsp;septembre \u00e0 Lille (Nord), pour \u00ab\u00a0prise ill\u00e9gale d&rsquo;int\u00e9r\u00eats\u00a0\u00bb dans l&rsquo;affaire des Mutuelles de Bretagne, a indiqu\u00e9 le parquet de Lille \u00e0 l&rsquo;AFP. Il a \u00e9t\u00e9 entendu par trois juges d&rsquo;instruction lors&nbsp;d&rsquo;un&nbsp;\u00ab\u00a0interrogatoire de premi\u00e8re [&hellip;]<\/p>\n","protected":false},"author":2,"featured_media":13219,"comment_status":"open","ping_status":"open","sticky":false,"template":"","format":"standard","meta":{"_jetpack_memberships_contains_paid_content":false,"footnotes":"","jetpack_publicize_message":"","jetpack_publicize_feature_enabled":true,"jetpack_social_post_already_shared":true,"jetpack_social_options":{"image_generator_settings":{"template":"highway","default_image_id":0,"font":"","enabled":false},"version":2},"_wpas_customize_per_network":false},"categories":[405],"tags":[],"class_list":["post-13218","post","type-post","status-publish","format-standard","has-post-thumbnail","hentry","category-actu-france-monde"],"jetpack_publicize_connections":[],"jetpack_featured_media_url":"https:\/\/i0.wp.com\/www.iceagetv.com\/radiosite\/wp-content\/uploads\/2019\/09\/Affaire-des-Mutuelles-de-Bretagne.jpg?fit=1197%2C450&ssl=1","jetpack_sharing_enabled":true,"_links":{"self":[{"href":"https:\/\/www.iceagetv.com\/radiosite\/wp-json\/wp\/v2\/posts\/13218","targetHints":{"allow":["GET"]}}],"collection":[{"href":"https:\/\/www.iceagetv.com\/radiosite\/wp-json\/wp\/v2\/posts"}],"about":[{"href":"https:\/\/www.iceagetv.com\/radiosite\/wp-json\/wp\/v2\/types\/post"}],"author":[{"embeddable":true,"href":"https:\/\/www.iceagetv.com\/radiosite\/wp-json\/wp\/v2\/users\/2"}],"replies":[{"embeddable":true,"href":"https:\/\/www.iceagetv.com\/radiosite\/wp-json\/wp\/v2\/comments?post=13218"}],"version-history":[{"count":1,"href":"https:\/\/www.iceagetv.com\/radiosite\/wp-json\/wp\/v2\/posts\/13218\/revisions"}],"predecessor-version":[{"id":13220,"href":"https:\/\/www.iceagetv.com\/radiosite\/wp-json\/wp\/v2\/posts\/13218\/revisions\/13220"}],"wp:featuredmedia":[{"embeddable":true,"href":"https:\/\/www.iceagetv.com\/radiosite\/wp-json\/wp\/v2\/media\/13219"}],"wp:attachment":[{"href":"https:\/\/www.iceagetv.com\/radiosite\/wp-json\/wp\/v2\/media?parent=13218"}],"wp:term":[{"taxonomy":"category","embeddable":true,"href":"https:\/\/www.iceagetv.com\/radiosite\/wp-json\/wp\/v2\/categories?post=13218"},{"taxonomy":"post_tag","embeddable":true,"href":"https:\/\/www.iceagetv.com\/radiosite\/wp-json\/wp\/v2\/tags?post=13218"}],"curies":[{"name":"wp","href":"https:\/\/api.w.org\/{rel}","templated":true}]}}