{"id":13225,"date":"2019-09-13T07:04:49","date_gmt":"2019-09-13T07:04:49","guid":{"rendered":"http:\/\/www.iceagetv.com\/radiosite\/?p=13225"},"modified":"2019-09-13T07:04:54","modified_gmt":"2019-09-13T07:04:54","slug":"greve-des-transports-a-paris-le-point-sur-la-situation-minute-par-minute-tout-au-long-de-la-journee-deja-pres-de-300-kilometres-de-bouchons-cumules-en-ile-de-france","status":"publish","type":"post","link":"https:\/\/www.iceagetv.com\/radiosite\/greve-des-transports-a-paris-le-point-sur-la-situation-minute-par-minute-tout-au-long-de-la-journee-deja-pres-de-300-kilometres-de-bouchons-cumules-en-ile-de-france\/","title":{"rendered":"Gr\u00e8ve des transports \u00e0 Paris: Le point sur la situation minute par minute tout au long de la journ\u00e9e &#8211; D\u00e9j\u00e0 pr\u00e8s de 300 kilom\u00e8tres de bouchons cumul\u00e9s en Ile de france"},"content":{"rendered":"\n<p><strong>D\u00e9j\u00e0 300 kilom\u00e8tres de bouchons cumul\u00e9s \u00e0 cette heure en Ile de France \u00e0 cette heure<\/strong><\/p>\n\n\n\n<p>C\u00f4t\u00e9 route, la circulation est tr\u00e8s dense depuis ce matin, avec actuellement 235 km de bouchons cumul\u00e9s sur la r\u00e9gion parisienne. C&rsquo;est beaucoup plus qu&rsquo;habituellement, o\u00f9 l&rsquo;on compte environ 80 km de difficult\u00e9s pour un vendredi normal. Un niveau \u00abexceptionnel \u00bb explique la Direction des routes Ile-de-France.<\/p>\n\n\n\n<p><strong>07h56: Selon BFM TV, les tarifs des VTC sont en forte hausse ce matin<\/strong>\u00a0et ne cesse d&rsquo;augmenter. La cha\u00eene info \u00e9crit: \u00ab\u00a0Sur les applications de VTC, les prix des courses s&rsquo;envolent d\u00e9j\u00e0 en cette matin\u00e9e. Pour un trajet entre Balard et la Gare du Nord, l&rsquo;application Uber affichait \u00e0 7h30 un tarif de plus de 50 euros en UberX, contre moins de 40 euros une demi-heure plus t\u00f4t. Pour un trajet similaire, Kapten affiche de son c\u00f4t\u00e9 plus de 58 euros.<\/p>\n\n\n\n<p><strong>Un point complet sur le trafic des m\u00e9tros parisiens :<\/strong><\/p>\n\n\n\n<p>&#8211; Trafic normal sur les lignes 1 et 14 trafic tr\u00e8s fortement perturb\u00e9 (avec lignes et stations partiellement ouvertes) uniquement en heures de pointe (6h30 &#8211; 9h30 \/ 17h &#8211; 20h) :<\/p>\n\n\n\n<p>&#8211; ligne 4 : 1 train sur 3; les stations suivantes seront ferm\u00e9es : Montparnasse, Od\u00e9on, Strasbourg-Saint-Denis, Barb\u00e8s-Rochechouart, Marcadet-Poissonniers, Gare de l&rsquo;Est, R\u00e9aumur S\u00e9bastopol<\/p>\n\n\n\n<p>&#8211; ligne 7 : 1 train sur 3; Les stations suivantes seront ferm\u00e9es: Place d&rsquo;Italie, Jussieu, Op\u00e9ra, Chauss\u00e9e d&rsquo;Antin-Lafayette, Gare de l&rsquo;Est<\/p>\n\n\n\n<p>&#8211; ligne 8 : 1 train sur 3 uniquement entre Cr\u00e9teil-Pointe du Lac et Reuilly-Diderot; toutes les stations situ\u00e9es entre Balard et Faidherbe-Chaligny seront ferm\u00e9es (Reuilly-Diderot ouverte).<\/p>\n\n\n\n<p>&#8211; ligne 9 : 1 train sur 4 uniquement entre Pont de S\u00e8vres et Franklin D.Roosevelt, et entre Nation et Mairie de Montreuil; seront ferm\u00e9es toutes les stations entre Saint-Philippe du Roule et Rue des Boulets (NB: Franklin D. Roosevelt et Nation ouvertes), seront ferm\u00e9es les stations Michel-Ange Auteuil et Trocad\u00e9ro.<\/p>\n\n\n\n<p>&#8211; Trafic interrompu sur les lignes 2, 3, 3bis, 5, 6, 7bis, 10, 11, 12, 13<\/p>\n\n\n\n<p><strong>&nbsp;Le point communiqu\u00e9 par la RATP \u00e0 6h30<\/strong><\/p>\n\n\n\n<p>A Paris, le RER et les quelques lignes de m\u00e9tro en service ce matin ont commenc\u00e9 \u00e0 fonctionner. Le bulletin de la RATP sur l&rsquo;\u00e9tat du trafic en direct confirme les pr\u00e9visions d\u00e9j\u00e0 annonc\u00e9s : 10 des 16 lignes de m\u00e9tro sont ferm\u00e9es, et les lignes 4, 7, 8 et 9 fonctionneront \u00e0 une fr\u00e9quence tr\u00e8s r\u00e9duite, seulement sur certains tron\u00e7ons et uniquement aux heures de pointe. La 1 et la 14, automatiques, circulent normalement.<br><strong>10 lignes de m\u00e9tro sont ferm\u00e9es ce matin.<\/strong>\u00a0Sur le RER, aucun train ne circule sur le RER A et le RER B en heures creuses. Sur le RER A, seul un train sur trois roule en heure de pointe, c&rsquo;est-\u00e0-dire de 6h30 \u00e0 9h30 et de 17h \u00e0 20h. Sur le RER B, un train sur cinq circule. Comptez environ un bus sur trois.\u00a0Au niveau des tramways, un sur deux circule sur les lignes T3bis et T5. Sur les lignes T1, T2, T3a, T6, T7 et T8, il n&rsquo;y a aucun train en heures creuses et un tramway sur trois en heure de pointe.<\/p>\n","protected":false},"excerpt":{"rendered":"<p>D\u00e9j\u00e0 300 kilom\u00e8tres de bouchons cumul\u00e9s \u00e0 cette heure en Ile de France \u00e0 cette heure C\u00f4t\u00e9 route, la circulation est tr\u00e8s dense depuis ce matin, avec actuellement 235 km de bouchons cumul\u00e9s sur la r\u00e9gion parisienne. C&rsquo;est beaucoup plus qu&rsquo;habituellement, o\u00f9 l&rsquo;on compte environ 80 km de difficult\u00e9s pour un vendredi normal. Un niveau [&hellip;]<\/p>\n","protected":false},"author":2,"featured_media":13226,"comment_status":"open","ping_status":"open","sticky":false,"template":"","format":"standard","meta":{"_jetpack_memberships_contains_paid_content":false,"footnotes":"","jetpack_publicize_message":"","jetpack_publicize_feature_enabled":true,"jetpack_social_post_already_shared":true,"jetpack_social_options":{"image_generator_settings":{"template":"highway","default_image_id":0,"font":"","enabled":false},"version":2},"_wpas_customize_per_network":false},"categories":[405],"tags":[],"class_list":["post-13225","post","type-post","status-publish","format-standard","has-post-thumbnail","hentry","category-actu-france-monde"],"jetpack_publicize_connections":[],"jetpack_featured_media_url":"https:\/\/i0.wp.com\/www.iceagetv.com\/radiosite\/wp-content\/uploads\/2019\/09\/Gr%C3%A8ve-des-transports-%C3%A0-Paris.jpg?fit=771%2C354&ssl=1","jetpack_sharing_enabled":true,"_links":{"self":[{"href":"https:\/\/www.iceagetv.com\/radiosite\/wp-json\/wp\/v2\/posts\/13225","targetHints":{"allow":["GET"]}}],"collection":[{"href":"https:\/\/www.iceagetv.com\/radiosite\/wp-json\/wp\/v2\/posts"}],"about":[{"href":"https:\/\/www.iceagetv.com\/radiosite\/wp-json\/wp\/v2\/types\/post"}],"author":[{"embeddable":true,"href":"https:\/\/www.iceagetv.com\/radiosite\/wp-json\/wp\/v2\/users\/2"}],"replies":[{"embeddable":true,"href":"https:\/\/www.iceagetv.com\/radiosite\/wp-json\/wp\/v2\/comments?post=13225"}],"version-history":[{"count":1,"href":"https:\/\/www.iceagetv.com\/radiosite\/wp-json\/wp\/v2\/posts\/13225\/revisions"}],"predecessor-version":[{"id":13227,"href":"https:\/\/www.iceagetv.com\/radiosite\/wp-json\/wp\/v2\/posts\/13225\/revisions\/13227"}],"wp:featuredmedia":[{"embeddable":true,"href":"https:\/\/www.iceagetv.com\/radiosite\/wp-json\/wp\/v2\/media\/13226"}],"wp:attachment":[{"href":"https:\/\/www.iceagetv.com\/radiosite\/wp-json\/wp\/v2\/media?parent=13225"}],"wp:term":[{"taxonomy":"category","embeddable":true,"href":"https:\/\/www.iceagetv.com\/radiosite\/wp-json\/wp\/v2\/categories?post=13225"},{"taxonomy":"post_tag","embeddable":true,"href":"https:\/\/www.iceagetv.com\/radiosite\/wp-json\/wp\/v2\/tags?post=13225"}],"curies":[{"name":"wp","href":"https:\/\/api.w.org\/{rel}","templated":true}]}}