{"id":13235,"date":"2019-09-13T15:13:50","date_gmt":"2019-09-13T15:13:50","guid":{"rendered":"http:\/\/www.iceagetv.com\/radiosite\/?p=13235"},"modified":"2019-09-13T15:13:56","modified_gmt":"2019-09-13T15:13:56","slug":"patrick-balkany-a-la-prison-de-la-sante-apres-sa-condamnation-a-quatre-ans-de-prison-ferme","status":"publish","type":"post","link":"https:\/\/www.iceagetv.com\/radiosite\/patrick-balkany-a-la-prison-de-la-sante-apres-sa-condamnation-a-quatre-ans-de-prison-ferme\/","title":{"rendered":"Patrick Balkany \u00e0 la prison de la Sant\u00e9 apr\u00e8s sa condamnation \u00e0 quatre ans de prison ferme"},"content":{"rendered":"\n<p>Le couple&nbsp;<a href=\"https:\/\/www.francetvinfo.fr\/politique\/affaire\/affaire-balkany\/\" target=\"_blank\" rel=\"noreferrer noopener\">Balkany<\/a>&nbsp;a \u00e9t\u00e9 reconnu coupable de fraude fiscale, vendredi 13&nbsp;septembre. Patrick Balkany, le maire de Levallois-Perret (Hauts-de-Seine), est condamn\u00e9 \u00e0 quatre ans de prison ferme et incarc\u00e9r\u00e9&nbsp;imm\u00e9diatement. Il est arriv\u00e9 \u00e0 la prison de la Sant\u00e9, \u00e0 Paris, vers 15 heures.&nbsp;Son \u00e9pouse, Isabelle Balkany, \u00e9cope de trois ans de prison ferme, sans mandat de d\u00e9p\u00f4t, et de dix ans d&rsquo;in\u00e9ligibilit\u00e9.&nbsp;<em>\u00ab\u00a0Je ne suis absolument pas surpris\u00a0\u00bb<\/em>, a d\u00e9clar\u00e9 l&rsquo;avocat des \u00e9poux Balkany, Eric Dupond-Moretti, pr\u00e9cisant que le couple allait interjeter appel.&nbsp;Pour le second volet, consacr\u00e9 aux d\u00e9lits de \u00ab\u00a0blanchiment\u00a0\u00bb et de \u00ab\u00a0corruption\u00a0\u00bb, il faudra encore patienter un mois, avec un d\u00e9lib\u00e9r\u00e9 fix\u00e9 au 18&nbsp;octobre.<\/p>\n\n\n\n<p>&nbsp;<strong>Le couple Balkany reconnu coupable de fraude fiscale.&nbsp;<\/strong>Pour le tribunal, les \u00e9poux&nbsp;<em>\u00ab\u00a0ont intentionnellement dissimul\u00e9 la majeure partie de leur revenus\u00a0\u00bb<\/em>.&nbsp;Le tribunal retient la&nbsp;<em>\u00ab\u00a0volont\u00e9 r\u00e9solue des \u00e9poux Balkany de dissimuler m\u00e9thodiquement \u00e0 l&rsquo;administration fiscale (&#8230;), gr\u00e2ce \u00e0 des dispositifs sophistiqu\u00e9s, (&#8230;) l&rsquo;\u00e9tendue r\u00e9elle de leur patrimoine\u00a0\u00bb<\/em>.<\/p>\n\n\n\n<p>&nbsp;<strong>Quatre ans de prison ferme pour Patrick Balkany.&nbsp;<\/strong>Le maire de Levallois-Perret a \u00e9t\u00e9 condamn\u00e9 \u00e0&nbsp;quatre ans de prison avec mandat de d\u00e9p\u00f4t, pour \u00ab\u00a0fraude fiscale\u00a0\u00bb et \u00e0 dix ans d&rsquo;in\u00e9ligibilit\u00e9. Il doit dormir en prison d\u00e8s vendredi soir.&nbsp;Le mandat de d\u00e9p\u00f4t est<em>&nbsp;\u00ab\u00a0une humiliation totalement inutile, et pour nous insupportable. Je pense qu&rsquo;on s&rsquo;est pay\u00e9 Balkany aujourd&rsquo;hui et nous allons bien s\u00fbr interjeter appel\u00a0\u00bb<\/em>, a d\u00e9clar\u00e9 devant la presse&nbsp;Eric Dupond-Moretti&nbsp;apr\u00e8s l&rsquo;\u00e9nonc\u00e9 du jugement.<\/p>\n\n\n\n<p>&nbsp;<strong>Trois ans de prison pour Isabelle Balkany.&nbsp;<\/strong>Isabelle Balkany, premi\u00e8re adjointe de la ville de Levallois-Perret, a \u00e9t\u00e9 condamn\u00e9e \u00e0 trois ans de prison, sans mandat de d\u00e9p\u00f4t, compte tenu de son \u00e9tat de sant\u00e9. En clair, elle \u00e9chappe \u00e0 la prison dans l&rsquo;imm\u00e9diat.<\/p>\n\n\n\n<p>&nbsp;<strong>Ce dont sont accus\u00e9s les \u00e9poux Balkany.<\/strong>&nbsp;Le&nbsp;parquet national financier (PNF)&nbsp;et le fisc \u2013 qui avait port\u00e9 plainte en 2015 \u2013 reprochent&nbsp;aux \u00e9lus de Levallois-Perret de n&rsquo;avoir pas pay\u00e9 d&rsquo;ISF entre 2010 et 2015, malgr\u00e9 des actifs estim\u00e9s \u00e0 16&nbsp;millions d&rsquo;euros annuels minimum.&nbsp;Ils leur reprochent&nbsp;\u00e9galement d&rsquo;avoir d\u00e9clar\u00e9 des revenus amplement sous-\u00e9valu\u00e9s entre 2009 et 2014.&nbsp;Au total, les sommes \u00e9lud\u00e9es sont estim\u00e9es \u00e0 plus de 4&nbsp;millions d&rsquo;euros d&rsquo;imp\u00f4ts sur le revenu et sur la fortune, un montant contest\u00e9 par la d\u00e9fense.&nbsp;<\/p>\n\n\n\n<p>&nbsp;<strong>Les r\u00e9quisitions du parquet.<\/strong>&nbsp;Dans ce volet \u00ab\u00a0fraude fiscale\u00a0\u00bb, le PNF a requis une peine \u00e0 la hauteur de&nbsp;<em>\u00ab\u00a0l&rsquo;atteinte \u00e0 la d\u00e9mocratie\u00a0\u00bb<\/em>&nbsp;qu&rsquo;il reproche au maire LR de cette commune cossue de l&rsquo;ouest parisien&nbsp;: quatre ans de prison ferme assortis d&rsquo;une incarc\u00e9ration imm\u00e9diate. Contre Isabelle Balkany, quatre ans dont deux ferme, une peine am\u00e9nageable. Et contre tous les deux, dix ans d&rsquo;in\u00e9ligibilit\u00e9, le maximum.<\/p>\n","protected":false},"excerpt":{"rendered":"<p>Le couple&nbsp;Balkany&nbsp;a \u00e9t\u00e9 reconnu coupable de fraude fiscale, vendredi 13&nbsp;septembre. Patrick Balkany, le maire de Levallois-Perret (Hauts-de-Seine), est condamn\u00e9 \u00e0 quatre ans de prison ferme et incarc\u00e9r\u00e9&nbsp;imm\u00e9diatement. Il est arriv\u00e9 \u00e0 la prison de la Sant\u00e9, \u00e0 Paris, vers 15 heures.&nbsp;Son \u00e9pouse, Isabelle Balkany, \u00e9cope de trois ans de prison ferme, sans mandat de d\u00e9p\u00f4t, [&hellip;]<\/p>\n","protected":false},"author":2,"featured_media":13236,"comment_status":"open","ping_status":"open","sticky":false,"template":"","format":"standard","meta":{"_jetpack_memberships_contains_paid_content":false,"footnotes":"","jetpack_publicize_message":"","jetpack_publicize_feature_enabled":true,"jetpack_social_post_already_shared":true,"jetpack_social_options":{"image_generator_settings":{"template":"highway","default_image_id":0,"font":"","enabled":false},"version":2},"_wpas_customize_per_network":false},"categories":[405],"tags":[],"class_list":["post-13235","post","type-post","status-publish","format-standard","has-post-thumbnail","hentry","category-actu-france-monde"],"jetpack_publicize_connections":[],"jetpack_featured_media_url":"https:\/\/i0.wp.com\/www.iceagetv.com\/radiosite\/wp-content\/uploads\/2019\/09\/Patrick-Balkany-1.jpg?fit=768%2C433&ssl=1","jetpack_sharing_enabled":true,"_links":{"self":[{"href":"https:\/\/www.iceagetv.com\/radiosite\/wp-json\/wp\/v2\/posts\/13235","targetHints":{"allow":["GET"]}}],"collection":[{"href":"https:\/\/www.iceagetv.com\/radiosite\/wp-json\/wp\/v2\/posts"}],"about":[{"href":"https:\/\/www.iceagetv.com\/radiosite\/wp-json\/wp\/v2\/types\/post"}],"author":[{"embeddable":true,"href":"https:\/\/www.iceagetv.com\/radiosite\/wp-json\/wp\/v2\/users\/2"}],"replies":[{"embeddable":true,"href":"https:\/\/www.iceagetv.com\/radiosite\/wp-json\/wp\/v2\/comments?post=13235"}],"version-history":[{"count":1,"href":"https:\/\/www.iceagetv.com\/radiosite\/wp-json\/wp\/v2\/posts\/13235\/revisions"}],"predecessor-version":[{"id":13237,"href":"https:\/\/www.iceagetv.com\/radiosite\/wp-json\/wp\/v2\/posts\/13235\/revisions\/13237"}],"wp:featuredmedia":[{"embeddable":true,"href":"https:\/\/www.iceagetv.com\/radiosite\/wp-json\/wp\/v2\/media\/13236"}],"wp:attachment":[{"href":"https:\/\/www.iceagetv.com\/radiosite\/wp-json\/wp\/v2\/media?parent=13235"}],"wp:term":[{"taxonomy":"category","embeddable":true,"href":"https:\/\/www.iceagetv.com\/radiosite\/wp-json\/wp\/v2\/categories?post=13235"},{"taxonomy":"post_tag","embeddable":true,"href":"https:\/\/www.iceagetv.com\/radiosite\/wp-json\/wp\/v2\/tags?post=13235"}],"curies":[{"name":"wp","href":"https:\/\/api.w.org\/{rel}","templated":true}]}}