{"id":13242,"date":"2019-09-20T16:53:06","date_gmt":"2019-09-20T16:53:06","guid":{"rendered":"http:\/\/www.iceagetv.com\/radiosite\/?p=13242"},"modified":"2019-09-20T16:53:12","modified_gmt":"2019-09-20T16:53:12","slug":"greve-pour-le-climat-la-jeunesse-du-monde-entier-mobilisee","status":"publish","type":"post","link":"https:\/\/www.iceagetv.com\/radiosite\/greve-pour-le-climat-la-jeunesse-du-monde-entier-mobilisee\/","title":{"rendered":"Gr\u00e8ve pour le climat\u00a0\u00bb : la jeunesse du monde entier mobilis\u00e9e"},"content":{"rendered":"\n<p>Indon\u00e9sie, Ukraine, France, Ouganda, Danemark&#8230; Des centaines de milliers de jeunes manifestent vendredi 20 septembre \u00e0 travers le monde entier pour ce qui s&rsquo;annonce comme\u00a0<strong>la plus grande mobilisation jamais organis\u00e9e<\/strong>\u00a0pour appeler les adultes \u00e0 agir contre la catastrophe climatique.\u00a0<\/p>\n\n\n\n<p><\/p>\n\n\n\n<p>Rejoignant le mouvement initi\u00e9 \u00e0 l&rsquo;\u00e9t\u00e9 2018 par la jeune Su\u00e9doise&nbsp;<a href=\"https:\/\/www.rtl.fr\/sujet\/greta-thunberg\">Greta Thunberg<\/a>, ils&nbsp;<strong>boycottent les salles de classe<\/strong>&nbsp;pour cette tr\u00e8s symbolique \u00ab\u00a0gr\u00e8ve mondiale pour le climat\u00a0\u00bb, qui doit culminer par une&nbsp;<strong>manifestation monstre \u00e0 New York<\/strong>, o\u00f9 se tiendra lundi 23 septembre un sommet international sur le climat.&nbsp;<\/p>\n\n\n\n<p>Au total, plus de<strong>&nbsp;5.000 \u00e9v\u00e9nements sont pr\u00e9vus sur toute la plan\u00e8te&nbsp;<\/strong>et Greta Thunberg, qui d\u00e9filera \u00e0 New York, a appel\u00e9 jeudi dans une vid\u00e9o la jeunesse \u00e0 s&rsquo;approprier le combat. \u00ab\u00a0Tout compte. Ce que vous faites compte\u00a0\u00bb, a d\u00e9clar\u00e9 celle qui est devenue le symbole d&rsquo;une jeune g\u00e9n\u00e9ration convaincue que ses a\u00een\u00e9s n&rsquo;en font pas suffisamment pour lutter contre le r\u00e9chauffement.&nbsp;<\/p>\n\n\n\n<blockquote class=\"wp-block-quote is-layout-flow wp-block-quote-is-layout-flow\"><p>Si vous n&rsquo;\u00eates pas dans la rue vous perdez votre temps, o\u00f9 que vous soyez dans le monde<\/p><\/blockquote>\n\n\n\n<p>\u00ab\u00a0C&rsquo;est pour votre futur, pour votre existence et pour votre vie m\u00eame. Si vous n&rsquo;\u00eates pas dans la rue vous perdez votre temps, o\u00f9 que vous soyez dans le monde\u00a0\u00bb, a lanc\u00e9 Aman Sharma, un \u00e9tudiant manifestant \u00e0 Delhi.\u00a0<\/p>\n\n\n\n<p>En Afrique du Sud, environ&nbsp;<strong>un demi-millier de personnes ont d\u00e9fil\u00e9 dans la matin\u00e9e \u00e0 Johannesburg<\/strong>. \u00ab\u00a0Notre \u00e9cole nous a autoris\u00e9s \u00e0 partir pour la manifestation. Si on ne fait pas quelque chose rapidement, \u00e7a sera&nbsp;<strong>le d\u00e9but de l&rsquo;extinction humaine<\/strong>\u00ab\u00a0, s&rsquo;inqui\u00e9tait Jonathan Lithgow, coll\u00e9gien de 15 ans.&nbsp;<\/p>\n\n\n\n<h3 class=\"wp-block-heading\">9.400 manifestants \u00e0 Paris<\/h3>\n\n\n\n<p>De premiers rassemblements ont eu lieu \u00e0 travers l&rsquo;Europe. En Allemagne, o\u00f9 les \u00e9cologistes ont le vent en poupe \u00e9lectoralement, des manifestants ont d\u00e9j\u00e0 bloqu\u00e9 la circulation dans le centre de Francfort, provoquant un embouteillage monstre. \u00c0 Berlin, la principale manifestation devait partir de l&#8217;embl\u00e9matique Porte de Brandebourg.&nbsp;<br><br>\u00c0 Paris, Jeannette, 12 ans, est venue manifester accompagn\u00e9e de son p\u00e8re Fabrice. \u00ab\u00a0C&rsquo;est mon anniversaire et j&rsquo;ai demand\u00e9 \u00e0 venir,&nbsp;<strong>la situation me rend triste<\/strong>&nbsp;on est dans le caca et on fait n&rsquo;importe quoi\u00a0\u00bb, lance la coll\u00e9gienne. Dans la capitale fran\u00e7aise,&nbsp;<strong>9.400 manifestants ont \u00e9t\u00e9 recens\u00e9s dans l&rsquo;apr\u00e8s-midi,<\/strong>&nbsp;selon le comptage ind\u00e9pendant du cabinet Occurrence&nbsp;r\u00e9alis\u00e9 pour plusieurs&nbsp;m\u00e9dias, dont&nbsp;RTL.<\/p>\n","protected":false},"excerpt":{"rendered":"<p>Indon\u00e9sie, Ukraine, France, Ouganda, Danemark&#8230; Des centaines de milliers de jeunes manifestent vendredi 20 septembre \u00e0 travers le monde entier pour ce qui s&rsquo;annonce comme\u00a0la plus grande mobilisation jamais organis\u00e9e\u00a0pour appeler les adultes \u00e0 agir contre la catastrophe climatique.\u00a0 Rejoignant le mouvement initi\u00e9 \u00e0 l&rsquo;\u00e9t\u00e9 2018 par la jeune Su\u00e9doise&nbsp;Greta Thunberg, ils&nbsp;boycottent les salles de [&hellip;]<\/p>\n","protected":false},"author":2,"featured_media":13243,"comment_status":"open","ping_status":"open","sticky":false,"template":"","format":"standard","meta":{"_jetpack_memberships_contains_paid_content":false,"footnotes":"","jetpack_publicize_message":"","jetpack_publicize_feature_enabled":true,"jetpack_social_post_already_shared":true,"jetpack_social_options":{"image_generator_settings":{"template":"highway","default_image_id":0,"font":"","enabled":false},"version":2},"_wpas_customize_per_network":false},"categories":[405],"tags":[],"class_list":["post-13242","post","type-post","status-publish","format-standard","has-post-thumbnail","hentry","category-actu-france-monde"],"jetpack_publicize_connections":[],"jetpack_featured_media_url":"https:\/\/i0.wp.com\/www.iceagetv.com\/radiosite\/wp-content\/uploads\/2019\/09\/greve-pour-le-climat.jpg?fit=737%2C472&ssl=1","jetpack_sharing_enabled":true,"_links":{"self":[{"href":"https:\/\/www.iceagetv.com\/radiosite\/wp-json\/wp\/v2\/posts\/13242","targetHints":{"allow":["GET"]}}],"collection":[{"href":"https:\/\/www.iceagetv.com\/radiosite\/wp-json\/wp\/v2\/posts"}],"about":[{"href":"https:\/\/www.iceagetv.com\/radiosite\/wp-json\/wp\/v2\/types\/post"}],"author":[{"embeddable":true,"href":"https:\/\/www.iceagetv.com\/radiosite\/wp-json\/wp\/v2\/users\/2"}],"replies":[{"embeddable":true,"href":"https:\/\/www.iceagetv.com\/radiosite\/wp-json\/wp\/v2\/comments?post=13242"}],"version-history":[{"count":1,"href":"https:\/\/www.iceagetv.com\/radiosite\/wp-json\/wp\/v2\/posts\/13242\/revisions"}],"predecessor-version":[{"id":13244,"href":"https:\/\/www.iceagetv.com\/radiosite\/wp-json\/wp\/v2\/posts\/13242\/revisions\/13244"}],"wp:featuredmedia":[{"embeddable":true,"href":"https:\/\/www.iceagetv.com\/radiosite\/wp-json\/wp\/v2\/media\/13243"}],"wp:attachment":[{"href":"https:\/\/www.iceagetv.com\/radiosite\/wp-json\/wp\/v2\/media?parent=13242"}],"wp:term":[{"taxonomy":"category","embeddable":true,"href":"https:\/\/www.iceagetv.com\/radiosite\/wp-json\/wp\/v2\/categories?post=13242"},{"taxonomy":"post_tag","embeddable":true,"href":"https:\/\/www.iceagetv.com\/radiosite\/wp-json\/wp\/v2\/tags?post=13242"}],"curies":[{"name":"wp","href":"https:\/\/api.w.org\/{rel}","templated":true}]}}