{"id":13245,"date":"2019-09-20T16:54:41","date_gmt":"2019-09-20T16:54:41","guid":{"rendered":"http:\/\/www.iceagetv.com\/radiosite\/?p=13245"},"modified":"2019-09-20T16:54:47","modified_gmt":"2019-09-20T16:54:47","slug":"proces-de-jean-luc-melenchon-et-de-cinq-insoumis-le-jugement-est-mis-en-delibere-au-9-decembre","status":"publish","type":"post","link":"https:\/\/www.iceagetv.com\/radiosite\/proces-de-jean-luc-melenchon-et-de-cinq-insoumis-le-jugement-est-mis-en-delibere-au-9-decembre\/","title":{"rendered":"Proc\u00e8s de Jean-Luc M\u00e9lenchon et de cinq \u00ab\u00a0insoumis\u00a0\u00bb : le jugement est mis en d\u00e9lib\u00e9r\u00e9 au 9 d\u00e9cembre"},"content":{"rendered":"\n<p>Pr\u00e8s d&rsquo;un an apr\u00e8s la perquisition au si\u00e8ge de La France insoumise en octobre 2018, le proc\u00e8s de&nbsp;<a href=\"https:\/\/www.francetvinfo.fr\/politique\/melenchon\/\" target=\"_blank\" rel=\"noreferrer noopener\">Jean-Luc M\u00e9lenchon&nbsp;<\/a>et de cinq de ses proches du mouvement s&rsquo;est ouvert, jeudi 19 septembre, au tribunal de Bobigny (Seine-Saint-Denis). Le proc\u00e8s, pr\u00e9vu sur deux jours, continue avec les r\u00e9quisitions et les plaidoiries ce vendredi. Suivez l&rsquo;audience dans notre direct.<\/p>\n\n\n\n<p>&nbsp;<strong>Trois mois de prison avec sursis requis.<\/strong>&nbsp;Le parquet de Bobigny a requis trois mois de prison avec sursis contre le leader de la France Insoumise et 8 000 euros d&rsquo;amende. Il n&rsquo;a en revanche pas requis de p\u00e9riode d&rsquo;in\u00e9gibilit\u00e9. Jean-Luc&nbsp;M\u00e9lenchon est poursuivi pour&nbsp;<em>\u00ab\u00a0actes d&rsquo;intimidation contre l&rsquo;autorit\u00e9 judiciaire, r\u00e9bellion et provocation\u00a0\u00bb<\/em>. Des amendes, allant de 2 000 \u00e0 10 000 euros, ont par ailleurs \u00e9t\u00e9 requises contre les cinq autres pr\u00e9venus.<\/p>\n\n\n\n<p>&nbsp;<strong>Les plaidories des avocats.<\/strong>&nbsp;Les avocats des parties civiles ont plaid\u00e9 dans une salle tr\u00e8s calme, vendredi matin.&nbsp;<em>\u00ab\u00a0Que dire \u00e0 ces pauvres gosses de banlieue qui, quand ils commettent le quart de la moiti\u00e9 d&rsquo;un outrage se retrouvent en garde-\u00e0-vue ?<\/em>&nbsp;interroge l&rsquo;un d&rsquo;eux, en charge de la d\u00e9fense du policier et du gendarme qui gardaient la porte lors de la perquisition.&nbsp;<em>Vous avez b\u00e9n\u00e9fici\u00e9 d&rsquo;un traitement de faveur, Monsieur M\u00e9lenchon.\u00a0\u00bb&nbsp;<\/em>Cet apr\u00e8s-midi, les avocats de la d\u00e9fense ont, de leur c\u00f4t\u00e9, plaid\u00e9&nbsp;la relaxe.&nbsp;<\/p>\n\n\n\n<p>&nbsp;<strong>Un proc\u00e8s qui fait suite \u00e0 une perquisition houleuse.<\/strong>&nbsp;Ce proc\u00e8s fait suite \u00e0 l&rsquo;opposition, avec force, de Jean-Luc M\u00e9lenchon \u00e0 la&nbsp;<a href=\"https:\/\/www.francetvinfo.fr\/politique\/melenchon\/perquisition-au-siege-de-la-france-insoumise-l-histoire-secrete-d-une-journee-mouvementee_3622197.html\" target=\"_blank\" rel=\"noreferrer noopener\">perquisition du si\u00e8ge de son parti \u00e0 Paris le 16 octobre 2018<\/a>. Le leader des Insoumis avait film\u00e9 en direct sur Facebook cette perquisition et celle de son domicile, op\u00e9r\u00e9es dans le cadre de deux enqu\u00eates distinctes du parquet de Paris \u2013 sur les comptes de campagne de la pr\u00e9sidentielle de 2017 et sur les assistants d&rsquo;eurod\u00e9put\u00e9s de LFI. Lors de la confrontation avec les forces de l&rsquo;ordre, Jean-Luc M\u00e9lenchon avait notamment lanc\u00e9&nbsp;:&nbsp;<em>\u00ab\u00a0La R\u00e9publique, c&rsquo;est moi !\u00a0\u00bb&nbsp;<\/em><\/p>\n\n\n\n<p>&nbsp;<strong>Une premi\u00e8re journ\u00e9e mouvement\u00e9e<\/strong><strong>.<\/strong>&nbsp;La journ\u00e9e a \u00e9t\u00e9 \u00e9maill\u00e9e de rebondissements, entre probl\u00e8me de cl\u00e9 USB et confrontation entre Me Eric Dupond-Moretti et Jean-Luc M\u00e9lenchon.&nbsp;L&rsquo;audience se d\u00e9roule dans la salle des assises, plus grande, en raison de l&rsquo;int\u00e9r\u00eat suscit\u00e9 par le proc\u00e8s. La France insoumise a par ailleurs lanc\u00e9 un appel \u00e0 s&rsquo;y rendre en nombre et Jean-Luc M\u00e9lenchon, d\u00e9non\u00e7ant une&nbsp;<em><a href=\"https:\/\/www.francetvinfo.fr\/politique\/melenchon\/execution-politique-systeme-judiciaire-macronien-comment-melenchon-se-defend-dans-les-medias-avant-son-proces_3617541.html\" target=\"_blank\" rel=\"noreferrer noopener\">\u00ab\u00a0ex\u00e9cution politique\u00a0\u00bb<\/a><\/em>, a relay\u00e9 un appel \u00e0 manifester devant le tribunal, jeudi d\u00e8s 7h30.&nbsp;<em>\u00ab\u00a0Ici, on est dans une enceinte judiciaire, pas devant le tribunal avec des pancartes\u00a0\u00bb<\/em>, a tonn\u00e9 Me Dupond-Moretti.<\/p>\n","protected":false},"excerpt":{"rendered":"<p>Pr\u00e8s d&rsquo;un an apr\u00e8s la perquisition au si\u00e8ge de La France insoumise en octobre 2018, le proc\u00e8s de&nbsp;Jean-Luc M\u00e9lenchon&nbsp;et de cinq de ses proches du mouvement s&rsquo;est ouvert, jeudi 19 septembre, au tribunal de Bobigny (Seine-Saint-Denis). Le proc\u00e8s, pr\u00e9vu sur deux jours, continue avec les r\u00e9quisitions et les plaidoiries ce vendredi. Suivez l&rsquo;audience dans notre [&hellip;]<\/p>\n","protected":false},"author":2,"featured_media":13246,"comment_status":"open","ping_status":"open","sticky":false,"template":"","format":"standard","meta":{"_jetpack_memberships_contains_paid_content":false,"footnotes":"","jetpack_publicize_message":"","jetpack_publicize_feature_enabled":true,"jetpack_social_post_already_shared":true,"jetpack_social_options":{"image_generator_settings":{"template":"highway","default_image_id":0,"font":"","enabled":false},"version":2},"_wpas_customize_per_network":false},"categories":[405],"tags":[],"class_list":["post-13245","post","type-post","status-publish","format-standard","has-post-thumbnail","hentry","category-actu-france-monde"],"jetpack_publicize_connections":[],"jetpack_featured_media_url":"https:\/\/i0.wp.com\/www.iceagetv.com\/radiosite\/wp-content\/uploads\/2019\/09\/Proc%C3%A8s-de-Jean-Luc-M%C3%A9lenchon.jpg?fit=768%2C433&ssl=1","jetpack_sharing_enabled":true,"_links":{"self":[{"href":"https:\/\/www.iceagetv.com\/radiosite\/wp-json\/wp\/v2\/posts\/13245","targetHints":{"allow":["GET"]}}],"collection":[{"href":"https:\/\/www.iceagetv.com\/radiosite\/wp-json\/wp\/v2\/posts"}],"about":[{"href":"https:\/\/www.iceagetv.com\/radiosite\/wp-json\/wp\/v2\/types\/post"}],"author":[{"embeddable":true,"href":"https:\/\/www.iceagetv.com\/radiosite\/wp-json\/wp\/v2\/users\/2"}],"replies":[{"embeddable":true,"href":"https:\/\/www.iceagetv.com\/radiosite\/wp-json\/wp\/v2\/comments?post=13245"}],"version-history":[{"count":1,"href":"https:\/\/www.iceagetv.com\/radiosite\/wp-json\/wp\/v2\/posts\/13245\/revisions"}],"predecessor-version":[{"id":13247,"href":"https:\/\/www.iceagetv.com\/radiosite\/wp-json\/wp\/v2\/posts\/13245\/revisions\/13247"}],"wp:featuredmedia":[{"embeddable":true,"href":"https:\/\/www.iceagetv.com\/radiosite\/wp-json\/wp\/v2\/media\/13246"}],"wp:attachment":[{"href":"https:\/\/www.iceagetv.com\/radiosite\/wp-json\/wp\/v2\/media?parent=13245"}],"wp:term":[{"taxonomy":"category","embeddable":true,"href":"https:\/\/www.iceagetv.com\/radiosite\/wp-json\/wp\/v2\/categories?post=13245"},{"taxonomy":"post_tag","embeddable":true,"href":"https:\/\/www.iceagetv.com\/radiosite\/wp-json\/wp\/v2\/tags?post=13245"}],"curies":[{"name":"wp","href":"https:\/\/api.w.org\/{rel}","templated":true}]}}