{"id":13257,"date":"2019-09-22T11:55:20","date_gmt":"2019-09-22T11:55:20","guid":{"rendered":"http:\/\/www.iceagetv.com\/radiosite\/?p=13257"},"modified":"2019-09-22T11:55:25","modified_gmt":"2019-09-22T11:55:25","slug":"marche-pour-le-climat-et-gilets-jaunes-la-grande-confusion","status":"publish","type":"post","link":"https:\/\/www.iceagetv.com\/radiosite\/marche-pour-le-climat-et-gilets-jaunes-la-grande-confusion\/","title":{"rendered":"Marche pour le climat et gilets jaunes: la grande confusion"},"content":{"rendered":"\n<h2 class=\"wp-block-heading\">15.200 personnes ont manifest\u00e9 ce samedi&nbsp; lors de la marche pour le climat \u00e0 Paris. Parmi eux, et comme dans plusieurs autres rassemblements en France, difficile de distinguer le nombre r\u00e9el de gilets jaunes des militants \u00e9cologistes.<\/h2>\n\n\n\n<p>Samedi, les appels \u00e0 \u00ab\u00a0la convergence des luttes\u00a0\u00bb s&rsquo;\u00e9taient multipli\u00e9s sur les r\u00e9seaux sociaux. Pour leur rentr\u00e9e, les gilets jaunes esp\u00e9raient faire front commun avec les manifestants \u00e9cologistes et montrer au gouvernement que, loin de s&rsquo;essouffler, le mouvement redoublait de t\u00e9nacit\u00e9. Mais au lendemain de la manifestation parisienne&nbsp;<a href=\"https:\/\/www.bfmtv.com\/societe\/la-marche-pour-le-climat-pertubee-par-un-millier-de-manifestants-radicaux-1772140.html\">perturb\u00e9e par l&rsquo;infiltration d&rsquo;un millier de&nbsp;<em>black blocs<\/em><\/a>,&nbsp;la confusion r\u00e8gne autour de leur mobilisation r\u00e9elle dans les cort\u00e8ges.<\/p>\n\n\n\n<h3 class=\"wp-block-heading\">Mutation<\/h3>\n\n\n\n<p>Depuis le printemps, les traditionnelles manifestations des gilets jaunes\u00a0n&rsquo;ont cess\u00e9 de se d\u00e9peupler. Beaucoup esp\u00e9raient que la journ\u00e9e de samedi, en s&rsquo;appuyant sur la marche verte, marque un nouveau souffle. J\u00e9r\u00f4me Rodriguez avait lui-m\u00eame reconnu vendredi la n\u00e9cessit\u00e9 que \u00ab\u00a0le mouvement mute\u00a0\u00bb:<\/p>\n\n\n\n<blockquote class=\"wp-block-quote is-layout-flow wp-block-quote-is-layout-flow\"><p>Je suis pour converger vers la lutte contre le mal-\u00eatre, pour la justice environnementale et pour int\u00e9grer des cort\u00e8ges diff\u00e9rents\u00a0\u00bb, avait-il indiqu\u00e9 \u00e0 l&rsquo;Agence-France-Presse (AFP).<\/p><\/blockquote>\n\n\n\n<p>Du c\u00f4t\u00e9 des associations \u00e9cologistes en revanche, l&rsquo;enthousiasme n&rsquo;\u00e9tait pas d\u00e9bordant. \u00ab\u00a0Il y a une volont\u00e9 de se r\u00e9unir mais nos formes d&rsquo;action sont trop diff\u00e9rentes et leurs manifestations sont non d\u00e9clar\u00e9es\u00a0\u00bb, expliquait \u00e0 l&rsquo;AFP&nbsp;Elodie Nace, la porte-parole du mouvement \u00e9cologiste Alternatiba.&nbsp;<\/p>\n\n\n\n<h3 class=\"wp-block-heading\">Des gilets jaunes pas gilets jaunes<\/h3>\n\n\n\n<p>\u00c0 Paris, lors des premiers attroupements\u00a0dans le secteur de la Madeleine puis de Saint-Lazare samedi matin,\u00a0la consigne semblait avoir \u00e9t\u00e9\u00a0donn\u00e9e de ne pas rev\u00eatir le traditionnelle chasuble\u00a0fluorescent, quasiment invisible dans les rassemblements.<\/p>\n\n\n\n<p>Dans le cort\u00e8ge pour le climat entre le jardin du Luxembourg et Bastille en d \u00e9but de soir\u00e9e, des gilets jaunes ont bien \u00e9t\u00e9 aper\u00e7us, mais il s&rsquo;agissait de ceux du mouvement des \u00ab\u00a0Peace-Keepers\u00a0\u00bb, lanc\u00e9 en 2015 au moment de la COP 21.<\/p>\n\n\n\n<blockquote class=\"wp-block-quote is-layout-flow wp-block-quote-is-layout-flow\"><p>\u00ab\u00a0On le porte pour le r\u00f4le de Peace-Keepers, celui qui abaisse les tensions. \u00c7a ne veut pas dire qu&rsquo;on se d\u00e9solidarise des gilets jaunes, au contraire la justice sociale et climatique va de pair.&nbsp;Mais le gilet vient d&rsquo;avant\u00a0\u00bb, nous explique une militante en amont du d\u00e9fil\u00e9.&nbsp;<\/p><\/blockquote>\n\n\n\n<h3 class=\"wp-block-heading\">Gonfler le Nombre jaune?<\/h3>\n\n\n\n<p>Alors que les gilets jaunes \u00e9taient jusque-l\u00e0 facilement identifiables, ils \u00e9taient&nbsp;volontairement dispers\u00e9s&nbsp;dans les diff\u00e9rents cort\u00e8ges, dont celui de la r\u00e9forme des retraites. Pour \u00e9viter un comptage clair?<\/p>\n\n\n\n<p>Samedi soir, le \u00ab\u00a0Nombre jaune\u00a0\u00bb, le chiffrage \u00e9tabli par les militants, s&rsquo;est f\u00e9licit\u00e9 d&rsquo;une mobilisation \u00e0&nbsp;&nbsp;\u00ab\u00a091.430 manifestants minimum\u00a0\u00bb, ne semblant pas distinguer les marcheurs pour le climat de leurs militants. Une critique formul\u00e9e par de nombreux \u00e9cologistes eux-m\u00eame&nbsp;ce samedi. Et qui pourrait expliquer en partie ce fort regain de participation, bien sup\u00e9rieur&nbsp;\u00e0 cet \u00e9t\u00e9 par exemple, o\u00f9 le \u00ab\u00a0Nombre jaune\u00a0\u00bb atteignait difficilement les 20.457 personnes le 6 ao\u00fbt dernier, lors d&rsquo;une manifestation en hommage \u00e0 Steve Maia Cani\u00e7o,&nbsp;<a href=\"https:\/\/www.bfmtv.com\/police-justice\/mort-de-steve-a-nantes-castaner-annonce-que-le-commissaire-en-charge-ce-soir-la-a-ete-ecarte-1766901.html\" target=\"_blank\" rel=\"noreferrer noopener\">mort \u00e0 Nantes le soir de la F\u00eate de la musique<\/a>&nbsp;lors d&rsquo;une intervention des forces de l&rsquo;ordre.<\/p>\n\n\n\n<p>Un ph\u00e9nom\u00e8ne similaire a \u00e9t\u00e9 point\u00e9 du doigt dans plusieurs rassemblements organis\u00e9s en r\u00e9gion par des militants \u00e9cologistes, tous ne voyant pas d&rsquo;un tr\u00e8s bon oeil cette \u00ab\u00a0convergence des luttes\u00a0\u00bb avec les gilets jaunes. A Paris,&nbsp;15.200 personnes ont particip\u00e9 \u00e0 la marche pour le climat selon le comptage du cabinet ind\u00e9pendant Occurence, contre 50.000 selon les organisateurs. Aucune donn\u00e9e officielle ou autre n&rsquo;existe par ailleurs pour les rassemblements organis\u00e9s en dehors de la capitale.<\/p>\n","protected":false},"excerpt":{"rendered":"<p>15.200 personnes ont manifest\u00e9 ce samedi&nbsp; lors de la marche pour le climat \u00e0 Paris. Parmi eux, et comme dans plusieurs autres rassemblements en France, difficile de distinguer le nombre r\u00e9el de gilets jaunes des militants \u00e9cologistes. Samedi, les appels \u00e0 \u00ab\u00a0la convergence des luttes\u00a0\u00bb s&rsquo;\u00e9taient multipli\u00e9s sur les r\u00e9seaux sociaux. Pour leur rentr\u00e9e, les [&hellip;]<\/p>\n","protected":false},"author":2,"featured_media":13258,"comment_status":"open","ping_status":"open","sticky":false,"template":"","format":"standard","meta":{"_jetpack_memberships_contains_paid_content":false,"footnotes":"","jetpack_publicize_message":"","jetpack_publicize_feature_enabled":true,"jetpack_social_post_already_shared":true,"jetpack_social_options":{"image_generator_settings":{"template":"highway","default_image_id":0,"font":"","enabled":false},"version":2},"_wpas_customize_per_network":false},"categories":[405],"tags":[],"class_list":["post-13257","post","type-post","status-publish","format-standard","has-post-thumbnail","hentry","category-actu-france-monde"],"jetpack_publicize_connections":[],"jetpack_featured_media_url":"https:\/\/i0.wp.com\/www.iceagetv.com\/radiosite\/wp-content\/uploads\/2019\/09\/Marche-pour-le-climat-et-gilets-jaunes.jpeg?fit=1062%2C708&ssl=1","jetpack_sharing_enabled":true,"_links":{"self":[{"href":"https:\/\/www.iceagetv.com\/radiosite\/wp-json\/wp\/v2\/posts\/13257","targetHints":{"allow":["GET"]}}],"collection":[{"href":"https:\/\/www.iceagetv.com\/radiosite\/wp-json\/wp\/v2\/posts"}],"about":[{"href":"https:\/\/www.iceagetv.com\/radiosite\/wp-json\/wp\/v2\/types\/post"}],"author":[{"embeddable":true,"href":"https:\/\/www.iceagetv.com\/radiosite\/wp-json\/wp\/v2\/users\/2"}],"replies":[{"embeddable":true,"href":"https:\/\/www.iceagetv.com\/radiosite\/wp-json\/wp\/v2\/comments?post=13257"}],"version-history":[{"count":1,"href":"https:\/\/www.iceagetv.com\/radiosite\/wp-json\/wp\/v2\/posts\/13257\/revisions"}],"predecessor-version":[{"id":13259,"href":"https:\/\/www.iceagetv.com\/radiosite\/wp-json\/wp\/v2\/posts\/13257\/revisions\/13259"}],"wp:featuredmedia":[{"embeddable":true,"href":"https:\/\/www.iceagetv.com\/radiosite\/wp-json\/wp\/v2\/media\/13258"}],"wp:attachment":[{"href":"https:\/\/www.iceagetv.com\/radiosite\/wp-json\/wp\/v2\/media?parent=13257"}],"wp:term":[{"taxonomy":"category","embeddable":true,"href":"https:\/\/www.iceagetv.com\/radiosite\/wp-json\/wp\/v2\/categories?post=13257"},{"taxonomy":"post_tag","embeddable":true,"href":"https:\/\/www.iceagetv.com\/radiosite\/wp-json\/wp\/v2\/tags?post=13257"}],"curies":[{"name":"wp","href":"https:\/\/api.w.org\/{rel}","templated":true}]}}