{"id":13264,"date":"2019-09-22T16:15:15","date_gmt":"2019-09-22T16:15:15","guid":{"rendered":"http:\/\/www.iceagetv.com\/radiosite\/?p=13264"},"modified":"2019-09-22T16:15:20","modified_gmt":"2019-09-22T16:15:20","slug":"greve-a-la-sncf-mardi-deux-intercites-sur-cinq-trois-ter-sur-cinq-et-un-transilien-sur-deux-annonce-la-direction","status":"publish","type":"post","link":"https:\/\/www.iceagetv.com\/radiosite\/greve-a-la-sncf-mardi-deux-intercites-sur-cinq-trois-ter-sur-cinq-et-un-transilien-sur-deux-annonce-la-direction\/","title":{"rendered":"Gr\u00e8ve \u00e0 la SNCF mardi : deux Intercit\u00e9s sur cinq, trois TER sur cinq et un Transilien sur deux, annonce la direction"},"content":{"rendered":"\n<p>Un trafic TGV \u00ab\u00a0peu perturb\u00e9\u00a0\u00bb, deux trains Intercit\u00e9s sur cinq, trois TER sur cinq et un Transilien sur deux circuleront en moyenne mardi 24 septembre, jour d&rsquo;appel \u00e0 la gr\u00e8ve contre le projet de r\u00e9forme des retraites, a annonc\u00e9 dimanche la direction de la SNCF.<\/p>\n\n\n\n<p>Le trafic des trains internationaux sera \u00ab\u00a0normal\u00a0\u00bb pour les Eurostar, Thalys, Lyria et les liaisons France-Espagne, France-Allemagne et France-Italie. Le trafic TGV sera normal \u00e0 l&rsquo;exception des axes Atlantique et Nord (quatre trains sur cinq). Tout comme le trafic r\u00e9gional, le trafic Intercit\u00e9s est qualifi\u00e9 de \u00ab\u00a0perturb\u00e9\u00a0\u00bb. Seul un Intercit\u00e9s de nuit sur quatre circulera.<\/p>\n\n\n\n<p>En r\u00e9gion parisienne, le RER A conna\u00eetra un service normal mais la partie nord du RER B (\u00e0 partir de Gare du Nord), g\u00e9r\u00e9e par la SNCF, sera touch\u00e9e avec deux trains sur cinq qui circuleront, tout comme les lignes C (un train sur deux), D (deux trains sur cinq et aucune circulation entre Ch\u00e2telet et Gare de Lyon) et E (deux trains sur cinq). Si 50% des Transiliens circuleront en moyenne, la ligne R vers Montereau et Montargis sera particuli\u00e8rement affect\u00e9e avec un train sur quatre qui roulera.<\/p>\n","protected":false},"excerpt":{"rendered":"<p>Un trafic TGV \u00ab\u00a0peu perturb\u00e9\u00a0\u00bb, deux trains Intercit\u00e9s sur cinq, trois TER sur cinq et un Transilien sur deux circuleront en moyenne mardi 24 septembre, jour d&rsquo;appel \u00e0 la gr\u00e8ve contre le projet de r\u00e9forme des retraites, a annonc\u00e9 dimanche la direction de la SNCF. Le trafic des trains internationaux sera \u00ab\u00a0normal\u00a0\u00bb pour les Eurostar, [&hellip;]<\/p>\n","protected":false},"author":2,"featured_media":13265,"comment_status":"open","ping_status":"open","sticky":false,"template":"","format":"standard","meta":{"_jetpack_memberships_contains_paid_content":false,"footnotes":"","jetpack_publicize_message":"","jetpack_publicize_feature_enabled":true,"jetpack_social_post_already_shared":true,"jetpack_social_options":{"image_generator_settings":{"template":"highway","default_image_id":0,"font":"","enabled":false},"version":2},"_wpas_customize_per_network":false},"categories":[405],"tags":[],"class_list":["post-13264","post","type-post","status-publish","format-standard","has-post-thumbnail","hentry","category-actu-france-monde"],"jetpack_publicize_connections":[],"jetpack_featured_media_url":"https:\/\/i0.wp.com\/www.iceagetv.com\/radiosite\/wp-content\/uploads\/2019\/09\/Gr%C3%A8ve-%C3%A0-la-SNCF-mardi.png?fit=1200%2C631&ssl=1","jetpack_sharing_enabled":true,"_links":{"self":[{"href":"https:\/\/www.iceagetv.com\/radiosite\/wp-json\/wp\/v2\/posts\/13264","targetHints":{"allow":["GET"]}}],"collection":[{"href":"https:\/\/www.iceagetv.com\/radiosite\/wp-json\/wp\/v2\/posts"}],"about":[{"href":"https:\/\/www.iceagetv.com\/radiosite\/wp-json\/wp\/v2\/types\/post"}],"author":[{"embeddable":true,"href":"https:\/\/www.iceagetv.com\/radiosite\/wp-json\/wp\/v2\/users\/2"}],"replies":[{"embeddable":true,"href":"https:\/\/www.iceagetv.com\/radiosite\/wp-json\/wp\/v2\/comments?post=13264"}],"version-history":[{"count":1,"href":"https:\/\/www.iceagetv.com\/radiosite\/wp-json\/wp\/v2\/posts\/13264\/revisions"}],"predecessor-version":[{"id":13266,"href":"https:\/\/www.iceagetv.com\/radiosite\/wp-json\/wp\/v2\/posts\/13264\/revisions\/13266"}],"wp:featuredmedia":[{"embeddable":true,"href":"https:\/\/www.iceagetv.com\/radiosite\/wp-json\/wp\/v2\/media\/13265"}],"wp:attachment":[{"href":"https:\/\/www.iceagetv.com\/radiosite\/wp-json\/wp\/v2\/media?parent=13264"}],"wp:term":[{"taxonomy":"category","embeddable":true,"href":"https:\/\/www.iceagetv.com\/radiosite\/wp-json\/wp\/v2\/categories?post=13264"},{"taxonomy":"post_tag","embeddable":true,"href":"https:\/\/www.iceagetv.com\/radiosite\/wp-json\/wp\/v2\/tags?post=13264"}],"curies":[{"name":"wp","href":"https:\/\/api.w.org\/{rel}","templated":true}]}}