{"id":13273,"date":"2019-09-23T19:04:06","date_gmt":"2019-09-23T19:04:06","guid":{"rendered":"http:\/\/www.iceagetv.com\/radiosite\/?p=13273"},"modified":"2019-09-23T19:04:12","modified_gmt":"2019-09-23T19:04:12","slug":"tombe-celte-de-vix-des-archeologues-fouillent-dans-le-passe-dun-celebrissime-vase-grec","status":"publish","type":"post","link":"https:\/\/www.iceagetv.com\/radiosite\/tombe-celte-de-vix-des-archeologues-fouillent-dans-le-passe-dun-celebrissime-vase-grec\/","title":{"rendered":"Tombe celte de Vix : des arch\u00e9ologues fouillent dans le pass\u00e9 d\u2019un c\u00e9l\u00e9brissime vase grec"},"content":{"rendered":"\n<p>Depuis les ann\u00e9es 1920-1930, les \u00e9rudits locaux se demandaient les raisons de la pr\u00e9sence, dans un champ, de nombreuses pierres \u00e9trang\u00e8res au site. En janvier 1953, un enseignant en philosophie et arch\u00e9ologue \u00e0 ses heures, Ren\u00e9 Joffroy, et un agriculteur, Maurice Moisson, entreprennent des fouilles sous la neige et la pluie. Ils butent alors sur ce qui va se r\u00e9v\u00e9ler \u00eatre l\u2019anse d\u2019un grand vase grec (appel\u00e9 crat\u00e8re par les sp\u00e9cialistes). Ils mettent ainsi \u00e0 jour la tombe d\u2019une femme celte d\u2019environ 40 ans reposant sur un char dont les roues ont \u00e9t\u00e9 d\u00e9mont\u00e9es.<\/p>\n\n\n\n<p>Celle que l\u2019on va appeler la\u00a0<em>\u00ab\u00a0dame de Vix\u00a0\u00bb<\/em>\u00a0est par\u00e9e de somptueux bijoux. A commencer par un torque (collier) en or pesant 480 g. Mais c\u2019est \u00e9videmment le vase en bronze, haut de 1,64 m et apparemment fabriqu\u00e9 \u00e0 Tarente (colonie grecque dans le sud de l\u2019Italie), qui retient d\u2019abord l\u2019attention. Dans sa hauteur, il est d\u00e9cor\u00e9 d\u2019une frise o\u00f9 l\u2019on observe un d\u00e9fil\u00e9 de guerriers, de chevaux et de chars. Tandis que des repr\u00e9sentations de gorgones (monstres mythologiques) forment ses anses. On a \u00e9galement trouv\u00e9 sur place une coupe en argent partiellement plaqu\u00e9e d\u2019or, une cruche et des bassins (r\u00e9cipients creux) en bronze\u2026 Tous ces objets sont aujourd\u2019hui pr\u00e9sent\u00e9s au mus\u00e9e du\u00a0<a rel=\"noreferrer noopener\" href=\"http:\/\/www.musee-vix.fr\/#sthash.ky47U6xs.dpbs\" target=\"_blank\">Pays ch\u00e2tillonais-Tr\u00e9sor de Vix\u00a0<\/a>\u00e0 Ch\u00e2tillon-sur-Seine.<\/p>\n\n\n\n<h2 class=\"wp-block-heading\">Et le contexte dans tout \u00e7a ?<\/h2>\n\n\n\n<p><em>\u00ab\u00a0Les fouilles de 1953 ont permis de sortir ces objets de la terre. Elles ont fait la couverture de Paris-Match, elles ont eu une r\u00e9percussion mondiale. La Poste en a tir\u00e9 un timbre grand format. Mais cette op\u00e9ration pionni\u00e8re, men\u00e9e dans de mauvaises conditions, n\u2019a dur\u00e9 que deux mois l\u00e0 o\u00f9 aujourd\u2019hui, l\u2019on en mettrait six. Par la suite, on a id\u00e9alis\u00e9 et imagin\u00e9 la tombe \u00e0 partir d\u2019\u00e9l\u00e9ments r\u00e9els, oubliant ainsi le contexte du site<\/em>&nbsp;(class\u00e9&nbsp;<a href=\"https:\/\/www.bienpublic.com\/edition-haute-cote-d-or\/2015\/11\/26\/la-tombe-de-vix-classee-aux-monuments-historiques\" target=\"_blank\" rel=\"noreferrer noopener\">monument historique<\/a>&nbsp;en 2015, NDLR)<em>. Aujourd\u2019hui, il s\u2019agit pr\u00e9cis\u00e9ment de lui redonner un contexte\u00a0\u00bb<\/em>, souligne&nbsp;<a href=\"https:\/\/fr.wikipedia.org\/wiki\/Dominique_Garcia\" target=\"_blank\" rel=\"noreferrer noopener\">Dominique Garcia<\/a>, pr\u00e9sident de l\u2019Institut national de recherches arch\u00e9ologiques pr\u00e9ventives (Inrap) et universitaire sp\u00e9cialiste du monde celtique. Les nouvelles fouilles, men\u00e9es par l\u2019Inrap, doivent durer jusqu\u2019en novembre 2019.<\/p>\n\n\n\n<p><em>\u00ab\u00a0On ne conna\u00eet pas l\u2019ampleur de l\u2019op\u00e9ration de 1953. On ne sait pas si la tombe a \u00e9t\u00e9 enti\u00e8rement fouill\u00e9e. Les documents de l\u2019\u00e9poque, notamment les photos, sont difficilement exploitables\u00a0\u00bb<\/em>, explique&nbsp;<a href=\"https:\/\/inrap.academia.edu\/BastienDubuis\" target=\"_blank\" rel=\"noreferrer noopener\">Bastien Dubuis<\/a>, responsable des fouilles en 2019, qui a \u00e9galement dirig\u00e9 les recherches autour de la&nbsp;<a href=\"https:\/\/www.francetvinfo.fr\/culture\/patrimoine\/decouverte-exceptionnelle-d-une-tombe-celte-pres-de-troyes_3347101.html\" target=\"_blank\" rel=\"noreferrer noopener\">tombe du&nbsp;<em>\u00ab\u00a0prince de Lavau\u00a0\u00bb<\/em><\/a>&nbsp;dans&nbsp;<a href=\"https:\/\/www.francetvinfo.fr\/culture\/patrimoine\/histoire\/journees-nationales-de-larcheologie-quand-larcheologue-passe-par-le-laboratoire_3281075.html\" target=\"_blank\" rel=\"noreferrer noopener\">l\u2019Aube<\/a>. La s\u00e9pulture de Vix devait mesurer 3 m sur 3 sans qu\u2019on connaisse exactement sa profondeur. Des \u00e9l\u00e9ments de bois ayant \u00e9t\u00e9 aper\u00e7us en 1953, on pense qu\u2019un coffrage de bois devait recouvrir l\u2019int\u00e9rieur.&nbsp;<em>\u00ab\u00a0Le lieu n\u2019avait pas d\u2019entr\u00e9e. Il \u00e9tait scell\u00e9 pour l\u2019\u00e9ternit\u00e9\u00a0\u00bb<\/em>, pense l\u2019arch\u00e9ologue. Pour l\u2019instant, on n\u2019en sait gu\u00e8re plus\u2026<\/p>\n\n\n\n<p>On sait cependant que la situation de la tombe n\u2019\u00e9tait pas li\u00e9e au hasard. Plac\u00e9e dans un endroit plat, en bordure de Seine, au pied du mont Lassois (colline d\u2019une centaine de m\u00e8tres de haut), elle \u00e9tait l\u00e0 pour \u00eatre vue. D\u2019o\u00f9 son importance. A l\u2019\u00e9poque, les inhumations dans la r\u00e9gion se faisaient sous des tertres artificiels (tumulus). A Vix, le tumulus, qui faisait peut-\u00eatre 6 \u00e0 8 m de haut, \u00e9tait recouvert de pierres, toutes apport\u00e9es sp\u00e9cialement pour sa construction. Par la suite, le site, d\u2019une superficie de 2000 m\u00b2, a pu servir de carri\u00e8re d\u00e8s l\u2019Antiquit\u00e9.\u00a0<em>\u00ab\u00a0La tombe est aras\u00e9e depuis fort longtemps. Ce qui a sans doute permis de la sauver\u00a0\u00bb<\/em>, constate Bastien Dubuis. Elle n\u2019a en effet pas \u00e9t\u00e9 pill\u00e9e.<\/p>\n\n\n\n<h2 class=\"wp-block-heading\">Haute technologie<\/h2>\n\n\n\n<p>Les arch\u00e9ologues s\u2019interrogent sur la pr\u00e9sence d\u2019un curieux am\u00e9nagement quadrangulaire en pierre s\u00e8che qui fait face au mont Lassois. S\u2019agit-il des traces d\u2019un podium d\u00e9di\u00e9 comme \u00e0 Lavau \u00e0 la c\u00e9r\u00e9monie fun\u00e9raire, de celles d\u2019un tumulus primitif ? Beaucoup de questions, peu de r\u00e9ponses&#8230;<\/p>\n\n\n\n<p>Des clous en bronze, semblables aux \u00e9l\u00e9ments de d\u00e9cor du vase grec et sans doute oubli\u00e9s en 1953, ont par ailleurs \u00e9t\u00e9 retrouv\u00e9s dans des remblais. Est-on \u00e0 l\u2019aube de nouvelles d\u00e9couvertes exceptionnelles ? Les arch\u00e9ologues l\u2019excluent.<\/p>\n\n\n\n<p>Pour le reste, on r\u00e9p\u00e9tera que la tombe \u00e9tait faite pour \u00eatre vue. Son contenu, \u00e0 commencer par son crat\u00e8re, \u00e9tait lui aussi fait pour frapper les esprits. Probablement destin\u00e9 au banquet, tradition issue du monde grec, cet objet exceptionnel devait contenir du vin, boisson alors \u00e9videmment tr\u00e8s rare dans ces contr\u00e9es.&nbsp;<em>\u00ab\u00a0C\u2019est un produit de haute technologie. A tel point qu\u2019aujourd\u2019hui encore, les chaudronniers se demandent comment leurs pr\u00e9d\u00e9cesseurs antiques ont fait !\u00a0\u00bb<\/em>, commente Catherine Monnet, conservateure du mus\u00e9e du Pays ch\u00e2tillonnais.<\/p>\n\n\n\n<p><em>\u00ab\u00a0Un tel \u00e9l\u00e9ment, d\u2019une qualit\u00e9 que l\u2019on ne retrouve pas ailleurs dans le monde grec, devait \u00eatre en quelque sorte du sur-mesure. Il s\u2019agissait d\u2019un cadeau destin\u00e9 \u00e0 impressionner ceux qui le recevaient. Un cadeau qui renfor\u00e7ait le pouvoir du destinataire et qui en faisait un oblig\u00e9. C\u2019\u00e9tait un objet de prestige qui pouvait aussi servir \u00e0 sceller une amiti\u00e9 entre peuples\u00a0\u00bb<\/em>, observe de son c\u00f4t\u00e9 Dominique Garcia. La finesse et la beaut\u00e9 des autres objets, notamment celle du torque en or, montrent \u00e9galement qu\u2019ils ont, eux aussi, \u00e9t\u00e9 fabriqu\u00e9s par des artisans de tr\u00e8s haut niveau.<\/p>\n\n\n\n<h2 class=\"wp-block-heading\">Monumental\u00a0\u00bb<\/h2>\n\n\n\n<p>Si le contexte de la fouille de 1953 n\u2019est pas encore connu, l\u2019arri\u00e8re-plan historique commence \u00e0 l\u2019\u00eatre gr\u00e2ce notamment aux fouilles entreprises dans la r\u00e9gion, et ailleurs en Europe. Elles ouvrent des perspectives \u00e9tonnantes. Entre 550 et 450 avant notre \u00e8re, Vix semble avoir \u00e9t\u00e9 un Etat \u00e9mergent au sein d\u2019un r\u00e9seau d\u2019une dizaine d\u2019autres (certains parlent d\u2019une trentaine), dans une zone s\u2019\u00e9tendant grosso modo de Bourges (Cher) \u00e0 l\u2019Autriche, voire \u00e0 la R\u00e9publique tch\u00e8que. Dans ces cit\u00e9s-Etats, \u00e9loign\u00e9s d\u2019une soixantaine de kilom\u00e8tres les unes des autres,&nbsp;<em>\u00ab\u00a0a \u00e9merg\u00e9 un ph\u00e9nom\u00e8ne urbain avec des rues, des milliers d\u2019habitants, des remparts immenses et une hi\u00e9rarchie dans l\u2019habitat\u00a0\u00bb<\/em>, r\u00e9sume Dominique Garcia. Un ph\u00e9nom\u00e8ne aujourd\u2019hui appel\u00e9&nbsp;<a href=\"https:\/\/multimedia.inrap.fr\/atlas\/Grand-Toulouse\/syntheses\/periodes-chronologiques\/p-20613-L-age-du-Bronze-et-le-premier-age-du-Fer.htm#.XYSNFi3M39A\" target=\"_blank\" rel=\"noreferrer noopener\">\u00ab\u00a0civilisation de Hallstatt\u00a0\u00bb<\/a>, du nom d\u2019un site autrichien, \u00e9galement caract\u00e9ris\u00e9e par ces tombes princi\u00e8res.<\/p>\n\n\n\n<p>Vix est un excellent exemple de cette civilisation.&nbsp;<em>\u00ab\u00a0Tout y \u00e9tait monumental\u00a0\u00bb<\/em>, souligne Bruno Chaume, charg\u00e9 de recherches au CNRS. La cit\u00e9 \u00e9tait ainsi entour\u00e9e de remparts longs de plusieurs kilom\u00e8tres et qui pouvaient atteindre 10 m de haut, avec des foss\u00e9s de 10 m de profondeur !<em>&nbsp;\u00ab\u00a0Elle s\u2019\u00e9tendait sur environ 45 ha. Intra-muros, on pouvait compter plusieurs milliers d\u2019habitants. De plus, la ville r\u00e9gnait sur un territoire difficile \u00e0 \u00e9tablir mais faisant au minimum 25 km de rayon\u00a0\u00bb<\/em>. Ce que l\u2019on a du mal \u00e0 s\u2019imaginer aujourd\u2019hui dans ce paysage rural verdoyant&#8230;<\/p>\n\n\n\n<p>Les fouilles ont r\u00e9v\u00e9l\u00e9 au moins cinq grands b\u00e2timents sur les hauteurs du mont Lassois. Dont l\u2019un pr\u00e9sent\u00e9 comme le&nbsp;<em><a href=\"https:\/\/www.lemonde.fr\/planete\/article\/2007\/08\/03\/la-dame-de-vix-princesse-celte-retrouve-son-palais_941568_3244.html\" target=\"_blank\" rel=\"noreferrer noopener\">\u00ab\u00a0palais de la dame de Vix\u00a0\u00bb<\/a><\/em>. Ces b\u00e2timents logeaient peut-\u00eatre les aristocrates, tandis que plus bas vivait le reste de la population. Certains scientifiques se demandent si la ville n\u2019\u00e9tait dot\u00e9e\u2026 d\u2019un port sur le fleuve (d\u2019une largeur de\u2026 6 \u00e0 8 m \u00e0 cet endroit).<br><\/p>\n","protected":false},"excerpt":{"rendered":"<p>Depuis les ann\u00e9es 1920-1930, les \u00e9rudits locaux se demandaient les raisons de la pr\u00e9sence, dans un champ, de nombreuses pierres \u00e9trang\u00e8res au site. En janvier 1953, un enseignant en philosophie et arch\u00e9ologue \u00e0 ses heures, Ren\u00e9 Joffroy, et un agriculteur, Maurice Moisson, entreprennent des fouilles sous la neige et la pluie. Ils butent alors sur [&hellip;]<\/p>\n","protected":false},"author":2,"featured_media":13274,"comment_status":"open","ping_status":"open","sticky":false,"template":"","format":"standard","meta":{"_jetpack_memberships_contains_paid_content":false,"footnotes":"","jetpack_publicize_message":"","jetpack_publicize_feature_enabled":true,"jetpack_social_post_already_shared":true,"jetpack_social_options":{"image_generator_settings":{"template":"highway","default_image_id":0,"font":"","enabled":false},"version":2},"_wpas_customize_per_network":false},"categories":[68],"tags":[],"class_list":["post-13273","post","type-post","status-publish","format-standard","has-post-thumbnail","hentry","category-actu-culturelle"],"jetpack_publicize_connections":[],"jetpack_featured_media_url":"https:\/\/i0.wp.com\/www.iceagetv.com\/radiosite\/wp-content\/uploads\/2019\/09\/Tombe-celte-de-Vix.jpg?fit=1197%2C450&ssl=1","jetpack_sharing_enabled":true,"_links":{"self":[{"href":"https:\/\/www.iceagetv.com\/radiosite\/wp-json\/wp\/v2\/posts\/13273","targetHints":{"allow":["GET"]}}],"collection":[{"href":"https:\/\/www.iceagetv.com\/radiosite\/wp-json\/wp\/v2\/posts"}],"about":[{"href":"https:\/\/www.iceagetv.com\/radiosite\/wp-json\/wp\/v2\/types\/post"}],"author":[{"embeddable":true,"href":"https:\/\/www.iceagetv.com\/radiosite\/wp-json\/wp\/v2\/users\/2"}],"replies":[{"embeddable":true,"href":"https:\/\/www.iceagetv.com\/radiosite\/wp-json\/wp\/v2\/comments?post=13273"}],"version-history":[{"count":1,"href":"https:\/\/www.iceagetv.com\/radiosite\/wp-json\/wp\/v2\/posts\/13273\/revisions"}],"predecessor-version":[{"id":13275,"href":"https:\/\/www.iceagetv.com\/radiosite\/wp-json\/wp\/v2\/posts\/13273\/revisions\/13275"}],"wp:featuredmedia":[{"embeddable":true,"href":"https:\/\/www.iceagetv.com\/radiosite\/wp-json\/wp\/v2\/media\/13274"}],"wp:attachment":[{"href":"https:\/\/www.iceagetv.com\/radiosite\/wp-json\/wp\/v2\/media?parent=13273"}],"wp:term":[{"taxonomy":"category","embeddable":true,"href":"https:\/\/www.iceagetv.com\/radiosite\/wp-json\/wp\/v2\/categories?post=13273"},{"taxonomy":"post_tag","embeddable":true,"href":"https:\/\/www.iceagetv.com\/radiosite\/wp-json\/wp\/v2\/tags?post=13273"}],"curies":[{"name":"wp","href":"https:\/\/api.w.org\/{rel}","templated":true}]}}