{"id":13276,"date":"2019-09-23T19:08:56","date_gmt":"2019-09-23T19:08:56","guid":{"rendered":"http:\/\/www.iceagetv.com\/radiosite\/?p=13276"},"modified":"2019-09-23T19:09:01","modified_gmt":"2019-09-23T19:09:01","slug":"climat-greta-thunberg-et-quinze-autres-jeunes-intentent-une-action-juridique-contre-cinq-pays-dont-la-france","status":"publish","type":"post","link":"https:\/\/www.iceagetv.com\/radiosite\/climat-greta-thunberg-et-quinze-autres-jeunes-intentent-une-action-juridique-contre-cinq-pays-dont-la-france\/","title":{"rendered":"Climat : Greta Thunberg et quinze autres jeunes intentent une action juridique contre cinq pays, dont la France"},"content":{"rendered":"\n<p><a href=\"https:\/\/www.francetvinfo.fr\/monde\/environnement\/greta-thunberg\/vous-avez-vole-mes-reves-et-mon-enfance-regardez-le-discours-choc-de-greta-thunberg-a-l-ouverture-du-sommet-de-l-onu-pour-le-climat_3628811.html\" target=\"_blank\" rel=\"noreferrer noopener\">Greta Thunberg<\/a>&nbsp;et quinze autres jeunes ont annonc\u00e9, lundi 23 septembre, qu&rsquo;ils intentaient une action en justice pour d\u00e9noncer&nbsp;l&rsquo;inaction de cinq pays contre le&nbsp;<a href=\"https:\/\/www.francetvinfo.fr\/meteo\/climat\/\" target=\"_blank\" rel=\"noreferrer noopener\">r\u00e9chauffement climatique<\/a>&nbsp;comme une atteinte \u00e0 la convention de l&rsquo;ONU sur les droits de l&rsquo;enfant. Cette plainte in\u00e9dite, d\u00e9pos\u00e9e avec l&rsquo;aide du cabinet international d&rsquo;avocats Hausfeld et la b\u00e9n\u00e9diction de l&rsquo;Unicef, vise cinq Etats pollueurs : la France, l&rsquo;Allemagne, l&rsquo;Argentine, le Br\u00e9sil et la Turquie.<\/p>\n\n\n\n<p>Bien que cette convention ait \u00e9t\u00e9 sign\u00e9e il y a trente ans, les dirigeants de ces pays&nbsp;<em>\u00ab\u00a0n&rsquo;ont pas tenu leurs engagements\u00a0\u00bb<\/em>,&nbsp;a d\u00e9clar\u00e9 la jeune Su\u00e9doise de 16 ans en marge du&nbsp;<a href=\"https:\/\/www.francetvinfo.fr\/politique\/emmanuel-macron\/video-sommet-pour-le-climat-des-actes-des-actes-des-actes-reclame-emmanuel-macron_3628859.html\" target=\"_blank\" rel=\"noreferrer noopener\">sommet de l&rsquo;ONU pour le climat<\/a>&nbsp;qui se tient \u00e0 New York.&nbsp;La quasi-totalit\u00e9 des pays du monde, exception faite des Etats-Unis, ont ratifi\u00e9 cette convention cens\u00e9e prot\u00e9ger la sant\u00e9 et les droits des enfants. Pourtant,<em>&nbsp;\u00ab\u00a0chacun de nous a vu ses droits viol\u00e9s et reni\u00e9s\u00a0\u00bb<\/em>,&nbsp;a ajout\u00e9 l&rsquo;Am\u00e9ricaine Alexandria Villasenor, 14 ans.<\/p>\n\n\n\n<p>Cette action en justice doit permettre de\u00a0<em>\u00ab\u00a0faire comprendre\u00a0\u00bb<\/em>\u00a0aux dirigeants qu&rsquo;il y a une\u00a0<em>\u00ab\u00a0r\u00e9elle urgence\u00a0\u00bb<\/em>, a encore estim\u00e9 la Fran\u00e7aise Iris Duquesne, 16 ans,\u00a0<\/p>\n\n\n\n<h2 class=\"wp-block-heading\">Un comit\u00e9 de l&rsquo;ONU appel\u00e9 \u00e0 enqu\u00eater<\/h2>\n\n\n\n<p>Cette plainte&nbsp;s&rsquo;inscrit dans le cadre d&rsquo;un<em>&nbsp;\u00ab\u00a0protocole optionnel\u00a0\u00bb<\/em>&nbsp;m\u00e9connu de la convention. Il autorise depuis 2014 des enfants \u00e0 porter plainte devant le comit\u00e9 des droits de l&rsquo;enfant de l&rsquo;ONU, s&rsquo;ils estiment que leurs droits&nbsp;sont bafou\u00e9s. Le comit\u00e9 est cens\u00e9 enqu\u00eater sur les violations pr\u00e9sum\u00e9es, puis faire des recommandations aux Etats vis\u00e9s pour y mettre fin. Les recommandations ne sont pas contraignantes, mais les 44 pays ayant ratifi\u00e9 ce protocole s&rsquo;engagent en principe \u00e0 les respecter, a expliqu\u00e9 Michael Hausfeld, qui esp\u00e8re que des recommandations seront faites dans les douze mois qui viennent.<\/p>\n\n\n\n<p>Les cinq pays vis\u00e9s par la plainte font partie de ces 44 Etats, figurent parmi les grands pollueurs de la plan\u00e8te et sont influents au sein du club des pays riches du G20. Ce qui leur a valu d&rsquo;\u00eatre \u00e9pingl\u00e9s, plut\u00f4t que les Etats-Unis, la Chine ou l&rsquo;Inde, plus gros \u00e9metteurs au monde, qui, eux, n&rsquo;ont pas ratifi\u00e9 ce protocole. De vieux pays industriels comme la France et l&rsquo;Allemagne sont responsables d&rsquo;une large part historique des \u00e9missions, m\u00eame si, aujourd&rsquo;hui, ils ne sont pas les plus gros \u00e9metteurs de gaz \u00e0 effet de serre, a fait valoir le cabinet Hausfeld.<\/p>\n","protected":false},"excerpt":{"rendered":"<p>Greta Thunberg&nbsp;et quinze autres jeunes ont annonc\u00e9, lundi 23 septembre, qu&rsquo;ils intentaient une action en justice pour d\u00e9noncer&nbsp;l&rsquo;inaction de cinq pays contre le&nbsp;r\u00e9chauffement climatique&nbsp;comme une atteinte \u00e0 la convention de l&rsquo;ONU sur les droits de l&rsquo;enfant. Cette plainte in\u00e9dite, d\u00e9pos\u00e9e avec l&rsquo;aide du cabinet international d&rsquo;avocats Hausfeld et la b\u00e9n\u00e9diction de l&rsquo;Unicef, vise cinq Etats [&hellip;]<\/p>\n","protected":false},"author":2,"featured_media":13277,"comment_status":"open","ping_status":"open","sticky":false,"template":"","format":"standard","meta":{"_jetpack_memberships_contains_paid_content":false,"footnotes":"","jetpack_publicize_message":"","jetpack_publicize_feature_enabled":true,"jetpack_social_post_already_shared":true,"jetpack_social_options":{"image_generator_settings":{"template":"highway","default_image_id":0,"font":"","enabled":false},"version":2},"_wpas_customize_per_network":false},"categories":[14],"tags":[],"class_list":["post-13276","post","type-post","status-publish","format-standard","has-post-thumbnail","hentry","category-actu-meteo"],"jetpack_publicize_connections":[],"jetpack_featured_media_url":"https:\/\/i0.wp.com\/www.iceagetv.com\/radiosite\/wp-content\/uploads\/2019\/09\/Greta-Thunberg.jpg?fit=1197%2C450&ssl=1","jetpack_sharing_enabled":true,"_links":{"self":[{"href":"https:\/\/www.iceagetv.com\/radiosite\/wp-json\/wp\/v2\/posts\/13276","targetHints":{"allow":["GET"]}}],"collection":[{"href":"https:\/\/www.iceagetv.com\/radiosite\/wp-json\/wp\/v2\/posts"}],"about":[{"href":"https:\/\/www.iceagetv.com\/radiosite\/wp-json\/wp\/v2\/types\/post"}],"author":[{"embeddable":true,"href":"https:\/\/www.iceagetv.com\/radiosite\/wp-json\/wp\/v2\/users\/2"}],"replies":[{"embeddable":true,"href":"https:\/\/www.iceagetv.com\/radiosite\/wp-json\/wp\/v2\/comments?post=13276"}],"version-history":[{"count":1,"href":"https:\/\/www.iceagetv.com\/radiosite\/wp-json\/wp\/v2\/posts\/13276\/revisions"}],"predecessor-version":[{"id":13278,"href":"https:\/\/www.iceagetv.com\/radiosite\/wp-json\/wp\/v2\/posts\/13276\/revisions\/13278"}],"wp:featuredmedia":[{"embeddable":true,"href":"https:\/\/www.iceagetv.com\/radiosite\/wp-json\/wp\/v2\/media\/13277"}],"wp:attachment":[{"href":"https:\/\/www.iceagetv.com\/radiosite\/wp-json\/wp\/v2\/media?parent=13276"}],"wp:term":[{"taxonomy":"category","embeddable":true,"href":"https:\/\/www.iceagetv.com\/radiosite\/wp-json\/wp\/v2\/categories?post=13276"},{"taxonomy":"post_tag","embeddable":true,"href":"https:\/\/www.iceagetv.com\/radiosite\/wp-json\/wp\/v2\/tags?post=13276"}],"curies":[{"name":"wp","href":"https:\/\/api.w.org\/{rel}","templated":true}]}}