{"id":13289,"date":"2019-09-26T19:35:08","date_gmt":"2019-09-26T19:35:08","guid":{"rendered":"http:\/\/www.iceagetv.com\/radiosite\/?p=13289"},"modified":"2019-09-26T19:35:14","modified_gmt":"2019-09-26T19:35:14","slug":"jacques-chirac-la-fin-dune-epoque","status":"publish","type":"post","link":"https:\/\/www.iceagetv.com\/radiosite\/jacques-chirac-la-fin-dune-epoque\/","title":{"rendered":"Jacques Chirac, la fin d\u2019une \u00e9poque"},"content":{"rendered":"\n<p>Jacques Chirac est mort jeudi \u00e0 l\u2019\u00e2ge de 86 ans. L\u2019ancien Pr\u00e9sident, qui a dirig\u00e9 la France de 1995 \u00e0 2007, s\u2019est \u00e9teint \u00ab dans la matin\u00e9e, \u00e0 son domicile&nbsp;\u00bb de la rue de Tournon (VI<sup>e<\/sup>&nbsp;arrondissement), \u00ab&nbsp;tr\u00e8s paisiblement, sans souffrir, et entour\u00e9 de sa famille&nbsp;\u00bb, a d\u00e9clar\u00e9 Fr\u00e9d\u00e9ric Salat-Baroux, le gendre de l\u2019ancien chef de l\u2019Etat. Une journ\u00e9e de deuil national aura lieu lundi et un service solennel se tiendra ce jour-l\u00e0 \u00e0 12 heures dans l\u2019\u00e9glise Saint-Sulpice \u00e0 Paris, a annonc\u00e9 l\u2019Elys\u00e9e.<\/p>\n\n\n\n<p>Deux pr\u00e9sidents, deux \u00e9poques. Le premier est devenu chef de l\u2019Etat \u00e0 39 ans sans jamais \u00eatre \u00e9lu auparavant, le second \u00e0 63 ans, apr\u00e8s avoir gravi un \u00e0 un tous les \u00e9chelons trente ans durant, du mandat de d\u00e9put\u00e9 au fauteuil de Premier ministre, avant d\u2019entrer \u00e0 l\u2019Elys\u00e9e. Le premier dirige la France depuis vingt-huit mois, le second a \u00e9t\u00e9 \u00e0 sa t\u00eate pendant douze ans. Jeudi soir, Emmanuel Macron a rendu en direct un hommage \u00e0&nbsp;<a href=\"https:\/\/www.lopinion.fr\/edition\/politique\/necro-facho-chirac-grand-pere-nation-92720\" target=\"_blank\" rel=\"noreferrer noopener\">Jacques Chirac<\/a>. D\u2019ordinaire tr\u00e8s r\u00e9actif, le chef de l\u2019Etat a cette fois voulu solenniser l\u2019instant en observant un silence total toute la journ\u00e9e de jeudi, avant sa prise de parole \u00e0 20 heures. \u00ab Nous, Fran\u00e7ais, perdons un homme d\u2019Etat que nous aimions autant qu\u2019il nous aimait&nbsp;\u00bb, a-t-il d\u00e9clar\u00e9, face cam\u00e9ra, assis derri\u00e8re son bureau. \u00ab Nous nous reconnaissons tous en cet homme qui nous ressemblait et nous rassemblait&nbsp;\u00bb, a poursuivi le Pr\u00e9sident, selon qui \u00ab&nbsp;<a href=\"https:\/\/www.lopinion.fr\/video\/texto\/dernier-president-gaulliste-rassembleur-sympathique-classe-politique-198833\" target=\"_blank\" rel=\"noreferrer noopener\">Jacques Chirac<\/a>&nbsp;\u00e9tait un destin fran\u00e7ais. \u00bb<\/p>\n\n\n\n<p>\u00ab&nbsp;Toujours il portait en lui l\u2019amour de la France et des Fran\u00e7ais \u00bb, a assur\u00e9 Emmanuel Macron, \u00e9mu, \u00e9voquant un \u00ab &nbsp;attachement affectueux quasi-filial&nbsp;\u00bb, entre l\u2019ancien Pr\u00e9sident et les Fran\u00e7ais. Et de conclure : \u00ab&nbsp;Portons en nous d\u00e9sormais cette part de notre histoire qui l\u2019accompagne, conscients de notre dette \u00e0 son \u00e9gard, forts de ce qu\u2019il nous a l\u00e9gu\u00e9. Il entre dans l\u2019histoire et manquera \u00e0 chacun d\u2019entre nous, d\u00e9sormais.&nbsp;\u00bb<\/p>\n\n\n\n<p><strong>Clope au bec.&nbsp;<\/strong>Avec la mort de Jacques Chirac, c\u2019est une page de l\u2019histoire politique fran\u00e7aise qui se tourne, la fin d\u2019une \u00e9poque o\u00f9 les r\u00e9seaux sociaux et les cha\u00eenes d\u2019info en continu n\u2019existaient pas, o\u00f9 le hashtag #metoo ne signifiait rien, o\u00f9 le cumul des mandats ne posait de probl\u00e8me \u00e0 personne, o\u00f9 les ministres s\u2019affichaient la clope au bec. Une \u00e9poque qui suscite \u00e0 certains \u00e9gards aujourd\u2019hui une forme de nostalgie. \u00ab La pr\u00e9sidence Chirac reste dans le souvenir une pr\u00e9sidence d\u2019avant les grandes crises, les fractures, les difficult\u00e9s sociales.&nbsp;<a href=\"https:\/\/www.lopinion.fr\/edition\/politique\/pascal-perrineau-chiraquie-apparait-retrospectivement-age-d-110623\" target=\"_blank\" rel=\"noreferrer noopener\">Et d\u2019avant l\u2019\u00e9pisode terroriste\u00bb, explique dans nos colonnes le politologue Pascal Perrineau<\/a>.<\/p>\n\n\n\n<p>Avant Emmanuel Macron, ce sont tous les pr\u00e9c\u00e9dents h\u00f4tes de l\u2019Elys\u00e9e qui ont rendu hommage \u00e0 l\u2019un des plus illustres personnages de la V<sup>e<\/sup>&nbsp;R\u00e9publique, de Fran\u00e7ois Hollande \u00e0 Val\u00e9ry Giscard d\u2019Estaing en passant par Nicolas Sarkozy : \u00ab&nbsp;C\u2019est une part de ma vie qui dispara\u00eet aujourd\u2019hui&nbsp;\u00bb. Parmi les hommages les plus marquants, celui du ministre de l\u2019Economie, Bruno Le Maire : \u00ab Je l\u2019ai aim\u00e9 simplement pour sa main, qui savait prendre la v\u00f4tre avec chaleur&nbsp;\u00bb, a-t-il \u00e9crit, \u00ab \u00e0 l\u2019heure o\u00f9 Jacques Chirac, pour la seule fois de sa vie, abandonne les Fran\u00e7ais&nbsp;\u00bb.<\/p>\n","protected":false},"excerpt":{"rendered":"<p>Jacques Chirac est mort jeudi \u00e0 l\u2019\u00e2ge de 86 ans. L\u2019ancien Pr\u00e9sident, qui a dirig\u00e9 la France de 1995 \u00e0 2007, s\u2019est \u00e9teint \u00ab dans la matin\u00e9e, \u00e0 son domicile&nbsp;\u00bb de la rue de Tournon (VIe&nbsp;arrondissement), \u00ab&nbsp;tr\u00e8s paisiblement, sans souffrir, et entour\u00e9 de sa famille&nbsp;\u00bb, a d\u00e9clar\u00e9 Fr\u00e9d\u00e9ric Salat-Baroux, le gendre de l\u2019ancien chef de [&hellip;]<\/p>\n","protected":false},"author":2,"featured_media":13290,"comment_status":"open","ping_status":"open","sticky":false,"template":"","format":"standard","meta":{"_jetpack_memberships_contains_paid_content":false,"footnotes":"","jetpack_publicize_message":"","jetpack_publicize_feature_enabled":true,"jetpack_social_post_already_shared":true,"jetpack_social_options":{"image_generator_settings":{"template":"highway","default_image_id":0,"font":"","enabled":false},"version":2},"_wpas_customize_per_network":false},"categories":[405],"tags":[],"class_list":["post-13289","post","type-post","status-publish","format-standard","has-post-thumbnail","hentry","category-actu-france-monde"],"jetpack_publicize_connections":[],"jetpack_featured_media_url":"https:\/\/i0.wp.com\/www.iceagetv.com\/radiosite\/wp-content\/uploads\/2019\/09\/Jacques-Chirac.jpg?fit=838%2C436&ssl=1","jetpack_sharing_enabled":true,"_links":{"self":[{"href":"https:\/\/www.iceagetv.com\/radiosite\/wp-json\/wp\/v2\/posts\/13289","targetHints":{"allow":["GET"]}}],"collection":[{"href":"https:\/\/www.iceagetv.com\/radiosite\/wp-json\/wp\/v2\/posts"}],"about":[{"href":"https:\/\/www.iceagetv.com\/radiosite\/wp-json\/wp\/v2\/types\/post"}],"author":[{"embeddable":true,"href":"https:\/\/www.iceagetv.com\/radiosite\/wp-json\/wp\/v2\/users\/2"}],"replies":[{"embeddable":true,"href":"https:\/\/www.iceagetv.com\/radiosite\/wp-json\/wp\/v2\/comments?post=13289"}],"version-history":[{"count":1,"href":"https:\/\/www.iceagetv.com\/radiosite\/wp-json\/wp\/v2\/posts\/13289\/revisions"}],"predecessor-version":[{"id":13291,"href":"https:\/\/www.iceagetv.com\/radiosite\/wp-json\/wp\/v2\/posts\/13289\/revisions\/13291"}],"wp:featuredmedia":[{"embeddable":true,"href":"https:\/\/www.iceagetv.com\/radiosite\/wp-json\/wp\/v2\/media\/13290"}],"wp:attachment":[{"href":"https:\/\/www.iceagetv.com\/radiosite\/wp-json\/wp\/v2\/media?parent=13289"}],"wp:term":[{"taxonomy":"category","embeddable":true,"href":"https:\/\/www.iceagetv.com\/radiosite\/wp-json\/wp\/v2\/categories?post=13289"},{"taxonomy":"post_tag","embeddable":true,"href":"https:\/\/www.iceagetv.com\/radiosite\/wp-json\/wp\/v2\/tags?post=13289"}],"curies":[{"name":"wp","href":"https:\/\/api.w.org\/{rel}","templated":true}]}}