{"id":13292,"date":"2019-09-27T07:10:19","date_gmt":"2019-09-27T07:10:19","guid":{"rendered":"http:\/\/www.iceagetv.com\/radiosite\/?p=13292"},"modified":"2019-09-27T07:10:24","modified_gmt":"2019-09-27T07:10:24","slug":"incendie-a-rouen-ou-en-sommes-nous-ce-vendredi-matin-et-quels-sont-les-risques-qui-existent-encore-pour-les-riverains","status":"publish","type":"post","link":"https:\/\/www.iceagetv.com\/radiosite\/incendie-a-rouen-ou-en-sommes-nous-ce-vendredi-matin-et-quels-sont-les-risques-qui-existent-encore-pour-les-riverains\/","title":{"rendered":"Incendie \u00e0 Rouen : O\u00f9 en sommes-nous ce vendredi matin et quels sont les risques qui existent encore pour les riverains ?"},"content":{"rendered":"\n<p>Les personnes r\u00e9sidant \u00e0 proximit\u00e9 de l&rsquo;usine \u00ab\u00a0pourront d\u00e8s ce soir regagner leurs appartements\u00a0\u00bb, a indiqu\u00e9 hier soir le pr\u00e9fet de Normandie, Pierre-Andr\u00e9 Durand, lors d&rsquo;un point-presse. Les \u00e9tablissements scolaires des 12 communes concern\u00e9es et d&rsquo;une partie de Rouen resteront ferm\u00e9es vendredi et \u00ab\u00a0rouvrent lundi\u00a0\u00bb. Par ailleurs, a-t-il dit, \u00ab\u00a0il est toujours conseill\u00e9 aux personnes fragiles de ces communes de rester chez elles jusqu&rsquo;\u00e0 vendredi soir\u00a0\u00bb.<\/p>\n\n\n\n<p>Les transports en commun de l&rsquo;agglom\u00e9ration ont \u00e9t\u00e9 arr\u00eat\u00e9s \u00ab\u00a0progressivement\u00a0\u00bb jeudi apr\u00e8s-midi et devraient reprendre normalement vendredi matin, une mesure \u00ab\u00a0pas justifi\u00e9e\u00a0\u00bb, selon le pr\u00e9fet. Le plan Polmar a \u00e9t\u00e9 d\u00e9ploy\u00e9 pour \u00e9carter une pollution de la Seine qui n&rsquo;a pas \u00e9t\u00e9 observ\u00e9e pour le moment, a d\u00e9clar\u00e9 le repr\u00e9sentant de l\u2019\u00c9tat. Il n&rsquo;y a \u00ab\u00a0aucun risque\u00a0\u00bb pour l&rsquo;eau potable car il n&rsquo;y a pas de captage dans le secteur, a-t-il pr\u00e9cis\u00e9. La partie affect\u00e9e par l&rsquo;incendie repr\u00e9sente \u00ab\u00a0environ 10% du site Lubrizol\u00a0\u00bb, soit \u00ab\u00a01,1 hectare sur 14\u00a0\u00bb, a indiqu\u00e9 en soir\u00e9e \u00e0 l&rsquo;AFP M. Durand.<\/p>\n\n\n\n<p>Une usine appartenant \u00e0 Warren Buffet Cr\u00e9\u00e9e en 1954 sur les bords de Seine, l&rsquo;usine Lubrizol, class\u00e9e seuil haut Seveso, o\u00f9 travaillent environ 400 employ\u00e9s, fabrique et commercialise des additifs qui servent \u00e0 enrichir les huiles, les carburants ou les peintures industrielles. L&rsquo;usine appartient au groupe de chimie am\u00e9ricain Lubrizol Corporation, lui-m\u00eame propri\u00e9t\u00e9 de Berkshire Hathaway, la holding du milliardaire et c\u00e9l\u00e8bre investisseur am\u00e9ricain Warren Buffett.<\/p>\n\n\n\n<p>Concernant cette usine chimique, la CGT a demand\u00e9 dans un communiqu\u00e9 la \u00ab\u00a0transparence compl\u00e8te sur les risques encourus\u00a0\u00bb apr\u00e8s l&rsquo;incendie, s&rsquo;inqui\u00e9tant du niveau de s\u00e9curit\u00e9 dans cette entreprise o\u00f9 un grave incident s&rsquo;\u00e9tait d\u00e9j\u00e0 produit en 2013. Sur le dernier point, le pr\u00e9fet a affirm\u00e9 que cette usine \u00ab\u00a0est aux normes telle que nous l&rsquo;avons vue en 2019\u00a0\u00bb, \u00ab\u00a0parfaitement \u00e0 niveau\u00a0\u00bb. Il a cependant reconnu qu'\u00a0\u00bbelle ne l&rsquo;a pas toujours \u00e9t\u00e9\u00a0\u00bb et qu&rsquo;en 2017, \u00ab\u00a0elle a fait l&rsquo;objet d&rsquo;une mise en demeure\u00a0\u00bb en raison de \u00ab\u00a017 manquements\u00a0\u00bb puis \u00ab\u00a0la mise \u00e0 niveau a \u00e9t\u00e9 r\u00e9alis\u00e9e\u00a0\u00bb, a-t-il assur\u00e9.<\/p>\n\n\n\n<p>Dans un communiqu\u00e9, Lubrizol a pr\u00e9cis\u00e9 que \u00ab\u00a0l&rsquo;incendie a touch\u00e9 un entrep\u00f4t, une installation d&rsquo;enfutage et un b\u00e2timent administratif\u00a0\u00bb. Au total, 200 pompiers ont pris part aux op\u00e9rations. Ce dispositif \u00ab\u00a0va \u00eatre all\u00e9g\u00e9 pendant la nuit\u00a0\u00bb.<\/p>\n\n\n\n<p>L&rsquo;incendie est \u00ab\u00a0ma\u00eetris\u00e9 depuis 11H00\u00a0\u00bb, mais \u00ab\u00a0pas \u00e9teint\u00a0\u00bb, a d\u00e9clar\u00e9 lors du point-presse le colonel des pompiers Jean-Yves Lagalle, soulignant qu'\u00a0\u00bbil y a \u00e9norm\u00e9ment de points chauds\u00a0\u00bb. \u00ab\u00a0Dans les jours \u00e0 venir, il y aura un travail pas forc\u00e9ment d&rsquo;extinction mais de surveillance\u00a0\u00bb de ces points chauds, en raison notamment de la pr\u00e9sence de produits inflammables, a ajout\u00e9 le colonel des pompiers.<\/p>\n","protected":false},"excerpt":{"rendered":"<p>Les personnes r\u00e9sidant \u00e0 proximit\u00e9 de l&rsquo;usine \u00ab\u00a0pourront d\u00e8s ce soir regagner leurs appartements\u00a0\u00bb, a indiqu\u00e9 hier soir le pr\u00e9fet de Normandie, Pierre-Andr\u00e9 Durand, lors d&rsquo;un point-presse. Les \u00e9tablissements scolaires des 12 communes concern\u00e9es et d&rsquo;une partie de Rouen resteront ferm\u00e9es vendredi et \u00ab\u00a0rouvrent lundi\u00a0\u00bb. Par ailleurs, a-t-il dit, \u00ab\u00a0il est toujours conseill\u00e9 aux personnes [&hellip;]<\/p>\n","protected":false},"author":2,"featured_media":13293,"comment_status":"open","ping_status":"open","sticky":false,"template":"","format":"standard","meta":{"_jetpack_memberships_contains_paid_content":false,"footnotes":"","jetpack_publicize_message":"","jetpack_publicize_feature_enabled":true,"jetpack_social_post_already_shared":true,"jetpack_social_options":{"image_generator_settings":{"template":"highway","default_image_id":0,"font":"","enabled":false},"version":2},"_wpas_customize_per_network":false},"categories":[405],"tags":[],"class_list":["post-13292","post","type-post","status-publish","format-standard","has-post-thumbnail","hentry","category-actu-france-monde"],"jetpack_publicize_connections":[],"jetpack_featured_media_url":"https:\/\/i0.wp.com\/www.iceagetv.com\/radiosite\/wp-content\/uploads\/2019\/09\/Incendie-%C3%A0-Rouen.jpg?fit=701%2C305&ssl=1","jetpack_sharing_enabled":true,"_links":{"self":[{"href":"https:\/\/www.iceagetv.com\/radiosite\/wp-json\/wp\/v2\/posts\/13292","targetHints":{"allow":["GET"]}}],"collection":[{"href":"https:\/\/www.iceagetv.com\/radiosite\/wp-json\/wp\/v2\/posts"}],"about":[{"href":"https:\/\/www.iceagetv.com\/radiosite\/wp-json\/wp\/v2\/types\/post"}],"author":[{"embeddable":true,"href":"https:\/\/www.iceagetv.com\/radiosite\/wp-json\/wp\/v2\/users\/2"}],"replies":[{"embeddable":true,"href":"https:\/\/www.iceagetv.com\/radiosite\/wp-json\/wp\/v2\/comments?post=13292"}],"version-history":[{"count":1,"href":"https:\/\/www.iceagetv.com\/radiosite\/wp-json\/wp\/v2\/posts\/13292\/revisions"}],"predecessor-version":[{"id":13294,"href":"https:\/\/www.iceagetv.com\/radiosite\/wp-json\/wp\/v2\/posts\/13292\/revisions\/13294"}],"wp:featuredmedia":[{"embeddable":true,"href":"https:\/\/www.iceagetv.com\/radiosite\/wp-json\/wp\/v2\/media\/13293"}],"wp:attachment":[{"href":"https:\/\/www.iceagetv.com\/radiosite\/wp-json\/wp\/v2\/media?parent=13292"}],"wp:term":[{"taxonomy":"category","embeddable":true,"href":"https:\/\/www.iceagetv.com\/radiosite\/wp-json\/wp\/v2\/categories?post=13292"},{"taxonomy":"post_tag","embeddable":true,"href":"https:\/\/www.iceagetv.com\/radiosite\/wp-json\/wp\/v2\/tags?post=13292"}],"curies":[{"name":"wp","href":"https:\/\/api.w.org\/{rel}","templated":true}]}}