{"id":13302,"date":"2019-09-28T11:44:24","date_gmt":"2019-09-28T11:44:24","guid":{"rendered":"http:\/\/www.iceagetv.com\/radiosite\/?p=13302"},"modified":"2019-09-28T11:44:29","modified_gmt":"2019-09-28T11:44:29","slug":"a-montreal-une-maree-humaine-defile-avec-greta-thunberg","status":"publish","type":"post","link":"https:\/\/www.iceagetv.com\/radiosite\/a-montreal-une-maree-humaine-defile-avec-greta-thunberg\/","title":{"rendered":"A Montr\u00e9al, une mar\u00e9e humaine d\u00e9file avec Greta Thunberg"},"content":{"rendered":"\n<p><em>Nous sommes en train de changer le monde\u00a0\u00bb<\/em>, a lanc\u00e9 vendredi 27\u00a0septembre la jeune Su\u00e9doise Greta Thunberg \u00e0 l\u2019issue d\u2019une manifestation g\u00e9ante \u00e0 Montr\u00e9al. Selon les organisateurs, elle a rassembl\u00e9 pr\u00e8s d\u2019un demi-million de personnes, du jamais vu au Qu\u00e9bec et l\u2019une des plus grosses manifestations jamais organis\u00e9es au Canada. La police n\u2019a pas donn\u00e9 de chiffres officiels mais elle a salu\u00e9 une mobilisation\u00a0<em>\u00ab\u00a0historique\u00a0\u00bb<\/em>\u00a0qui s\u2019est d\u00e9roul\u00e9e sans incidents majeurs.<br><em>Nous ne sommes pas \u00e0 l\u2019\u00e9cole aujourd\u2019hui, vous n\u2019\u00eates pas au travail aujourd\u2019hui, parce qu\u2019il y a urgence et nous ne resterons pas les bras crois\u00e9s\u00a0\u00bb<\/em>, a d\u00e9fendu la militante de la lutte contre l\u2019inaction politique face au r\u00e9chauffement climatique.\u00a0<em>\u00ab\u00a0Cette semaine, les leaders du monde entier se sont r\u00e9unis \u00e0 New York. Ils nous ont d\u00e9\u00e7us une fois de plus avec leurs paroles creuses et leurs plans insuffisants\u00a0\u00bb<\/em>, a-t-elle d\u00e9plor\u00e9, en \u00e9voquant le sommet des Nations unies (ONU) sur le climat au d\u00e9but de la semaine.<br>Alors que le Canada est en pleine campagne \u00e9lectorale, le premier ministre, Justin Trudeau, s\u2019est m\u00eal\u00e9 \u00e0 la foule apr\u00e8s avoir annonc\u00e9 de nouvelles mesures pour l\u2019environnement, comme il le fait quasiment chaque jour depuis le d\u00e9but de la semaine. Dans la matin\u00e9e, il avait rencontr\u00e9 la jeune militante \u00e9cologiste su\u00e9doise en t\u00eate-\u00e0-t\u00eate. Une rencontre qui n\u2019a pas emp\u00each\u00e9 Greta Thunberg d\u2019\u00e9gratigner la politique environnementale du gouvernement canadien. Comme la plupart des dirigeants de la plan\u00e8te, M.\u00a0Trudeau\u00a0<em>\u00ab\u00a0n\u2019en fait pas assez\u00a0\u00bb<\/em>\u00a0pour la plan\u00e8te, a-t-elle estim\u00e9 lors d\u2019un point presse avant la manifestation. Ce dernier s\u2019est dit\u00a0<em>\u00ab\u00a0enti\u00e8rement d\u2019accord\u00a0\u00bb<\/em>\u00a0avec elle.\u00a0<em>\u00ab\u00a0C\u2019est exactement ce que nous allons faire\u00a0\u00bb<\/em>, a-t-il promis. Dans la foul\u00e9e, il s\u2019est engag\u00e9 \u00e0 planter deux milliards d\u2019arbres pendant dix\u00a0ans s\u2019il \u00e9tait r\u00e9\u00e9lu le 21\u00a0octobre.<\/p>\n","protected":false},"excerpt":{"rendered":"<p>Nous sommes en train de changer le monde\u00a0\u00bb, a lanc\u00e9 vendredi 27\u00a0septembre la jeune Su\u00e9doise Greta Thunberg \u00e0 l\u2019issue d\u2019une manifestation g\u00e9ante \u00e0 Montr\u00e9al. Selon les organisateurs, elle a rassembl\u00e9 pr\u00e8s d\u2019un demi-million de personnes, du jamais vu au Qu\u00e9bec et l\u2019une des plus grosses manifestations jamais organis\u00e9es au Canada. La police n\u2019a pas donn\u00e9 [&hellip;]<\/p>\n","protected":false},"author":2,"featured_media":13303,"comment_status":"open","ping_status":"open","sticky":false,"template":"","format":"standard","meta":{"_jetpack_memberships_contains_paid_content":false,"footnotes":"","jetpack_publicize_message":"","jetpack_publicize_feature_enabled":true,"jetpack_social_post_already_shared":true,"jetpack_social_options":{"image_generator_settings":{"template":"highway","default_image_id":0,"font":"","enabled":false},"version":2},"_wpas_customize_per_network":false},"categories":[14],"tags":[],"class_list":["post-13302","post","type-post","status-publish","format-standard","has-post-thumbnail","hentry","category-actu-meteo"],"jetpack_publicize_connections":[],"jetpack_featured_media_url":"https:\/\/i0.wp.com\/www.iceagetv.com\/radiosite\/wp-content\/uploads\/2019\/09\/A-Montr%C3%A9al.jpg?fit=688%2C459&ssl=1","jetpack_sharing_enabled":true,"_links":{"self":[{"href":"https:\/\/www.iceagetv.com\/radiosite\/wp-json\/wp\/v2\/posts\/13302","targetHints":{"allow":["GET"]}}],"collection":[{"href":"https:\/\/www.iceagetv.com\/radiosite\/wp-json\/wp\/v2\/posts"}],"about":[{"href":"https:\/\/www.iceagetv.com\/radiosite\/wp-json\/wp\/v2\/types\/post"}],"author":[{"embeddable":true,"href":"https:\/\/www.iceagetv.com\/radiosite\/wp-json\/wp\/v2\/users\/2"}],"replies":[{"embeddable":true,"href":"https:\/\/www.iceagetv.com\/radiosite\/wp-json\/wp\/v2\/comments?post=13302"}],"version-history":[{"count":1,"href":"https:\/\/www.iceagetv.com\/radiosite\/wp-json\/wp\/v2\/posts\/13302\/revisions"}],"predecessor-version":[{"id":13304,"href":"https:\/\/www.iceagetv.com\/radiosite\/wp-json\/wp\/v2\/posts\/13302\/revisions\/13304"}],"wp:featuredmedia":[{"embeddable":true,"href":"https:\/\/www.iceagetv.com\/radiosite\/wp-json\/wp\/v2\/media\/13303"}],"wp:attachment":[{"href":"https:\/\/www.iceagetv.com\/radiosite\/wp-json\/wp\/v2\/media?parent=13302"}],"wp:term":[{"taxonomy":"category","embeddable":true,"href":"https:\/\/www.iceagetv.com\/radiosite\/wp-json\/wp\/v2\/categories?post=13302"},{"taxonomy":"post_tag","embeddable":true,"href":"https:\/\/www.iceagetv.com\/radiosite\/wp-json\/wp\/v2\/tags?post=13302"}],"curies":[{"name":"wp","href":"https:\/\/api.w.org\/{rel}","templated":true}]}}