{"id":13313,"date":"2019-10-01T16:02:08","date_gmt":"2019-10-01T16:02:08","guid":{"rendered":"http:\/\/www.iceagetv.com\/radiosite\/?p=13313"},"modified":"2019-10-01T16:02:13","modified_gmt":"2019-10-01T16:02:13","slug":"le-bazar-de-la-charite-visions-dhorreur-on-a-regarde-le-debut-de-la-serie-de-tf1-et-netflix","status":"publish","type":"post","link":"https:\/\/www.iceagetv.com\/radiosite\/le-bazar-de-la-charite-visions-dhorreur-on-a-regarde-le-debut-de-la-serie-de-tf1-et-netflix\/","title":{"rendered":"Le Bazar de la Charit\u00e9 \u00bb : Visions d\u2019horreur\u2026 On a regard\u00e9 le d\u00e9but de la s\u00e9rie de TF1 et Netflix"},"content":{"rendered":"\n<ul class=\"wp-block-list\"><li>&nbsp;Le Bazar de la Charit\u00e9&nbsp;\u00bb est une s\u00e9rie produite par TF1 et Quad T\u00e9l\u00e9vision, en partenariat avec Netflix.<\/li><li>Les deux premiers des huit \u00e9pisodes ont \u00e9t\u00e9 montr\u00e9s en avant-premi\u00e8re \u00e0 Paris lundi, au Grand Rex.<\/li><li>La s\u00e9rie part d\u2019un fait r\u00e9el, l\u2019incendie meurtrier du Bazar de la Charit\u00e9 en 1897 \u00e0 Paris, et suit les destins de&nbsp;trois personnages f\u00e9minins fictifs. Le r\u00e9sultat allie les intrigues romanesques \u00e0 une dimension horrifique.<\/li><\/ul>\n\n\n\n<p>Ce sera l\u2019un des \u00e9v\u00e9nements t\u00e9l\u00e9 de la fin de l\u2019ann\u00e9e. Les deux premiers des huit \u00e9pisodes du&nbsp;<em>Bazar de la Charit\u00e9<\/em>, la s\u00e9rie que&nbsp;<a href=\"https:\/\/www.20minutes.fr\/dossier\/tf1\">TF1<\/a>&nbsp;a produit en partenariat avec&nbsp;<a href=\"https:\/\/www.20minutes.fr\/dossier\/netflix\">Netflix<\/a>, ont \u00e9t\u00e9 projet\u00e9s en avant-premi\u00e8re au Grand Rex (Paris 2e), lundi soir. Voici un avant-go\u00fbt \u2013 sans gros spoiler \u2013 de ce qui vous attend.<\/p>\n\n\n\n<h2 class=\"wp-block-heading\">Le Bazar de la Charit\u00e9, qu\u2019est-ce que c\u2019est&nbsp;?<\/h2>\n\n\n\n<p>Tout part d\u2019un \u00e9v\u00e9nement historique. Le 4\u00a0mai 1897, une vente caritative se tient au\u00a0<a rel=\"noreferrer noopener\" href=\"https:\/\/www.lhistoire.fr\/lincendie-du-bazar-de-la-charit%C3%A9\" target=\"_blank\">Bazar de la Charit\u00e9<\/a>, non loin des Champs-Elys\u00e9es. Dans ce b\u00e2timent \u00e0 la structure bois\u00e9e se retrouvent de nombreuses femmes de la haute soci\u00e9t\u00e9 accompagn\u00e9es de leurs domestiques. C\u2019est un endroit o\u00f9 il faut \u00eatre vu si l\u2019on souhaite exister dans la vie mondaine. En plus des stands tenus par des aristocrates, diverses attractions attendent le public, dont un cin\u00e9matographe. C\u2019est de la cabine de projection qu\u2019est parti le feu qui a embras\u00e9 les lieux en quelques minutes. Plus de 120 personnes, dans leur grande majorit\u00e9 des femmes, ont trouv\u00e9 la mort dans l\u2019incendie qui a traumatis\u00e9 la capitale.<\/p>\n\n\n\n<h2 class=\"wp-block-heading\">\u00c7a raconte quoi&nbsp;?<\/h2>\n\n\n\n<p>On vit cette trag\u00e9die \u00e0 travers le regard de trois h\u00e9ro\u00efnes. Adrienne De Lenverpre (Audrey Fleurot) est l\u2019\u00e9pouse d\u2019un homme politique violent dont elle cherche \u00e0 divorcer. Alice De Jeansin (Camille Lou) va retrouver au Bazar de la Charit\u00e9 le jeune homme dont elle est amoureuse. Rose Rivi\u00e8re (Julie de Bonna), la bonne d\u2019Alice, s\u2019appr\u00eate quant \u00e0 elle \u00e0 partir vivre \u00e0 New York avec son compagnon, Jean (Aur\u00e9lien Wiik), le cocher des Jeansin. L\u2019incendie va chambouler leurs destins.<\/p>\n\n\n\n<h2 class=\"wp-block-heading\">\u00c7a ressemble \u00e0 quoi&nbsp;?<\/h2>\n\n\n\n<p>Les deux premiers \u00e9pisodes ne ressemblent pas vraiment \u00e0 ce que l\u2019on s\u2019attend \u00e0 voir en prime time sur TF1. L\u2019incendie du Bazar de la Charit\u00e9 est narr\u00e9 avec une intensit\u00e9 anxiog\u00e8ne. Les sc\u00e8nes de panique s\u2019\u00e9tirent, les dames \u00e9l\u00e9gantes sont transform\u00e9es en torches humaines, les corps carbonis\u00e9s sont film\u00e9s en gros plan\u2026 La s\u00e9rie a le m\u00e9rite de ne pas \u00eatre aseptis\u00e9e. Certaines images, comme celles montrant une victime recouverte de bandages hurler de douleur, assument leur dimension&nbsp;<a href=\"https:\/\/www.lemonde.fr\/cinema\/article\/2007\/06\/12\/emergence-de-l-horreur-a-la-francaise_922352_3476.html\" target=\"_blank\" rel=\"noreferrer noopener\">\u00ab&nbsp;French Horror&nbsp;\u00bb<\/a>&nbsp;\u2013 ce qui sera clairement un atout \u00e0 l\u2019international. D\u2019autres s\u00e9quences rappellent l\u2019esth\u00e9tique gothique de l\u2019\u00e2ge d\u2019or des studios Hammer o\u00f9 les robes victoriennes se baladent avec des bougies.<\/p>\n\n\n\n<p>Ces incursions dans le genre horrifique sont contrebalanc\u00e9es par des aspects plus classiques pour une fiction TF1&nbsp;:&nbsp;\u00e0 savoir le drame en costume et, surtout, un romanesque propre aux sagas t\u00e9l\u00e9vis\u00e9es. Histoires d\u2019amours contrari\u00e9es, usurpation d\u2019identit\u00e9, mort simul\u00e9e\u2026 le sc\u00e9nario n\u2019y va pas de main morte et n\u2019h\u00e9site pas \u00e0 plonger ses personnages dans des situations outranci\u00e8res, dans la lign\u00e9e des r\u00e9cits feuilletonnants aux rebondissements incroyables. Enfin, m\u00eame si l\u2019intrigue se d\u00e9roule il y a plus d\u2019un si\u00e8cle, la fiction ne manque pas de faire \u00e9cho avec notre \u00e9poque lorsqu\u2019il s\u2019agit d\u2019\u00e9voquer le sexisme, les tensions sociales ou le m\u00e9pris de classe.<\/p>\n\n\n\n<h2 class=\"wp-block-heading\">Pourquoi est-ce un d\u00e9fi pour TF1&nbsp;?<\/h2>\n\n\n\n<p>TF1 a coproduit&nbsp;<em>Le Bazar de la Charit\u00e9<\/em>&nbsp;avec Quad T\u00e9l\u00e9vision en partenariat avec Netflix. La plateforme mettra en ligne les \u00e9pisodes \u00e0 l\u2019international d\u00e8s la diffusion du dernier \u00e9pisode. C\u2019est donc la promesse d\u2019une vitrine \u00e9norme pour la premi\u00e8re cha\u00eene qui veut d\u00e9montrer son savoir-faire. Sur le papier, le Paris haussmannien de la fin du XIXe&nbsp;si\u00e8cle, ses h\u00e9ro\u00efnes passionn\u00e9es et les visions horrifiques ont de quoi s\u00e9duire le public \u00e9tranger.<\/p>\n","protected":false},"excerpt":{"rendered":"<p>&nbsp;Le Bazar de la Charit\u00e9&nbsp;\u00bb est une s\u00e9rie produite par TF1 et Quad T\u00e9l\u00e9vision, en partenariat avec Netflix. Les deux premiers des huit \u00e9pisodes ont \u00e9t\u00e9 montr\u00e9s en avant-premi\u00e8re \u00e0 Paris lundi, au Grand Rex. La s\u00e9rie part d\u2019un fait r\u00e9el, l\u2019incendie meurtrier du Bazar de la Charit\u00e9 en 1897 \u00e0 Paris, et suit les [&hellip;]<\/p>\n","protected":false},"author":2,"featured_media":13314,"comment_status":"open","ping_status":"open","sticky":false,"template":"","format":"standard","meta":{"_jetpack_memberships_contains_paid_content":false,"footnotes":"","jetpack_publicize_message":"","jetpack_publicize_feature_enabled":true,"jetpack_social_post_already_shared":true,"jetpack_social_options":{"image_generator_settings":{"template":"highway","default_image_id":0,"font":"","enabled":false},"version":2},"_wpas_customize_per_network":false},"categories":[68],"tags":[],"class_list":["post-13313","post","type-post","status-publish","format-standard","has-post-thumbnail","hentry","category-actu-culturelle"],"jetpack_publicize_connections":[],"jetpack_featured_media_url":"https:\/\/i0.wp.com\/www.iceagetv.com\/radiosite\/wp-content\/uploads\/2019\/10\/Le-Bazar-de-la-Charit%C3%A9.jpg?fit=641%2C411&ssl=1","jetpack_sharing_enabled":true,"_links":{"self":[{"href":"https:\/\/www.iceagetv.com\/radiosite\/wp-json\/wp\/v2\/posts\/13313","targetHints":{"allow":["GET"]}}],"collection":[{"href":"https:\/\/www.iceagetv.com\/radiosite\/wp-json\/wp\/v2\/posts"}],"about":[{"href":"https:\/\/www.iceagetv.com\/radiosite\/wp-json\/wp\/v2\/types\/post"}],"author":[{"embeddable":true,"href":"https:\/\/www.iceagetv.com\/radiosite\/wp-json\/wp\/v2\/users\/2"}],"replies":[{"embeddable":true,"href":"https:\/\/www.iceagetv.com\/radiosite\/wp-json\/wp\/v2\/comments?post=13313"}],"version-history":[{"count":1,"href":"https:\/\/www.iceagetv.com\/radiosite\/wp-json\/wp\/v2\/posts\/13313\/revisions"}],"predecessor-version":[{"id":13315,"href":"https:\/\/www.iceagetv.com\/radiosite\/wp-json\/wp\/v2\/posts\/13313\/revisions\/13315"}],"wp:featuredmedia":[{"embeddable":true,"href":"https:\/\/www.iceagetv.com\/radiosite\/wp-json\/wp\/v2\/media\/13314"}],"wp:attachment":[{"href":"https:\/\/www.iceagetv.com\/radiosite\/wp-json\/wp\/v2\/media?parent=13313"}],"wp:term":[{"taxonomy":"category","embeddable":true,"href":"https:\/\/www.iceagetv.com\/radiosite\/wp-json\/wp\/v2\/categories?post=13313"},{"taxonomy":"post_tag","embeddable":true,"href":"https:\/\/www.iceagetv.com\/radiosite\/wp-json\/wp\/v2\/tags?post=13313"}],"curies":[{"name":"wp","href":"https:\/\/api.w.org\/{rel}","templated":true}]}}