{"id":13330,"date":"2019-10-03T07:53:16","date_gmt":"2019-10-03T07:53:16","guid":{"rendered":"http:\/\/www.iceagetv.com\/radiosite\/?p=13330"},"modified":"2019-10-03T07:53:21","modified_gmt":"2019-10-03T07:53:21","slug":"le-travail-la-tuee-apres-le-suicide-dune-directrice-decole-200-ecoles-de-seine-saint-denis-en-greve","status":"publish","type":"post","link":"https:\/\/www.iceagetv.com\/radiosite\/le-travail-la-tuee-apres-le-suicide-dune-directrice-decole-200-ecoles-de-seine-saint-denis-en-greve\/","title":{"rendered":"Le travail l&rsquo;a tu\u00e9e\u00a0\u00bb: apr\u00e8s le suicide d&rsquo;une directrice d&rsquo;\u00e9cole, 200 \u00e9coles de Seine-Saint-Denis en gr\u00e8ve"},"content":{"rendered":"\n<h2 class=\"wp-block-heading\">A l&rsquo;appel des syndicats, plus de la moiti\u00e9 des \u00e9coles de Seine-Saint-Denis seront ferm\u00e9es ce jeudi, en hommage \u00e0 la directrice retrouv\u00e9e morte la semaine derni\u00e8re dans le hall de son \u00e9tablissement scolaire. Par cette mobilisation, ils compte d\u00e9noncer des conditions de travail d\u00e9l\u00e9t\u00e8res qui seraient \u00e0 l&rsquo;origine du suicide de leur coll\u00e8gue.<\/h2>\n\n\n\n<p>Les directeurs d\u2019\u00e9cole se mobilisent, encore boulevers\u00e9s par<a href=\"https:\/\/www.bfmtv.com\/societe\/apres-le-suicide-d-une-directrice-d-ecole-a-pantin-les-parents-d-eleves-interpellent-le-ministre-1776681.html\">&nbsp;le suicide d\u2019une de leurs coll\u00e8gues retrouv\u00e9e morte lundi 23 septembre&nbsp;<\/a>dans le hall de l\u2019\u00e9cole M\u00e9hul, \u00e0 Pantin. Un pr\u00e9avis de gr\u00e8ve a \u00e9t\u00e9 d\u00e9pos\u00e9 par plusieurs syndicats de la profession, entra\u00eenant la fermeture de 200 \u00e9coles de Seine-Saint-Denis ce jeudi, jour des obs\u00e8ques de Christine Renon.<\/p>\n\n\n\n<p>Des rassemblements sont pr\u00e9vus devant les locaux de l&rsquo;Education nationale \u00e0 Bobigny, comme dans de nombreux d\u00e9partements. Le but: protester contre des conditions de travail jug\u00e9es d\u00e9l\u00e9t\u00e8res. \u00a0<\/p>\n\n\n\n<h3 class=\"wp-block-heading\">Absurdit\u00e9 des conditions de travail\u00a0\u00bb<\/h3>\n\n\n\n<p>Une situation notamment d\u00e9nonc\u00e9e par Christine Renon&nbsp;<a href=\"https:\/\/www.bfmtv.com\/societe\/la-directrice-morte-dans-une-ecole-avait-mis-en-cause-l-education-nationale-dans-des-courriers-1774813.html\">dans un courrier adress\u00e9 \u00e0 une trentaine de ses coll\u00e8gues<\/a>&nbsp;deux jours avant sa mort. La fonctionnaire y justifie son geste par \u00ab\u00a0la surdit\u00e9 de la hi\u00e9rarchie et l\u2019absurdit\u00e9 de ses conditions de travail\u00a0\u00bb.&nbsp;<a href=\"https:\/\/www.bfmtv.com\/societe\/je-suis-epouvantablement-fatiguee-la-directrice-d-ecole-qui-s-est-suicidee-a-pantin-racontait-son-epuisement-dans-une-lettre-1775094.html\">Elle raconte \u00ab\u00a0son \u00e9puisement\u00a0\u00bb<\/a>, la solitude des directeurs, l&rsquo;accumulation de t\u00e2ches \u00ab\u00a0chronophages\u00a0\u00bb, les r\u00e9formes incessantes et contradictoires. Des mots poignants que Jean-Fran\u00e7ois, directeur d\u2019\u00e9cole \u00e0 Pantin et membre du syndicat FO, a encore en t\u00eate.<\/p>\n\n\n\n<blockquote class=\"wp-block-quote is-layout-flow wp-block-quote-is-layout-flow\"><p>\u00ab\u00a0Dans sa lettre, elle m\u2019a demand\u00e9 de veiller \u00e0 ce que l\u2019institution ne salisse pas son nom. \u00c7a a \u00e9t\u00e9 tr\u00e8s dur pour moi\u00a0\u00bb, livre-t-il au micro de BFMTV, la gorge serr\u00e9e. Pour lui, le geste de cette femme est \u00ab\u00a0un sacrifice. On n\u2019arrive pas \u00e0 changer les choses, alors on va jusqu\u2019\u00e0 la mort\u00a0\u00bb, tance-t-il.<\/p><\/blockquote>\n\n\n\n<p>\u00ab\u00a0Je crois que c\u2019est le travail qui l\u2019a tu\u00e9e, ajoute Sandrine, elle aussi directrice d\u2019\u00e9cole \u00e0 Pantin et membre du syndicat Snuipp. En tout cas, elle n\u2019a pas trouv\u00e9 les ressources en elle ni parmi son cercle proche pour surpasser tout \u00e7a. Elle \u00e9tait dans le rouleau compresseur.\u00a0\u00bb<\/p>\n\n\n\n<h3 class=\"wp-block-heading\">\u00ab\u00a0Situation dramatique\u00a0\u00bb<\/h3>\n\n\n\n<p>Peu \u00e0 peu, le mal-\u00eatre de cette profession \u00e9clate. Plusieurs directeurs d\u2019\u00e9cole ont expliqu\u00e9 dans les m\u00e9dias \u00e0 quel point ils s&rsquo;\u00e9taient reconnus dans \u00ab\u00a0la lettre\u00a0\u00bb de cette directrice.&nbsp;&nbsp;&nbsp;&nbsp;&nbsp;&nbsp;&nbsp;&nbsp;<\/p>\n\n\n\n<blockquote class=\"wp-block-quote is-layout-flow wp-block-quote-is-layout-flow\"><p>\u00ab\u00a0On nous donne de plus en plus de t\u00e2ches administratives. A la fin de la journ\u00e9e, on a fait 1000 choses mais on ne peut plus faire notre coeur de m\u00e9tier. Et puis il y a le manque d&rsquo;enseignants, la part de plus en plus importante de d\u00e9butants et de contractuels, le turn over: 30% des enseignants de la commune sont des n\u00e9o-arrivants!\u00a0\u00bb, souffle une directrice.&nbsp;&nbsp;&nbsp;<\/p><\/blockquote>\n\n\n\n<p>\u00ab\u00a0Notre mobilisation ne peut pas rester pantinoise, et ne peut pas concerner que le premier degr\u00e9. La situation est dramatique, les seuls qui sont devant nous c&rsquo;est les flics\u00a0\u00bb, lance un professeur d&rsquo;EPS d&rsquo;un lyc\u00e9e de la ville, en allusion \u00e0 la s\u00e9rie de suicides qui touche les policiers, mobilis\u00e9s mercredi.<\/p>\n","protected":false},"excerpt":{"rendered":"<p>A l&rsquo;appel des syndicats, plus de la moiti\u00e9 des \u00e9coles de Seine-Saint-Denis seront ferm\u00e9es ce jeudi, en hommage \u00e0 la directrice retrouv\u00e9e morte la semaine derni\u00e8re dans le hall de son \u00e9tablissement scolaire. Par cette mobilisation, ils compte d\u00e9noncer des conditions de travail d\u00e9l\u00e9t\u00e8res qui seraient \u00e0 l&rsquo;origine du suicide de leur coll\u00e8gue. Les directeurs [&hellip;]<\/p>\n","protected":false},"author":2,"featured_media":13331,"comment_status":"open","ping_status":"open","sticky":false,"template":"","format":"standard","meta":{"_jetpack_memberships_contains_paid_content":false,"footnotes":"","jetpack_publicize_message":"","jetpack_publicize_feature_enabled":true,"jetpack_social_post_already_shared":true,"jetpack_social_options":{"image_generator_settings":{"template":"highway","default_image_id":0,"font":"","enabled":false},"version":2},"_wpas_customize_per_network":false},"categories":[405],"tags":[],"class_list":["post-13330","post","type-post","status-publish","format-standard","has-post-thumbnail","hentry","category-actu-france-monde"],"jetpack_publicize_connections":[],"jetpack_featured_media_url":"https:\/\/i0.wp.com\/www.iceagetv.com\/radiosite\/wp-content\/uploads\/2019\/10\/200-%C3%A9coles-de-Seine-Saint-Denis-en-gr%C3%A8ve.png?fit=260%2C300&ssl=1","jetpack_sharing_enabled":true,"_links":{"self":[{"href":"https:\/\/www.iceagetv.com\/radiosite\/wp-json\/wp\/v2\/posts\/13330","targetHints":{"allow":["GET"]}}],"collection":[{"href":"https:\/\/www.iceagetv.com\/radiosite\/wp-json\/wp\/v2\/posts"}],"about":[{"href":"https:\/\/www.iceagetv.com\/radiosite\/wp-json\/wp\/v2\/types\/post"}],"author":[{"embeddable":true,"href":"https:\/\/www.iceagetv.com\/radiosite\/wp-json\/wp\/v2\/users\/2"}],"replies":[{"embeddable":true,"href":"https:\/\/www.iceagetv.com\/radiosite\/wp-json\/wp\/v2\/comments?post=13330"}],"version-history":[{"count":1,"href":"https:\/\/www.iceagetv.com\/radiosite\/wp-json\/wp\/v2\/posts\/13330\/revisions"}],"predecessor-version":[{"id":13332,"href":"https:\/\/www.iceagetv.com\/radiosite\/wp-json\/wp\/v2\/posts\/13330\/revisions\/13332"}],"wp:featuredmedia":[{"embeddable":true,"href":"https:\/\/www.iceagetv.com\/radiosite\/wp-json\/wp\/v2\/media\/13331"}],"wp:attachment":[{"href":"https:\/\/www.iceagetv.com\/radiosite\/wp-json\/wp\/v2\/media?parent=13330"}],"wp:term":[{"taxonomy":"category","embeddable":true,"href":"https:\/\/www.iceagetv.com\/radiosite\/wp-json\/wp\/v2\/categories?post=13330"},{"taxonomy":"post_tag","embeddable":true,"href":"https:\/\/www.iceagetv.com\/radiosite\/wp-json\/wp\/v2\/tags?post=13330"}],"curies":[{"name":"wp","href":"https:\/\/api.w.org\/{rel}","templated":true}]}}