{"id":13333,"date":"2019-10-03T13:22:11","date_gmt":"2019-10-03T13:22:11","guid":{"rendered":"http:\/\/www.iceagetv.com\/radiosite\/?p=13333"},"modified":"2019-10-03T13:22:17","modified_gmt":"2019-10-03T13:22:17","slug":"attaque-a-la-prefecture-de-police-de-paris-4-morts-lassaillant-tue","status":"publish","type":"post","link":"https:\/\/www.iceagetv.com\/radiosite\/attaque-a-la-prefecture-de-police-de-paris-4-morts-lassaillant-tue\/","title":{"rendered":"Attaque \u00e0 la pr\u00e9fecture de police de Paris : 4 morts, l\u2019assaillant tu\u00e9"},"content":{"rendered":"\n<h2 class=\"wp-block-heading\">L\u2019agression au couteau est survenue \u00e0 la mi-journ\u00e9e. L\u2019auteur des faits est un agent administratif de la direction du renseignement.<\/h2>\n\n\n\n<h2 class=\"wp-block-heading\">L&rsquo;ESSENTIEL<\/h2>\n\n\n\n<ul class=\"wp-block-list\"><li>Un assaillant a attaqu\u00e9 des fonctionnaires ce jeudi \u00e0 la mi-journ\u00e9e, dans les locaux de la pr\u00e9fecture de police.<\/li><li>Le drame a fait quatre morts et un bless\u00e9.<\/li><li>L\u2019auteur des faits est un agent administratif de la pr\u00e9fecture de police. Il a \u00e9t\u00e9 abattu.<strong>Le Conseil de Paris suspend ses travaux.<\/strong>\u00a0Le premier adjoint d&rsquo;Anne Hidalgo, Emmanuel Gr\u00e9goire, exprime, au nom de tous les \u00e9lus parisiens, \u00ab notre amiti\u00e9 et notre affection \u00e0 la pr\u00e9fecture de police, \u00e0 l&rsquo;ensemble des victimes et de leurs familles \u00bb. \u00ab Nous sommes \u00e0 leurs c\u00f4t\u00e9s \u00bb poursuit l&rsquo;\u00e9lu, soulignant qu&rsquo;un \u00ab hommage solennel \u00bb sera rendu ult\u00e9rieurement au Conseil de Paris. Le Conseil suspend ses travaux jusqu&rsquo;\u00e0 15h45.<\/li><li><strong>Hidalgo \u00e0 la pr\u00e9fecture.<\/strong>\u00a0A la r\u00e9ouverture de la s\u00e9ance du Conseil de Paris, le premier adjoint d&rsquo;Anne Hidalgo, Emmanuel Gr\u00e9goire, explique que la maire de Paris s&rsquo;est rendue sur l&rsquo;\u00eele de la Cit\u00e9 toute proche apr\u00e8s avoir \u00e9t\u00e9 pr\u00e9venue du drame par le pr\u00e9fet de police.<\/li><\/ul>\n\n\n\n<p><strong>Macron attendu sur place.\u00a0<\/strong>Le pr\u00e9sident de la R\u00e9publique est attendu \u00e0 la pr\u00e9fecture de police. L&rsquo;Elys\u00e9e confirme n\u00e9anmoins que son d\u00e9placement \u00e0 Rodez, en fin d&rsquo;apr\u00e8s-midi, est maintenu.<\/p>\n\n\n\n<p><strong>Aucun signalement sur l&rsquo;agresseur.<\/strong>\u00a0Selon Lo\u00efc Travers, secr\u00e9taire Ile-de-France d&rsquo;Alliance qui parlait \u00e0 des journalistes devant la pr\u00e9fecture de police, l&rsquo;assaillant avait 20 ans d&rsquo;exp\u00e9rience \u00e0 la pr\u00e9fecture et ne faisait l&rsquo;objet d&rsquo;aucun signalement.<\/p>\n\n\n\n<p><strong>Castaner sid\u00e9r\u00e9.<\/strong>\u00a0\u00ab Je suis rest\u00e9 une demi-heure avant d&rsquo;\u00eatre \u00e9vacu\u00e9. Le pr\u00e9fet est venu sur place. J&rsquo;ai aussi vu le ministre de l&rsquo;Int\u00e9rieur, il \u00e9tait extr\u00eamement p\u00e2le \u00bb, poursuit le t\u00e9moin.<\/p>\n\n\n\n<p><strong>T\u00e9moignage d&rsquo;un homme qui se trouvait dans la cour de la pr\u00e9fecture.<\/strong>\u00a0\u00ab J&rsquo;ai entendu un tir, je pense qu&rsquo;il devait \u00eatre autour de 12h30. Autour de moi, il n&rsquo;y avait que des policiers. Ils ont imm\u00e9diatement tous d\u00e9gain\u00e9 leur arme. J&rsquo;ai \u00e9t\u00e9 tr\u00e8s surpris d&rsquo;entendre ces tirs car ce n&rsquo;est pas l&rsquo;endroit o\u00f9 on imagine que \u00e7a puisse se produire. J&rsquo;ai d&rsquo;abord pens\u00e9 \u00e0 un suicide car il y en a beaucoup en ce moment. Et puis quelques instants plus tard j&rsquo;ai vu des polici\u00e8res en pleurs. Je me suis dit que \u00e7a devait \u00eatre grave. Les policiers \u00e9taient en panique, \u00e7a courait partout. Beaucoup de personnes \u00e9taient en pleurs. \u00bb<\/p>\n\n\n\n<p><strong>Le bilan revu \u00e0 la hausse : 4 morts, plus l&rsquo;assaillant.<\/strong>&nbsp;Quatre personnes ont \u00e9t\u00e9 tu\u00e9es, en plus de l&rsquo;assaillant, a appris Le Parisien de sources concordantes.\n\n<\/p>\n","protected":false},"excerpt":{"rendered":"<p>L\u2019agression au couteau est survenue \u00e0 la mi-journ\u00e9e. L\u2019auteur des faits est un agent administratif de la direction du renseignement. L&rsquo;ESSENTIEL Un assaillant a attaqu\u00e9 des fonctionnaires ce jeudi \u00e0 la mi-journ\u00e9e, dans les locaux de la pr\u00e9fecture de police. Le drame a fait quatre morts et un bless\u00e9. L\u2019auteur des faits est un agent [&hellip;]<\/p>\n","protected":false},"author":2,"featured_media":13334,"comment_status":"open","ping_status":"open","sticky":false,"template":"","format":"standard","meta":{"_jetpack_memberships_contains_paid_content":false,"footnotes":"","jetpack_publicize_message":"","jetpack_publicize_feature_enabled":true,"jetpack_social_post_already_shared":true,"jetpack_social_options":{"image_generator_settings":{"template":"highway","default_image_id":0,"font":"","enabled":false},"version":2},"_wpas_customize_per_network":false},"categories":[405],"tags":[],"class_list":["post-13333","post","type-post","status-publish","format-standard","has-post-thumbnail","hentry","category-actu-france-monde"],"jetpack_publicize_connections":[],"jetpack_featured_media_url":"https:\/\/i0.wp.com\/www.iceagetv.com\/radiosite\/wp-content\/uploads\/2019\/10\/Attaque-%C3%A0-la-pr%C3%A9fecture-de-police-de-Paris.jpg?fit=932%2C582&ssl=1","jetpack_sharing_enabled":true,"_links":{"self":[{"href":"https:\/\/www.iceagetv.com\/radiosite\/wp-json\/wp\/v2\/posts\/13333","targetHints":{"allow":["GET"]}}],"collection":[{"href":"https:\/\/www.iceagetv.com\/radiosite\/wp-json\/wp\/v2\/posts"}],"about":[{"href":"https:\/\/www.iceagetv.com\/radiosite\/wp-json\/wp\/v2\/types\/post"}],"author":[{"embeddable":true,"href":"https:\/\/www.iceagetv.com\/radiosite\/wp-json\/wp\/v2\/users\/2"}],"replies":[{"embeddable":true,"href":"https:\/\/www.iceagetv.com\/radiosite\/wp-json\/wp\/v2\/comments?post=13333"}],"version-history":[{"count":1,"href":"https:\/\/www.iceagetv.com\/radiosite\/wp-json\/wp\/v2\/posts\/13333\/revisions"}],"predecessor-version":[{"id":13335,"href":"https:\/\/www.iceagetv.com\/radiosite\/wp-json\/wp\/v2\/posts\/13333\/revisions\/13335"}],"wp:featuredmedia":[{"embeddable":true,"href":"https:\/\/www.iceagetv.com\/radiosite\/wp-json\/wp\/v2\/media\/13334"}],"wp:attachment":[{"href":"https:\/\/www.iceagetv.com\/radiosite\/wp-json\/wp\/v2\/media?parent=13333"}],"wp:term":[{"taxonomy":"category","embeddable":true,"href":"https:\/\/www.iceagetv.com\/radiosite\/wp-json\/wp\/v2\/categories?post=13333"},{"taxonomy":"post_tag","embeddable":true,"href":"https:\/\/www.iceagetv.com\/radiosite\/wp-json\/wp\/v2\/tags?post=13333"}],"curies":[{"name":"wp","href":"https:\/\/api.w.org\/{rel}","templated":true}]}}