{"id":13336,"date":"2019-10-04T12:01:13","date_gmt":"2019-10-04T12:01:13","guid":{"rendered":"http:\/\/www.iceagetv.com\/radiosite\/?p=13336"},"modified":"2019-10-04T12:01:19","modified_gmt":"2019-10-04T12:01:19","slug":"ultra-trail-francois-dhaene-se-lance-un-defi-xxl-de-900-km-dans-les-rocheuses-americaines","status":"publish","type":"post","link":"https:\/\/www.iceagetv.com\/radiosite\/ultra-trail-francois-dhaene-se-lance-un-defi-xxl-de-900-km-dans-les-rocheuses-americaines\/","title":{"rendered":"Ultra-trail : Fran\u00e7ois D\u2019Haene se lance un d\u00e9fi XXL de 900 km dans les Rocheuses am\u00e9ricaines"},"content":{"rendered":"\n<ul class=\"wp-block-list\"><li>Fran\u00e7ois D\u2019Haene va se lancer ce vendredi (vers 15 heures) dans l\u2019aventure la plus folle de sa vie. L\u2019ultra-trailer de 33 ans souhaite parcourir en neuf jours une immense portion du Pacific Crest Trail (Etats-Unis).<\/li><li>Il vise de rejoindre l\u2019Oregon depuis la fronti\u00e8re canadienne, avec au programme 900&nbsp;km et 35.000&nbsp;m de d\u00e9nivel\u00e9 positif.<\/li><li>Le recordman du GR20 et du John Muir Trail changerait une nouvelle fois de dimension en cas de succ\u00e8s sur ce d\u00e9fi XXL.<\/li><\/ul>\n\n\n\n<p>La neige avait eu raison en juillet dernier de\u00a0<a href=\"https:\/\/www.20minutes.fr\/sport\/2445307-20190211-ultra-trail-premiere-hardrock-100-defi-1000-km-usa-francois-haene-lance-saison-folie\">la Hardrock 100<\/a>\u00a0(160\u00a0km et 10.000\u00a0m de d\u00e9nivel\u00e9 positif), course mythique dans le Colorado sur laquelle\u00a0<a href=\"https:\/\/www.20minutes.fr\/lyon\/1850019-20160604-video-lyon-francois-haene-nouveau-recordman-gr20-corse\">Fran\u00e7ois D&rsquo;Haene<\/a>\u00a0devait notamment d\u00e9fier son compatriote\u00a0<a href=\"https:\/\/www.20minutes.fr\/sport\/2593579-20190831-ultra-trail-mont-blanc-deuxieme-place-vaut-or-assure-xavier-thevenard-battu-espagnol-pau-capell\">Xavier Th\u00e9venard<\/a>. Le champion d\u2019ultra-trail rhodanien ne compte pas annuler son autre r\u00eave am\u00e9ricain\u00a0de la saison, m\u00eame si les risques d\u2019enneigement existent \u00e0 nouveau. Vers 15 heures ce vendredi (6 heures dans l\u2019Ouest US), le coureur de 33 ans va tout simplement se lancer, depuis la fronti\u00e8re entre le Canada et les Etats-Unis, dans le plus grand d\u00e9fi sportif de sa vie.<br>En termes de performances, il a pourtant d\u00e9j\u00e0 remport\u00e9\u00a0quatre fois\u00a0<a href=\"https:\/\/www.20minutes.fr\/sport\/2357423-20181019-video-reunion-machine-gagner-francois-haene-triomphe-nouveau-benoit-girondel-diagonale-fous\">la Diagonale des Fous<\/a>\u00a0(La R\u00e9union, 165\u00a0km et 9.576\u00a0m de D +),\u00a0trois fois\u00a0l\u2019UTMB (autour de Chamonix, 167\u00a0km et 10.000\u00a0m de D +), mais aussi ses exploits en solo (hors courses) avec le record de la travers\u00e9e du GR20 en Corse (180\u00a0km et 12.000\u00a0m de D +) en juin\u00a02016 et celui du\u00a0<a href=\"https:\/\/www.20minutes.fr\/lyon\/2145271-20171005-video-envie-liberte-apres-utmb-francois-haene-vise-record-trail-359-km-californie\">John Muir Trail<\/a>\u00a0(Etats-Unis, 359\u00a0km et 14.630\u00a0m de D +) en octobre\u00a02017. Fran\u00e7ois D\u2019Haene va m\u00eame changer de monde, dans l\u2019\u00e9tat\u00a0du Washington, en partant cette fois sur un p\u00e9riple de neuf jours, pour boucler\u2026 900\u00a0km et 35.000\u00a0m de d\u00e9nivel\u00e9 positif\u00a0!<\/p>\n\n\n\n<h2 class=\"wp-block-heading\">20 heures de course par jour et de \u00ab&nbsp;grandes nuits&nbsp;\u00bb dans un camping-car<\/h2>\n\n\n\n<p>\u00ab\u00a0C\u2019est un parcours 2,5 fois plus important\u00a0que sa plus longue distance jamais parcourue sur le John Muir Trail, \u00e9voque son team manager Jean-Michel Faure-Vincent. Il avait envie de conna\u00eetre de nouvelles sensations et il va \u00eatre servi car c\u2019est un grand yo-yo, avec d\u2019incessantes mont\u00e9es et descentes dans les Rocheuses am\u00e9ricaines, souvent au-dessus de 2.000\u00a0m d\u2019altitude.\u00a0\u00bb Le plan est limpide\u00a0:\u00a0courir chaque jour entre 90 et 130\u00a0km pendant\u00a0pr\u00e8s de 20 heures, avec \u00ab\u00a0de vraies grandes nuits de cinq heures d\u2019affil\u00e9e dans un camping-car\u00a0\u00bb. Fran\u00e7ois D\u2019Haene s\u2019entoure depuis le d\u00e9but de sa pr\u00e9paration il y a une semaine, dans la r\u00e9gion de Vancouver (Canada), de\u00a0deux fid\u00e8les\u00a0<em>pacers<\/em>, son beau-fr\u00e8re\u00a0Alexis Traub\u00a0et son ami Guillaume Provost.<br>Le\u00a0<a rel=\"noreferrer noopener\" href=\"https:\/\/www.tourdumonde.fr\/decouverte\/usa-le-pacific-crest-trail-ou-4250km-a-pied-a-travers-les-parcs-nationaux-1729\" target=\"_blank\">Pacific Crest Trail<\/a>\u00a0sur lequel il s\u2019aventure est au total un sentier culte de 4.250\u00a0km de grande randonn\u00e9e et d\u2019\u00e9quitation rejoignant fronti\u00e8res canadienne et mexicaine. Si ce plan de folie se d\u00e9roule sans accroc, l\u2019arriv\u00e9e de Fran\u00e7ois D\u2019Haene est donc pr\u00e9vue pour le 13\u00a0octobre pr\u00e8s de Portland, dans l\u2019Etat de l\u2019Oregon.\u00a0Il sera aussi accompagn\u00e9 dans les prochains jours de plusieurs trailers am\u00e9ricains de renom comme\u00a0\u00a0<a href=\"https:\/\/www.20minutes.fr\/lyon\/2124499-20170901-video-quatre-favoris-ultra-trail-mont-blanc-plus-releve-histoire\">Jim Walmsley<\/a>\u00a0et\u00a0Zach Miller. \u00ab\u00a0Zach Miller a m\u00eame particip\u00e9\u00a0aux vendanges dans le Beaujolais avec Fran\u00e7ois cette ann\u00e9e, sourit Jean-Michel Faure-Vincent. Apr\u00e8s\u00a0le John Muir Trail, ce d\u00e9fi aurait une sacr\u00e9e\u00a0r\u00e9sonance aux Etats-Unis car c\u2019est quand m\u00eame une distance pas possible.\u00a0\u00bb<\/p>\n\n\n\n<h2 class=\"wp-block-heading\">\u00c7a aurait quand m\u00eame de la gueule de passer la barre des 1.000&nbsp;km&nbsp;\u00bb<\/h2>\n\n\n\n<p>Une seule trace d\u2019un \u00ab&nbsp;record non officiel&nbsp;\u00bb en 12 jours appara\u00eet jusque-l\u00e0 sur cette m\u00eame portion du Pacific Crest Trail. Moins d\u2019un mois et demi apr\u00e8s avoir explos\u00e9 de plus de trois heures le record du trail de&nbsp;<a href=\"https:\/\/www.dailymotion.com\/video\/x7hflii\" target=\"_blank\" rel=\"noreferrer noopener\">l\u2019Echapp\u00e9e Belle<\/a>&nbsp;(149&nbsp;km parcourus en 23h55 dans le massif de Belledonne), Fran\u00e7ois D\u2019Haene est plus que jamais capable de tout. Existe-t-il tout de m\u00eame une inqui\u00e9tude particuli\u00e8re chez ses proches et son Team Salomon, au vu de l\u2019ampleur du d\u00e9fi&nbsp;?&nbsp;Son manager nous \u00e9claire.<\/p>\n\n\n\n<blockquote class=\"wp-block-quote is-layout-flow wp-block-quote-is-layout-flow\"><p>Il y a une telle part d\u2019inconnu sur une telle&nbsp;distance\u2026 N\u2019importe quelle d\u00e9faillance, m\u00eame une ampoule, peut devenir terrible sur 900&nbsp;km de course.&nbsp;Il y a \u00e9videmment un risque de fatigue g\u00e9n\u00e9rale mais&nbsp;pas de graves risques de chutes. Les&nbsp;sentiers am\u00e9ricains sont bien plus lisses que ceux du&nbsp;GR20 par exemple, ce sont presque des boulevards pour les trailers europ\u00e9ens. A la limite, le John Muir Trail me faisait plus flipper avec ses passages \u00e0 plus de 4.000 m d\u2019altitude.&nbsp;Et puis&nbsp;les nouvelles balises de d\u00e9tresse passent partout.&nbsp;\u00bb<\/p><\/blockquote>\n\n\n\n<p>A ce niveau de distance d\u2019extraterrestre, on en viendrait presque \u00e0 se demander s\u2019il a pu \u00eatre&nbsp;question de pousser jusqu\u2019\u00e0 1.000&nbsp;km, tant qu\u2019\u00e0 faire. \u00ab&nbsp;Quand Fran\u00e7ois a commenc\u00e9 \u00e0 m\u2019\u00e9voquer ce projet en janvier&nbsp;2019, on s\u2019est dit que \u00e7a aurait quand m\u00eame de la gueule de passer la barre des 1.000 bornes, confirme Jean-Michel Faure-Vincent. Mais il ne va pas faire 1.000 km pour faire 1.000 km et c\u2019\u00e9tait mieux de partir sur cette portion int\u00e9grale entre le Washington et l\u2019Oregon.&nbsp;\u00bb Au vu de la vertigineuse mont\u00e9e en puissance des d\u00e9fis du ph\u00e9nom\u00e8ne, \u00e7a ne semble \u00eatre&nbsp;que partie remise.<\/p>\n","protected":false},"excerpt":{"rendered":"<p>Fran\u00e7ois D\u2019Haene va se lancer ce vendredi (vers 15 heures) dans l\u2019aventure la plus folle de sa vie. L\u2019ultra-trailer de 33 ans souhaite parcourir en neuf jours une immense portion du Pacific Crest Trail (Etats-Unis). Il vise de rejoindre l\u2019Oregon depuis la fronti\u00e8re canadienne, avec au programme 900&nbsp;km et 35.000&nbsp;m de d\u00e9nivel\u00e9 positif. Le recordman [&hellip;]<\/p>\n","protected":false},"author":2,"featured_media":13337,"comment_status":"open","ping_status":"open","sticky":false,"template":"","format":"standard","meta":{"_jetpack_memberships_contains_paid_content":false,"footnotes":"","jetpack_publicize_message":"","jetpack_publicize_feature_enabled":true,"jetpack_social_post_already_shared":true,"jetpack_social_options":{"image_generator_settings":{"template":"highway","default_image_id":0,"font":"","enabled":false},"version":2},"_wpas_customize_per_network":false},"categories":[18],"tags":[],"class_list":["post-13336","post","type-post","status-publish","format-standard","has-post-thumbnail","hentry","category-actu-sport"],"jetpack_publicize_connections":[],"jetpack_featured_media_url":"https:\/\/i0.wp.com\/www.iceagetv.com\/radiosite\/wp-content\/uploads\/2019\/10\/Fran%C3%A7ois-D%E2%80%99Haene.jpg?fit=642%2C414&ssl=1","jetpack_sharing_enabled":true,"_links":{"self":[{"href":"https:\/\/www.iceagetv.com\/radiosite\/wp-json\/wp\/v2\/posts\/13336","targetHints":{"allow":["GET"]}}],"collection":[{"href":"https:\/\/www.iceagetv.com\/radiosite\/wp-json\/wp\/v2\/posts"}],"about":[{"href":"https:\/\/www.iceagetv.com\/radiosite\/wp-json\/wp\/v2\/types\/post"}],"author":[{"embeddable":true,"href":"https:\/\/www.iceagetv.com\/radiosite\/wp-json\/wp\/v2\/users\/2"}],"replies":[{"embeddable":true,"href":"https:\/\/www.iceagetv.com\/radiosite\/wp-json\/wp\/v2\/comments?post=13336"}],"version-history":[{"count":1,"href":"https:\/\/www.iceagetv.com\/radiosite\/wp-json\/wp\/v2\/posts\/13336\/revisions"}],"predecessor-version":[{"id":13338,"href":"https:\/\/www.iceagetv.com\/radiosite\/wp-json\/wp\/v2\/posts\/13336\/revisions\/13338"}],"wp:featuredmedia":[{"embeddable":true,"href":"https:\/\/www.iceagetv.com\/radiosite\/wp-json\/wp\/v2\/media\/13337"}],"wp:attachment":[{"href":"https:\/\/www.iceagetv.com\/radiosite\/wp-json\/wp\/v2\/media?parent=13336"}],"wp:term":[{"taxonomy":"category","embeddable":true,"href":"https:\/\/www.iceagetv.com\/radiosite\/wp-json\/wp\/v2\/categories?post=13336"},{"taxonomy":"post_tag","embeddable":true,"href":"https:\/\/www.iceagetv.com\/radiosite\/wp-json\/wp\/v2\/tags?post=13336"}],"curies":[{"name":"wp","href":"https:\/\/api.w.org\/{rel}","templated":true}]}}