{"id":13342,"date":"2019-10-04T12:05:45","date_gmt":"2019-10-04T12:05:45","guid":{"rendered":"http:\/\/www.iceagetv.com\/radiosite\/?p=13342"},"modified":"2019-10-04T12:05:50","modified_gmt":"2019-10-04T12:05:50","slug":"ce-que-lon-sait-de-lintoxication-de-seize-collegiens-dans-le-jura","status":"publish","type":"post","link":"https:\/\/www.iceagetv.com\/radiosite\/ce-que-lon-sait-de-lintoxication-de-seize-collegiens-dans-le-jura\/","title":{"rendered":"Ce que l&rsquo;on sait de l&rsquo;intoxication de seize coll\u00e9giens dans le Jura"},"content":{"rendered":"\n<p>Une quinzaine de coll\u00e9giens&nbsp;de&nbsp;Morez&nbsp;(Jura)&nbsp;ont \u00e9t\u00e9 victimes de malaises, jeudi 3 octobre, apr\u00e8s avoir particip\u00e9 \u00e0 un cross \u00e0 Morbier,&nbsp;<a href=\"https:\/\/www.francetvinfo.fr\/france\/bourgogne-franche-comte\/jura\/jura-17-collegiens-victimes-de-malaise-deux-d-entre-eux-en-urgence-absolue-apres-une-intoxication_3643303.html\" target=\"_blank\" rel=\"noreferrer noopener\">dans le Jura<\/a>. Cinq d&rsquo;entre eux ont d\u00fb \u00eatre hospitalis\u00e9s, dont deux en urgence absolue. Franceinfo fait le point sur cette affaire.<\/p>\n\n\n\n<h2 class=\"wp-block-heading\">Des jeunes coureurs&nbsp;pris de convulsions<\/h2>\n\n\n\n<p>C&rsquo;est vers 15h30, jeudi, \u00e0 la fin d&rsquo;un cross organis\u00e9 par&nbsp;le&nbsp;coll\u00e8ge Pierre Hyacinthe Cazeaux de Morez (Jura), que plusieurs \u00e9l\u00e8ves \u00e2g\u00e9s de 13 et 14 ans ont subitement \u00e9t\u00e9 pris de douleurs, de convulsions et de malaises. Il venaient juste de passer au stand de ravitaillement, pr\u00e9cise le procureur de la R\u00e9publique du tribunal de Lons-le-Saunier, Lionel Pascal, dans un communiqu\u00e9 publi\u00e9 dans la soir\u00e9e.&nbsp;<\/p>\n\n\n\n<p><em>\u00ab\u00a0Nous avions 90 coll\u00e9giens de Morez qui effectuaient cet apr\u00e8s-midi leur cross, quand, vers 15 heures, un certain nombre d&rsquo;entre eux ont \u00e9t\u00e9 pris de maux de t\u00eate et de douleurs abdominales\u00a0\u00bb<\/em>, a expliqu\u00e9 Jean-Fran\u00e7ois Bauvois, directeur des services du cabinet du pr\u00e9fet du Jura,&nbsp;<a href=\"https:\/\/france3-regions.francetvinfo.fr\/bourgogne-franche-comte\/morbier-plusieurs-adolescents-victimes-malaises-apres-intoxication-1731691.html\" target=\"_blank\" rel=\"noreferrer noopener\">su<\/a><a href=\"https:\/\/france3-regions.francetvinfo.fr\/bourgogne-franche-comte\/morbier-plusieurs-adolescents-victimes-malaises-apres-intoxication-1731691.html\" target=\"_blank\" rel=\"noreferrer noopener\">r France 3<\/a>.<\/p>\n\n\n\n<p><em>On courait et une copine est tomb\u00e9e, comme si elle faisait une crise.<\/em>Une coll\u00e9gienne<em><\/em><\/p>\n\n\n\n<p><em>\u00ab\u00a0Moi j&rsquo;ai continu\u00e9 jusqu&rsquo;au stand, j&rsquo;ai mang\u00e9 des brioches et bu du sirop et apr\u00e8s j&rsquo;ai eu mal au ventre, j&rsquo;ai eu des crampes\u00a0\u00bb<\/em>, se souvient une adolescente interrog\u00e9e par l&rsquo;AFP, vendredi 4 octobre.<\/p>\n\n\n\n<p>Le pr\u00e9fet du Jura a&nbsp;alors d\u00e9cid\u00e9 d&rsquo;activer le centre op\u00e9rationnel d\u00e9partemental (COD).&nbsp;Rapidement, les sapeurs-pompiers de huit centres du d\u00e9partement du Jura (Morez, Morbier, Saint-Laurent, Champagnole, Les Rousses, Bois d&rsquo;Amont et Lons) ont \u00e9t\u00e9 d\u00e9ploy\u00e9s et un h\u00e9licopt\u00e8re s&rsquo;est rendu sur place ainsi que la gendarmerie.<\/p>\n\n\n\n<h2 class=\"wp-block-heading\">Seize&nbsp;\u00e9l\u00e8ves intoxiqu\u00e9s<\/h2>\n\n\n\n<p>Au total, ce sont seize\u00a0\u00e9l\u00e8ves qui ont \u00e9t\u00e9 gravement intoxiqu\u00e9s. Cinq d&rsquo;entre eux ont \u00e9t\u00e9 imm\u00e9diatement hospitalis\u00e9s, dont deux se trouvaient en \u00ab\u00a0urgence absolue\u00a0\u00bb.\u00a0<\/p>\n\n\n\n<p>Vendredi matin, une seule coll\u00e9gienne \u00e9tait encore hospitalis\u00e9e&nbsp;<em>\u00ab\u00a0dans un \u00e9tat stationnaire\u00a0\u00bb<\/em>, a indiqu\u00e9 \u00e0 l&rsquo;AFP la pr\u00e9fecture du Jura. Le pronostic vital de cette adolescente de 14 ans qui avait \u00e9t\u00e9 transport\u00e9e par h\u00e9licopt\u00e8re \u00e0 l&rsquo;h\u00f4pital de Besan\u00e7on&nbsp;<em>\u00ab\u00a0n&rsquo;est plus engag\u00e9\u00a0\u00bb<\/em>, a-t-il ajout\u00e9, pr\u00e9cisant que les autres coll\u00e9giens avaient pu regagner leur domicile.<\/p>\n\n\n\n<p>Pour la rentr\u00e9e des \u00e9l\u00e8ves ce vendredi,&nbsp;<em>\u00ab\u00a0le recteur et le directeur des services acad\u00e9miques \u00e9taient pr\u00e9sents aupr\u00e8s des coll\u00e9giens, de l&rsquo;\u00e9quipe p\u00e9dagogique et des parents avec une cellule de soutien psychologique compos\u00e9e de m\u00e9decins, d&rsquo;infirmiers et d&rsquo;assistantes sociales\u00a0\u00bb<\/em>, a pr\u00e9cis\u00e9&nbsp;le directeur de cabinet du pr\u00e9fet.<\/p>\n\n\n\n<h2 class=\"wp-block-heading\">L&rsquo;origine de l&rsquo;intoxication encore inconnue<\/h2>\n\n\n\n<p>Le parquet de Lons-le-Saunier a ouvert une enqu\u00eate pour \u00ab\u00a0blessures involontaires par manquement \u00e0 une obligation de s\u00e9curit\u00e9\u00a0\u00bb. \u00ab\u00a0<em>Les causes\u00a0\u00bb<\/em>&nbsp;de cette intoxication<em>&nbsp;\u00ab\u00a0ne sont pas encore d\u00e9termin\u00e9es\u00a0\u00bb<\/em>&nbsp;a d\u00e9clar\u00e9 le directeur de cabinet du pr\u00e9fet \u00e0&nbsp;<a href=\"https:\/\/www.francebleu.fr\/infos\/faits-divers-justice\/plusieurs-collegiens-intoxiques-lors-d-un-cross-a-morbier-dans-le-jura-1570120317\" target=\"_blank\" rel=\"noreferrer noopener\">France Bleu Besan\u00e7on<\/a>&nbsp;jeudi soir.&nbsp;<em>\u00ab\u00a0Il semble, au vu des premi\u00e8res investigations, que l&rsquo;on puisse exclure la consommation d&rsquo;eau potable\u00a0\u00bb<\/em>&nbsp;a-t-il pr\u00e9cis\u00e9.<\/p>\n\n\n\n<p>Les investigations ont \u00e9t\u00e9 confi\u00e9es \u00e0 la Section de recherche de Besan\u00e7on.&nbsp;<em>\u00ab\u00a0L\u2019ensemble de ce qui a \u00e9t\u00e9 offert au ravitaillement a \u00e9t\u00e9 saisi\u00a0\u00bb<\/em>, notamment&nbsp;les&nbsp;viennoiseries, a pr\u00e9cis\u00e9&nbsp;le procureur, rapporte&nbsp;<em><a href=\"https:\/\/www.leprogres.fr\/jura-39-edition-saint-claude-et-haut-jura\/2019\/10\/03\/impressionnant-dispositif-de-secours-au-stade-des-marais\" target=\"_blank\" rel=\"noreferrer noopener\">Le Progr\u00e8s<\/a><\/em>.&nbsp;<em>\u00ab\u00a0Pour l&rsquo;instant, aucune piste n&rsquo;est privil\u00e9gi\u00e9e ni \u00e9cart\u00e9e\u00a0\u00bb<\/em>, a-t-il \u00e9galement indiqu\u00e9, alors qu&rsquo;il qui doit tenir une conf\u00e9rence de presse \u00e0 12h45 au tribunal de grande instance.<\/p>\n\n\n\n<p><em>\u00ab\u00a0S&rsquo;agit-il d&rsquo;une intoxication volontaire ou accidentelle&nbsp;? C&rsquo;est \u00e0 l&rsquo;enqu\u00eate de le d\u00e9terminer\u00a0\u00bb<\/em>, a-t-il soulign\u00e9.<em><\/em><em>\u00ab\u00a0Toutes les analyses d\u00e9j\u00e0 r\u00e9alis\u00e9es dans un cadre administratif et sanitaire, comme celle de l&rsquo;eau, se sont r\u00e9v\u00e9l\u00e9es n\u00e9gatives. Les premi\u00e8res analyses faites sur les jeunes filles hospitalis\u00e9es n&rsquo;ont rien r\u00e9v\u00e9l\u00e9. Restent les analyses judiciaires qui seront beaucoup plus pouss\u00e9es<\/em>\u00ab\u00a0, a compl\u00e9t\u00e9 le magistrat.&nbsp;<em>\u00ab\u00a0La difficult\u00e9 est que l&rsquo;on ne sait pas ce que l&rsquo;on cherche et que nous devons donc faire une batterie d&rsquo;analyses\u00a0\u00bb<\/em>, a-t-il relev\u00e9.<\/p>\n","protected":false},"excerpt":{"rendered":"<p>Une quinzaine de coll\u00e9giens&nbsp;de&nbsp;Morez&nbsp;(Jura)&nbsp;ont \u00e9t\u00e9 victimes de malaises, jeudi 3 octobre, apr\u00e8s avoir particip\u00e9 \u00e0 un cross \u00e0 Morbier,&nbsp;dans le Jura. Cinq d&rsquo;entre eux ont d\u00fb \u00eatre hospitalis\u00e9s, dont deux en urgence absolue. Franceinfo fait le point sur cette affaire. Des jeunes coureurs&nbsp;pris de convulsions C&rsquo;est vers 15h30, jeudi, \u00e0 la fin d&rsquo;un cross organis\u00e9 [&hellip;]<\/p>\n","protected":false},"author":2,"featured_media":13343,"comment_status":"open","ping_status":"open","sticky":false,"template":"","format":"standard","meta":{"_jetpack_memberships_contains_paid_content":false,"footnotes":"","jetpack_publicize_message":"","jetpack_publicize_feature_enabled":true,"jetpack_social_post_already_shared":true,"jetpack_social_options":{"image_generator_settings":{"template":"highway","default_image_id":0,"font":"","enabled":false},"version":2},"_wpas_customize_per_network":false},"categories":[405],"tags":[],"class_list":["post-13342","post","type-post","status-publish","format-standard","has-post-thumbnail","hentry","category-actu-france-monde"],"jetpack_publicize_connections":[],"jetpack_featured_media_url":"https:\/\/i0.wp.com\/www.iceagetv.com\/radiosite\/wp-content\/uploads\/2019\/10\/intoxication-de-seize-coll%C3%A9giens-dans-le-Jura.jpg?fit=1198%2C450&ssl=1","jetpack_sharing_enabled":true,"_links":{"self":[{"href":"https:\/\/www.iceagetv.com\/radiosite\/wp-json\/wp\/v2\/posts\/13342","targetHints":{"allow":["GET"]}}],"collection":[{"href":"https:\/\/www.iceagetv.com\/radiosite\/wp-json\/wp\/v2\/posts"}],"about":[{"href":"https:\/\/www.iceagetv.com\/radiosite\/wp-json\/wp\/v2\/types\/post"}],"author":[{"embeddable":true,"href":"https:\/\/www.iceagetv.com\/radiosite\/wp-json\/wp\/v2\/users\/2"}],"replies":[{"embeddable":true,"href":"https:\/\/www.iceagetv.com\/radiosite\/wp-json\/wp\/v2\/comments?post=13342"}],"version-history":[{"count":1,"href":"https:\/\/www.iceagetv.com\/radiosite\/wp-json\/wp\/v2\/posts\/13342\/revisions"}],"predecessor-version":[{"id":13344,"href":"https:\/\/www.iceagetv.com\/radiosite\/wp-json\/wp\/v2\/posts\/13342\/revisions\/13344"}],"wp:featuredmedia":[{"embeddable":true,"href":"https:\/\/www.iceagetv.com\/radiosite\/wp-json\/wp\/v2\/media\/13343"}],"wp:attachment":[{"href":"https:\/\/www.iceagetv.com\/radiosite\/wp-json\/wp\/v2\/media?parent=13342"}],"wp:term":[{"taxonomy":"category","embeddable":true,"href":"https:\/\/www.iceagetv.com\/radiosite\/wp-json\/wp\/v2\/categories?post=13342"},{"taxonomy":"post_tag","embeddable":true,"href":"https:\/\/www.iceagetv.com\/radiosite\/wp-json\/wp\/v2\/tags?post=13342"}],"curies":[{"name":"wp","href":"https:\/\/api.w.org\/{rel}","templated":true}]}}