{"id":13357,"date":"2019-10-06T11:19:22","date_gmt":"2019-10-06T11:19:22","guid":{"rendered":"http:\/\/www.iceagetv.com\/radiosite\/?p=13357"},"modified":"2019-10-06T11:19:27","modified_gmt":"2019-10-06T11:19:27","slug":"attaque-a-la-prefecture-de-police-de-paris-evidemment-il-y-a-eu-des-failles-reconnait-christophe-castaner","status":"publish","type":"post","link":"https:\/\/www.iceagetv.com\/radiosite\/attaque-a-la-prefecture-de-police-de-paris-evidemment-il-y-a-eu-des-failles-reconnait-christophe-castaner\/","title":{"rendered":"Attaque \u00e0 la pr\u00e9fecture de police de Paris : \u00ab\u00a0Evidemment, il y a eu des failles\u00a0\u00bb, reconna\u00eet Christophe Castaner"},"content":{"rendered":"\n<p>Quelles suites apr\u00e8s&nbsp;<a href=\"https:\/\/www.francetvinfo.fr\/faits-divers\/police\/attaque-a-la-prefecture-de-police-de-paris\/\">l&rsquo;attaque meurtri\u00e8re \u00e0 la pr\u00e9fecture de police de Paris<\/a>&nbsp;? Alors que plusieurs membres de l&rsquo;opposition demandent la d\u00e9mission de Christophe Castaner, le ministre de l&rsquo;Int\u00e9rieur&nbsp;va \u00eatre auditionn\u00e9 par la d\u00e9l\u00e9gation parlementaire au renseignement, compos\u00e9e de quatre d\u00e9put\u00e9s et de quatre s\u00e9nateurs, a indiqu\u00e9 le s\u00e9nateur Christian Cambon \u00e0 franceinfo, confirmant une information de BFMTV. Avant cela, le \u00ab\u00a0premier flic de France\u00a0\u00bb, doit s&rsquo;exprimer sur TF1, ce dimanche 6 octobre, \u00e0 13 heures.<\/p>\n\n\n\n<p><strong>&nbsp;\u00ab\u00a0Un certain nombre de dysfonctionnements.\u00a0\u00bb<\/strong><em>&nbsp;\u00ab\u00a0On est en train de pr\u00e9ciser la date mais&nbsp;<\/em>[l&rsquo;audition de Christophe Castaner],<em>&nbsp;ce sera dans les heures ou les jours qui viennent. On est manifestement en pr\u00e9sence d\u2019un certain nombre de dysfonctionnements. On va l\u2019interroger sur les conditions d\u2019habilitation (secret-d\u00e9fense) des agents, sur la remont\u00e9e aux diff\u00e9rentes autorit\u00e9s des signes de radicalisation et sur la s\u00e9curit\u00e9 du service\u00a0\u00bb<\/em>, a indiqu\u00e9&nbsp;le s\u00e9nateur Christian Cambon \u00e0 franceinfo.<\/p>\n\n\n\n<p><strong>&nbsp;\u00ab\u00a0Le ministre de l\u2019Int\u00e9rieur a menti, il doit d\u00e9missionner.\u00a0\u00bb<\/strong>&nbsp;Christophe Castaner&nbsp;<em>\u00ab\u00a0ne pouvait pas ne pas \u00eatre au courant\u00a0\u00bb<\/em>&nbsp;d&rsquo;un signalement effectu\u00e9 au sujet de Micka\u00ebl Harpon, d&rsquo;apr\u00e8s le&nbsp;d\u00e9put\u00e9 LR du Vaucluse&nbsp;Julien Aubert,&nbsp;candidat \u00e0 la pr\u00e9sidence des R\u00e9publicains. Il souligne que Laurent Nunez (actuel secr\u00e9taire d&rsquo;Etat aupr\u00e8s du ministre de l&rsquo;Int\u00e9rieur) \u00e9tait en 2015 directeur de cabinet du pr\u00e9fet de police de Paris.<\/p>\n\n\n\n<p><strong>\u00a0Philippe soutient Castaner.<\/strong>\u00a0Malgr\u00e9 les critiques, le Premier ministre a r\u00e9affirm\u00e9 son soutien au ministre de l&rsquo;Int\u00e9rieur, dans un article du\u00a0<em>JDD<\/em>\u00a0paru dimanche 6 octobre.\u00a0<br><em>Cet homme ne s&rsquo;est pas cach\u00e9 d&rsquo;\u00eatre devenu musulman. Mais ce n&rsquo;est pas parce qu&rsquo;on est musulman qu&rsquo;on est terroriste (&#8230;) Ces derni\u00e8res semaines, il embrassait encore les femmes.\u00a0\u00bb<\/em><br><em>S&rsquo;il y a eu des fautes, il faudra les corriger. S&rsquo;il y a eu des erreurs, il faudra les sanctionner.\u00a0\u00bb<\/em><br><em>Avant de chercher des sanctions, il faut comprendre. Apr\u00e8s les r\u00e9v\u00e9lations dans la presse et les affirmations du procureur, j&rsquo;ai demand\u00e9 des explications. Ce qui m&rsquo;est remont\u00e9, c&rsquo;est que rien dans son dossier ne laissait para\u00eetre cela mais que deux coll\u00e8gues de travail ont fait remonter en 2015 une altercation li\u00e9e \u00e0 l&rsquo;attentat de Charlie Hebdo (&#8230;) Ces coll\u00e8gues ont d\u00e9cid\u00e9 de ne pas faire de signalement administratif.\u00a0\u00bb<\/em><\/p>\n\n\n\n<p><em>Christophe Castaner a dit ce qu&rsquo;il savait au moment o\u00f9 il le savait.\u00a0\u00bb<\/em><\/p>\n\n\n\n<p>Sur franceinfo, l&rsquo;ancienne ministre d\u00e9fend son ancien coll\u00e8gue, en difficult\u00e9 apr\u00e8s l&rsquo;attentat de la pr\u00e9fecture de police.\n\n<\/p>\n","protected":false},"excerpt":{"rendered":"<p>Quelles suites apr\u00e8s&nbsp;l&rsquo;attaque meurtri\u00e8re \u00e0 la pr\u00e9fecture de police de Paris&nbsp;? Alors que plusieurs membres de l&rsquo;opposition demandent la d\u00e9mission de Christophe Castaner, le ministre de l&rsquo;Int\u00e9rieur&nbsp;va \u00eatre auditionn\u00e9 par la d\u00e9l\u00e9gation parlementaire au renseignement, compos\u00e9e de quatre d\u00e9put\u00e9s et de quatre s\u00e9nateurs, a indiqu\u00e9 le s\u00e9nateur Christian Cambon \u00e0 franceinfo, confirmant une information de [&hellip;]<\/p>\n","protected":false},"author":2,"featured_media":13358,"comment_status":"open","ping_status":"open","sticky":false,"template":"","format":"standard","meta":{"_jetpack_memberships_contains_paid_content":false,"footnotes":"","jetpack_publicize_message":"","jetpack_publicize_feature_enabled":true,"jetpack_social_post_already_shared":true,"jetpack_social_options":{"image_generator_settings":{"template":"highway","default_image_id":0,"font":"","enabled":false},"version":2},"_wpas_customize_per_network":false},"categories":[405],"tags":[],"class_list":["post-13357","post","type-post","status-publish","format-standard","has-post-thumbnail","hentry","category-actu-france-monde"],"jetpack_publicize_connections":[],"jetpack_featured_media_url":"https:\/\/i0.wp.com\/www.iceagetv.com\/radiosite\/wp-content\/uploads\/2019\/10\/Attaque-%C3%A0-la-pr%C3%A9fecture-de-police-de-Paris-2.jpg?fit=768%2C433&ssl=1","jetpack_sharing_enabled":true,"_links":{"self":[{"href":"https:\/\/www.iceagetv.com\/radiosite\/wp-json\/wp\/v2\/posts\/13357","targetHints":{"allow":["GET"]}}],"collection":[{"href":"https:\/\/www.iceagetv.com\/radiosite\/wp-json\/wp\/v2\/posts"}],"about":[{"href":"https:\/\/www.iceagetv.com\/radiosite\/wp-json\/wp\/v2\/types\/post"}],"author":[{"embeddable":true,"href":"https:\/\/www.iceagetv.com\/radiosite\/wp-json\/wp\/v2\/users\/2"}],"replies":[{"embeddable":true,"href":"https:\/\/www.iceagetv.com\/radiosite\/wp-json\/wp\/v2\/comments?post=13357"}],"version-history":[{"count":1,"href":"https:\/\/www.iceagetv.com\/radiosite\/wp-json\/wp\/v2\/posts\/13357\/revisions"}],"predecessor-version":[{"id":13359,"href":"https:\/\/www.iceagetv.com\/radiosite\/wp-json\/wp\/v2\/posts\/13357\/revisions\/13359"}],"wp:featuredmedia":[{"embeddable":true,"href":"https:\/\/www.iceagetv.com\/radiosite\/wp-json\/wp\/v2\/media\/13358"}],"wp:attachment":[{"href":"https:\/\/www.iceagetv.com\/radiosite\/wp-json\/wp\/v2\/media?parent=13357"}],"wp:term":[{"taxonomy":"category","embeddable":true,"href":"https:\/\/www.iceagetv.com\/radiosite\/wp-json\/wp\/v2\/categories?post=13357"},{"taxonomy":"post_tag","embeddable":true,"href":"https:\/\/www.iceagetv.com\/radiosite\/wp-json\/wp\/v2\/tags?post=13357"}],"curies":[{"name":"wp","href":"https:\/\/api.w.org\/{rel}","templated":true}]}}