{"id":13378,"date":"2019-10-09T11:36:41","date_gmt":"2019-10-09T11:36:41","guid":{"rendered":"http:\/\/www.iceagetv.com\/radiosite\/?p=13378"},"modified":"2019-10-09T11:36:46","modified_gmt":"2019-10-09T11:36:46","slug":"nucleaire-lepr-de-flamanville-coutera-au-moins-124-milliards-deuros","status":"publish","type":"post","link":"https:\/\/www.iceagetv.com\/radiosite\/nucleaire-lepr-de-flamanville-coutera-au-moins-124-milliards-deuros\/","title":{"rendered":"Nucl\u00e9aire : l\u2019EPR de Flamanville co\u00fbtera au moins 12,4 milliards d\u2019euros"},"content":{"rendered":"\n<p>Le groupe EDF va-t-il un jour se sortir de la mal\u00e9diction de Flamanville&nbsp;? Mercredi 9&nbsp;octobre, il a annonc\u00e9 par communiqu\u00e9 que les travaux sur les soudures d\u00e9fectueuses allaient occasionner de nouveaux surco\u00fbts&nbsp;:1,5&nbsp;milliard d\u2019euros suppl\u00e9mentaires, ce qui porte \u00e0 plus de 12,4&nbsp;milliards le budget total du projet. Amorc\u00e9e en&nbsp;2007, la construction du r\u00e9acteur EPR de Flamanville, dans la Manche, devait initialement \u00eatre connect\u00e9 au r\u00e9seau \u00e9lectrique en&nbsp;2012, et co\u00fbter environ 3,5&nbsp;milliards d\u2019euros. En pratique, il ne d\u00e9marrera pas avant 2023 \u2013&nbsp;au plus t\u00f4t.<\/p>\n\n\n\n<p>L\u2019origine de ce nouveau retard est identifi\u00e9e depuis plus d\u2019un an\u00a0: en avril\u00a02018, l\u2019\u00e9lectricien a annonc\u00e9 que plusieurs d\u00e9fauts avaient \u00e9t\u00e9 rep\u00e9r\u00e9s sur une soixantaine de soudures. Plusieurs mois plus tard, il est apparu que, parmi les soudures concern\u00e9es, huit d\u2019entre elles \u00e9taient situ\u00e9es \u00e0 un endroit crucial\u00a0: elles traversent la double enceinte en b\u00e9ton du b\u00e2timent r\u00e9acteur.<\/p>\n\n\n\n<p>Pendant plusieurs mois, au d\u00e9but de l\u2019ann\u00e9e 2019, la soci\u00e9t\u00e9 a tent\u00e9 de convaincre l\u2019Autorit\u00e9 de s\u00fbret\u00e9 nucl\u00e9aire (ASN) qu\u2019elle pouvait s\u2019abstenir de refaire ces soudures non conformes et conserver peu ou prou son calendrier de d\u00e9marrage du r\u00e9acteur. Mais l\u2019ASN a jug\u00e9, au printemps, qu\u2019elles ne correspondaient pas au cahier des charges pr\u00e9sent\u00e9 par EDF \u00e0 l\u2019origine et a demand\u00e9 \u00e0 l\u2019\u00e9lectricien de les reprendre enti\u00e8rement.<\/p>\n\n\n\n<h2 class=\"wp-block-heading\">Robots contr\u00f4l\u00e9s \u00e0 distance<\/h2>\n\n\n\n<p>Le pr\u00e9sident de l\u2019ASN, Bernard Doroszczuk, entendu par les parlementaires sur ce dossier au mois de juillet, avait d\u00e9plor\u00e9 l\u2019attitude du groupe public, estimant qu\u2019il avait cherch\u00e9 \u00e0&nbsp;<em>\u00ab&nbsp;se justifier techniquement&nbsp;<\/em>(\u2026)<em>&nbsp;plut\u00f4t que de r\u00e9aliser la r\u00e9paration de ces \u00e9quipements&nbsp;\u00bb.&nbsp;<\/em>A l\u2019inverse, au sein de l\u2019entreprise, si on affirme respecter les d\u00e9cisions du gendarme du nucl\u00e9aire, on ne cache pas son agacement.&nbsp;<em>\u00ab&nbsp;Elle ne g\u00e8re plus la s\u00fbret\u00e9, elle g\u00e8re des proc\u00e9dures&nbsp;\u00bb<\/em>, pestait, il y a peu, un cadre dirigeant exc\u00e9d\u00e9.<\/p>\n\n\n\n<p>Pour r\u00e9parer les soudures concern\u00e9es, EDF a retenu un sc\u00e9nario qui s\u2019appuie sur l\u2019utilisation de&nbsp;<a href=\"https:\/\/www.youtube.com\/watch?v=LuFnNdVxWJE&amp;__csrf_token=tkn5d9c9921a2d99-5d9c9921a2dd6\">robots op\u00e9r\u00e9s \u00e0 distance<\/a>. Une technologie d\u00e9j\u00e0 utilis\u00e9e sur le parc nucl\u00e9aire existant, mais que l\u2019ASN doit valider pour cette proc\u00e9dure nouvelle. Une d\u00e9cision qui ne devrait pas intervenir avant l\u2019automne 2020. C\u2019est uniquement \u00e0 cette date que l\u2019entreprise pourra engager les travaux. L\u2019utilisation de cette technologie permettrait de ne pas d\u00e9truire le b\u00e9ton qui entoure les conduites concern\u00e9es.<\/p>\n\n\n\n<p>Si le \u00ab&nbsp;gendarme&nbsp;\u00bb du nucl\u00e9aire ne validait pas l\u2019utilisation des robots, la soci\u00e9t\u00e9 pr\u00e9voit un plan&nbsp;B, qui conduirait \u00e0 un surco\u00fbt de 400&nbsp;millions d\u2019euros et \u00e0 un retard suppl\u00e9mentaire d\u2019un&nbsp;an. Une strat\u00e9gie valid\u00e9e mardi par le conseil d\u2019administration de la soci\u00e9t\u00e9, qui a approuv\u00e9 la poursuite du chantier.<\/p>\n\n\n\n<p>Ce dossier des soudures n\u2019est pas la premi\u00e8re difficult\u00e9 technique \u00e0 laquelle est confront\u00e9e la construction de l\u2019EPR de Flamanville. Des anomalies ont ainsi \u00e9t\u00e9 d\u00e9couvertes en&nbsp;2014 sur la composition de l\u2019acier du fond et du couvercle de la cuve. A la demande de l\u2019ASN, celui-ci devra \u00eatre remplac\u00e9, avant la fin 2024 \u2013 soit peu de temps apr\u00e8s la date esp\u00e9r\u00e9e de mise en service du r\u00e9acteur.<\/p>\n\n\n\n<p>Plus r\u00e9cemment, d\u00e9but septembre, l\u2019entreprise publique a annonc\u00e9 des d\u00e9fauts de fabrication&nbsp;<em>\u00ab&nbsp;sur certaines soudures de g\u00e9n\u00e9rateurs de vapeur&nbsp;\u00bb<\/em>, des composants cruciaux des centrales, lors de leur fabrication. Les quatre g\u00e9n\u00e9rateurs du r\u00e9acteur EPR sont concern\u00e9s \u2013&nbsp;l\u2019ASN n\u2019a pas encore rendu son verdict sur d\u2019\u00e9ventuels travaux suppl\u00e9mentaires.Lire notre \u00e9ditorial :&nbsp;<a href=\"https:\/\/www.lemonde.fr\/idees\/article\/2019\/06\/21\/nucleaire-le-prix-de-la-confiance_5479572_3232.html\">Nucl\u00e9aire&nbsp;: le prix de la confiance<\/a><\/p>\n\n\n\n<h2 class=\"wp-block-heading\">L\u2019avenir de la fili\u00e8re nucl\u00e9aire compromis<\/h2>\n\n\n\n<p>Ce nouveau retard n\u2019a pas pour seule cons\u00e9quence de repousser le d\u00e9marrage de l\u2019EPR de Flamanville&nbsp;: il complique l\u2019avenir de la fili\u00e8re nucl\u00e9aire fran\u00e7aise dans son ensemble. L\u2019\u00e9lectricien doit pr\u00e9senter au pr\u00e9sident de la R\u00e9publique \u00e0 la mi-2021 un dossier complet pour la construction de nouveaux r\u00e9acteurs de troisi\u00e8me g\u00e9n\u00e9ration en France.<\/p>\n\n\n\n<p>Mais cette \u00e9ch\u00e9ance semble de moins en moins r\u00e9aliste. Elle avait justement \u00e9t\u00e9 fix\u00e9e pour que ce chantier soit lanc\u00e9 apr\u00e8s le d\u00e9marrage de la nouvelle centrale. Or le gouvernement ne souhaite pas s\u2019engager plus loin tant que le r\u00e9acteur de Flamanville n\u2019a pas d\u00e9marr\u00e9. Ce retard repousse dans les faits toute d\u00e9cision \u00e0 l\u2019apr\u00e8s-pr\u00e9sidentielle de 2022. Et risque de compliquer la t\u00e2che de la fili\u00e8re&nbsp;: quel candidat souhaitera porter dans son programme la construction de nouveaux r\u00e9acteurs, si Flamanville est encore loin de d\u00e9marrer&nbsp;?<\/p>\n\n\n\n<p>Le groupe public doit par ailleurs r\u00e9pondre \u00e0 une autre demande de l\u2019ex\u00e9cutif&nbsp;: Bruno Le Maire, a demand\u00e9 en juillet un rapport \u00e0 l\u2019ancien pr\u00e9sident de PSA, Jean-Martin Folz, pour faire la lumi\u00e8re sur Flamanville, qui doit \u00eatre rendu fin octobre. Le ministre de l\u2019\u00e9conomie, le soutien le plus actif du nucl\u00e9aire au sein du gouvernement, n\u2019a pas m\u00e2ch\u00e9 ses mots, fin septembre, estimant que&nbsp;<em>\u00ab&nbsp;toutes ces d\u00e9rives sont inacceptables&nbsp;\u00bb<\/em>&nbsp;et que EDF ne doit pas se comporter en<em>&nbsp;\u00ab&nbsp;Etat dans l\u2019Etat&nbsp;\u00bb<\/em>.&nbsp;<em>\u00ab&nbsp;Il a le sentiment qu\u2019on ne lui dit pas la v\u00e9rit\u00e9 sur ce dossier, il est exasp\u00e9r\u00e9&nbsp;\u00bb<\/em>, d\u00e9crypte-t-on dans son entourage.<\/p>\n\n\n\n<p>Ces difficult\u00e9s interviennent alors que<a href=\"https:\/\/www.lemonde.fr\/economie\/article\/2019\/09\/25\/surcout-de-5-milliards-d-euros-et-retards-pour-l-epr-construit-au-royaume-uni_6012978_3234.html\">&nbsp;l\u2019\u00e9lectricien a \u00e9galement annonc\u00e9 un surco\u00fbt de 3,3&nbsp;milliards d\u2019euros pour les deux r\u00e9acteurs EPR qu\u2019il construit sur le site de Hinkley Point C&nbsp;<\/a>au Royaume-Uni. A ce jour, seules les deux r\u00e9acteurs de troisi\u00e8me g\u00e9n\u00e9ration de Ta\u00efshan, en Chine, ont \u00e9t\u00e9 mises en service.<\/p>\n","protected":false},"excerpt":{"rendered":"<p>Le groupe EDF va-t-il un jour se sortir de la mal\u00e9diction de Flamanville&nbsp;? Mercredi 9&nbsp;octobre, il a annonc\u00e9 par communiqu\u00e9 que les travaux sur les soudures d\u00e9fectueuses allaient occasionner de nouveaux surco\u00fbts&nbsp;:1,5&nbsp;milliard d\u2019euros suppl\u00e9mentaires, ce qui porte \u00e0 plus de 12,4&nbsp;milliards le budget total du projet. Amorc\u00e9e en&nbsp;2007, la construction du r\u00e9acteur EPR de Flamanville, [&hellip;]<\/p>\n","protected":false},"author":2,"featured_media":13379,"comment_status":"open","ping_status":"open","sticky":false,"template":"","format":"standard","meta":{"_jetpack_memberships_contains_paid_content":false,"footnotes":"","jetpack_publicize_message":"","jetpack_publicize_feature_enabled":true,"jetpack_social_post_already_shared":true,"jetpack_social_options":{"image_generator_settings":{"template":"highway","default_image_id":0,"font":"","enabled":false},"version":2},"_wpas_customize_per_network":false},"categories":[405],"tags":[],"class_list":["post-13378","post","type-post","status-publish","format-standard","has-post-thumbnail","hentry","category-actu-france-monde"],"jetpack_publicize_connections":[],"jetpack_featured_media_url":"https:\/\/i0.wp.com\/www.iceagetv.com\/radiosite\/wp-content\/uploads\/2019\/10\/l%E2%80%99EPR-de-Flamanville.jpg?fit=688%2C459&ssl=1","jetpack_sharing_enabled":true,"_links":{"self":[{"href":"https:\/\/www.iceagetv.com\/radiosite\/wp-json\/wp\/v2\/posts\/13378","targetHints":{"allow":["GET"]}}],"collection":[{"href":"https:\/\/www.iceagetv.com\/radiosite\/wp-json\/wp\/v2\/posts"}],"about":[{"href":"https:\/\/www.iceagetv.com\/radiosite\/wp-json\/wp\/v2\/types\/post"}],"author":[{"embeddable":true,"href":"https:\/\/www.iceagetv.com\/radiosite\/wp-json\/wp\/v2\/users\/2"}],"replies":[{"embeddable":true,"href":"https:\/\/www.iceagetv.com\/radiosite\/wp-json\/wp\/v2\/comments?post=13378"}],"version-history":[{"count":1,"href":"https:\/\/www.iceagetv.com\/radiosite\/wp-json\/wp\/v2\/posts\/13378\/revisions"}],"predecessor-version":[{"id":13380,"href":"https:\/\/www.iceagetv.com\/radiosite\/wp-json\/wp\/v2\/posts\/13378\/revisions\/13380"}],"wp:featuredmedia":[{"embeddable":true,"href":"https:\/\/www.iceagetv.com\/radiosite\/wp-json\/wp\/v2\/media\/13379"}],"wp:attachment":[{"href":"https:\/\/www.iceagetv.com\/radiosite\/wp-json\/wp\/v2\/media?parent=13378"}],"wp:term":[{"taxonomy":"category","embeddable":true,"href":"https:\/\/www.iceagetv.com\/radiosite\/wp-json\/wp\/v2\/categories?post=13378"},{"taxonomy":"post_tag","embeddable":true,"href":"https:\/\/www.iceagetv.com\/radiosite\/wp-json\/wp\/v2\/tags?post=13378"}],"curies":[{"name":"wp","href":"https:\/\/api.w.org\/{rel}","templated":true}]}}